{"id":10111,"date":"2019-08-28T14:08:56","date_gmt":"2019-08-28T17:08:56","guid":{"rendered":"https:\/\/www.amazoniasocioambiental.org\/radar\/incendios-en-amazonia-a-ecuador-tambien-han-llegado-monoxido-de-carbono-y-aerosoles\/"},"modified":"2019-08-28T14:13:25","modified_gmt":"2019-08-28T17:13:25","slug":"incendios-en-amazonia-a-ecuador-tambien-han-llegado-monoxido-de-carbono-y-aerosoles","status":"publish","type":"post","link":"https:\/\/www.raisg.org\/en\/radar\/incendios-en-amazonia-a-ecuador-tambien-han-llegado-monoxido-de-carbono-y-aerosoles\/","title":{"rendered":"Incendios en Amazon\u00eda: a Ecuador tambi\u00e9n han llegado mon\u00f3xido de carbono y aerosoles"},"content":{"rendered":"<p><img fetchpriority=\"high\" decoding=\"async\" class=\"\" src=\"https:\/\/www.eluniverso.com\/sites\/default\/files\/styles\/powgallery_1024\/public\/fotos\/2019\/08\/-_correction-brazil-environment-amazon_32214952.jpg?itok=8C51EOT1\" alt=\"ecolog\u00c3\u00ada contaminaci\u00c3\u00b3n incendio Amazon\u00c3\u00ada Brasil 21 ago 19 AFP\" width=\"884\" height=\"475\" \/><br \/>\nVista del humo generado por lo incendios en la Amazon\u00eda brasilera, en esta imagen proporcionada por la NASA el 21 de agosto de 2019. AFP<\/p>\n<p style=\"text-align: right;\">Publicado en El Univesro<br \/>\nEcolog\u00eda<br \/>\n22 de agosto de 2019<br \/>\nEcuador<\/p>\n<p>&nbsp;<\/p>\n<p>Adem\u00e1s del da\u00f1o ambiental, los pueblos originarios afectados y los animales muertos, los incendios que se registran en la\u00a0Amazon\u00eda\u00a0brasile\u00f1a han dejado tambi\u00e9n una estela de contaminaci\u00f3n que ha sobrepasado las fronteras y llegado a otros pa\u00edses de la regi\u00f3n.<\/p>\n<p>Una nube de mon\u00f3xido de carbono &#8220;cruz\u00f3 transversalmente Am\u00e9rica Latina de lado a lado dejando rastros tambi\u00e9n en\u00a0Ecuador, Colombia, Panam\u00e1 y Venezuela&#8221;, seg\u00fan datos del\u00a0Servicio europeo de Monitoreo de la Atm\u00f3sfera Copernicus (CAMS), citados por<em>\u00a0BBC Mundo<\/em>.<\/p>\n<div id=\"boletineseudfp\"><\/div>\n<p>&#8220;Este gas tiene una vida de aproximadamente un mes&#8221;, a\u00f1ade la publicaci\u00f3n.<\/p>\n<p><img decoding=\"async\" class=\"\" src=\"https:\/\/ichef.bbci.co.uk\/news\/624\/cpsprodpb\/602C\/production\/_108402642_mapas-emiones-amazonas-nc.png\" alt=\"\" width=\"509\" height=\"642\" \/><\/p>\n<p>Adem\u00e1s, en el humo se registran aerosoles. &#8220;Son\u00a0part\u00edculas l\u00edquidas o s\u00f3lidas suspendidas en la atm\u00f3sfera, como polvo, cenizas volc\u00e1nicas y humo, que afectan la calidad del aire y el clima&#8221;, explica\u00a0<em>BBC Mundo.<\/em><\/p>\n<p>Esto puede provocar problemas sobre todo a personas con enfermedades respiratorias, al tr\u00e1fico a\u00e9reo o a las ciudades en general, como sucedi\u00f3 esta semana en la brasile\u00f1a\u00a0Sao Paulo, donde la noche &#8216;lleg\u00f3&#8217; dos horas antes de lo previsto.<\/p>\n<p>No es inusual ver incendios en\u00a0Brasil\u00a0en esta \u00e9poca del a\u00f1o debido a las altas temperaturas y la baja humedad. El tiempo dir\u00e1 si este a\u00f1o se alcanza un r\u00e9cord o solo se sit\u00faa dentro de los l\u00edmites normales, inform\u00f3\u00a0la NASA, en informaci\u00f3n recogida por\u00a0<em>Europa Press<\/em>.<\/p>\n<p>&#8220;La ola de incendios comenz\u00f3 hace dos semanas en Bolivia, pero los focos se han ido extendiendo hacia el interior de Brasil e incluso Per\u00fa. La superficie quemada se cuenta por cientos de miles de hect\u00e1reas&#8221;, a\u00f1adi\u00f3.\u00a0(I)<\/p>\n<p>&nbsp;<\/p>\n<p>Tomado de: <a href=\"https:\/\/www.eluniverso.com\/noticias\/2019\/08\/22\/nota\/7482705\/incendios-amazonia-ecuador-tambien-ha-llegado-monoxido-carbono\">https:\/\/www.eluniverso.com\/noticias\/2019\/08\/22\/nota\/7482705\/incendios-amazonia-ecuador-tambien-ha-llegado-monoxido-carbono<\/a><\/p>\n","protected":false},"excerpt":{"rendered":"<p>Vista del humo generado por lo incendios en la Amazon\u00eda brasilera, en esta imagen proporcionada por la NASA el 21 de agosto de 2019. AFP Publicado en El Univesro Ecolog\u00eda 22 de agosto de 2019 Ecuador &nbsp; Adem\u00e1s del da\u00f1o ambiental, los pueblos originarios afectados y los animales muertos, los incendios que se registran en&hellip;<\/p>\n","protected":false},"author":327,"featured_media":0,"comment_status":"open","ping_status":"open","sticky":false,"template":"","format":"standard","meta":{"_acf_changed":false,"footnotes":""},"categories":[3],"tags":[],"class_list":["post-10111","post","type-post","status-publish","format-standard","hentry","category-radar","category-3","description-off"],"acf":[],"_links":{"self":[{"href":"https:\/\/www.raisg.org\/en\/wp-json\/wp\/v2\/posts\/10111","targetHints":{"allow":["GET"]}}],"collection":[{"href":"https:\/\/www.raisg.org\/en\/wp-json\/wp\/v2\/posts"}],"about":[{"href":"https:\/\/www.raisg.org\/en\/wp-json\/wp\/v2\/types\/post"}],"author":[{"embeddable":true,"href":"https:\/\/www.raisg.org\/en\/wp-json\/wp\/v2\/users\/327"}],"replies":[{"embeddable":true,"href":"https:\/\/www.raisg.org\/en\/wp-json\/wp\/v2\/comments?post=10111"}],"version-history":[{"count":4,"href":"https:\/\/www.raisg.org\/en\/wp-json\/wp\/v2\/posts\/10111\/revisions"}],"predecessor-version":[{"id":10124,"href":"https:\/\/www.raisg.org\/en\/wp-json\/wp\/v2\/posts\/10111\/revisions\/10124"}],"wp:attachment":[{"href":"https:\/\/www.raisg.org\/en\/wp-json\/wp\/v2\/media?parent=10111"}],"wp:term":[{"taxonomy":"category","embeddable":true,"href":"https:\/\/www.raisg.org\/en\/wp-json\/wp\/v2\/categories?post=10111"},{"taxonomy":"post_tag","embeddable":true,"href":"https:\/\/www.raisg.org\/en\/wp-json\/wp\/v2\/tags?post=10111"}],"curies":[{"name":"wp","href":"https:\/\/api.w.org\/{rel}","templated":true}]}}