{"id":10603,"date":"2019-08-27T17:36:44","date_gmt":"2019-08-27T20:36:44","guid":{"rendered":"https:\/\/www.amazoniasocioambiental.org\/?p=10603"},"modified":"2019-09-10T19:13:29","modified_gmt":"2019-09-10T22:13:29","slug":"greenpeace-las-dramaticas-imagenes-de-incendios-en-la-amazonia","status":"publish","type":"post","link":"https:\/\/www.raisg.org\/en\/radar\/greenpeace-las-dramaticas-imagenes-de-incendios-en-la-amazonia\/","title":{"rendered":"Greenpeace: las dram\u00e1ticas im\u00e1genes de incendios en la Amazon\u00eda"},"content":{"rendered":"<div class=\"bulletpoints\">\n<ul>\n<li><em>Las fotograf\u00edas exponen tierras agr\u00edcolas, pastos y bosques en llamas en los estados de Rondonia, Mato Grosso y Par\u00e1, en Brasil.<\/em><\/li>\n<li><em>Seg\u00fan Greenpeace, una cuarta parte de los puntos cr\u00edticos registrados la semana pasada correspond\u00edan a zonas de conservaci\u00f3n o a territorios ind\u00edgenas reconocidos oficialmente.<\/em><\/li>\n<\/ul>\n<\/div>\n<p style=\"text-align: right;\">Mongabay<\/p>\n<p style=\"text-align: right;\">Rehtt A. Butler<\/p>\n<p style=\"text-align: right;\">27 de Agosto de 2019<\/p>\n<p>&nbsp;<\/p>\n<p>El 25 de agosto\u00a0<a href=\"https:\/\/www.greenpeace.org\/brasil\/\" target=\"_blank\" rel=\"noopener noreferrer external\" data-wpel-link=\"external\">Greenpeace Brasil<\/a>\u00a0public\u00f3 unas fotograf\u00edas dram\u00e1ticas de los incendios de la\u00a0<a href=\"https:\/\/rainforests.mongabay.com\/\" target=\"_blank\" rel=\"noopener noreferrer external\" data-wpel-link=\"external\">selva tropical<\/a>\u00a0que actualmente est\u00e1n ardiendo en la Amazon\u00eda brasile\u00f1a.<\/p>\n<p>Las im\u00e1genes muestran tierras agr\u00edcolas, pastos y bosques en los estados de Rondonia, Mato Grosso y Par\u00e1 en llamas. Algunos de los incendios parecen estar quemando selvas con una estructura de cubierta bien desarrollada, lo que sugiere que las selvas densas en carbono y diversidad biol\u00f3gica se est\u00e1n viendo impactadas directamente por los incendios.<\/p>\n<p><iframe title=\"Greenpeace: las dram\u00e1ticas im\u00e1genes de incendios en la Amazon\u00eda\" width=\"1200\" height=\"900\" src=\"https:\/\/www.youtube.com\/embed\/iVhZcFLqhkw?feature=oembed\" frameborder=\"0\" allow=\"accelerometer; autoplay; encrypted-media; gyroscope; picture-in-picture\" allowfullscreen><\/iframe><\/p>\n<p>El grupo culpabiliz\u00f3 directamente a las pol\u00edticas del presidente Jair Bolsonaro, quien ha criticado abiertamente los esfuerzos de conservaci\u00f3n en el Amazonas, a la vez que ha animado a los ganaderos, agricultores, le\u00f1adores y mineros a despejar los bosques.<\/p>\n<p>\u201cEs urgente y necesario poner punto final a este c\u00edrculo vicioso mientras todav\u00eda estamos a tiempo\u201d, dijo en un comunicado Danicley Aguiar, Defensor del Amazonas de Greenpeace Brasil. \u201cDurante un sobrevuelo el 23 de agosto pudimos ver las consecuencias de la agenda antiambiental del gobierno de Bolsonaro: amplias zonas deforestadas, rodeadas de humo, muestran el avance de la agricultura industrial en la selva. A diferencia de lo que afirma el gobierno de Bolsonaro, la ola de incendios que arrasa el Amazonas est\u00e1 vinculada a un aumento en la deforestaci\u00f3n en la regi\u00f3n\u201d.<\/p>\n<p><img fetchpriority=\"high\" decoding=\"async\" class=\"aligncenter wp-image-10608 size-full\" src=\"https:\/\/www.raisg.org\/wp-content\/uploads\/2019\/08\/deter_cumulate_monthly_july-768x512.jpg\" alt=\"\" width=\"768\" height=\"512\" srcset=\"https:\/\/www.raisg.org\/wp-content\/uploads\/2019\/08\/deter_cumulate_monthly_july-768x512.jpg 768w, https:\/\/www.raisg.org\/wp-content\/uploads\/2019\/08\/deter_cumulate_monthly_july-768x512-300x200.jpg 300w, https:\/\/www.raisg.org\/wp-content\/uploads\/2019\/08\/deter_cumulate_monthly_july-768x512-500x333.jpg 500w\" sizes=\"(max-width: 768px) 100vw, 768px\" \/><\/p>\n<p>Los datos del gobierno brasile\u00f1o muestran que la deforestaci\u00f3n en el Amazonas ha aumentado un 57 % hasta finales de julio. La tala de bosques se dispar\u00f3 en julio cuando se talaron m\u00e1s de 2092 kil\u00f3metros cuadrados \u2014un \u00e1rea 35 veces mayor que Manhattan\u2014. Ese fue el mes con la mayor deforestaci\u00f3n en m\u00e1s de 12 a\u00f1os.<\/p>\n<p>Despu\u00e9s de que se publicase esa informaci\u00f3n,\u00a0<a href=\"https:\/\/news.mongabay.com\/2019\/08\/future-of-amazon-deforestation-data-in-doubt-as-research-head-sacked\/\" target=\"_blank\" rel=\"noopener noreferrer external\" data-wpel-link=\"external\">Bolsonaro despidi\u00f3 al jefe de la agencia espacial de Brasil INPE<\/a>\u00a0y exigi\u00f3 el derecho a \u201crevisar\u201d los datos de deforestaci\u00f3n antes de que se publicasen, lo que hizo temer que su administraci\u00f3n pudiese manipular los datos. Desde entonces, el INPE no ha vuelto a publicar datos de la deforestaci\u00f3n.<\/p>\n<p>La creciente deforestaci\u00f3n combinada con el\u00a0<a href=\"https:\/\/news.mongabay.com\/2019\/08\/amazon-rainforest-fires-leave-sao-paulo-in-the-dark\/\" target=\"_blank\" rel=\"noopener noreferrer external\" data-wpel-link=\"external\">humo de los incendios<\/a>\u00a0ha provocado la indignaci\u00f3n mundial, incluidas\u00a0<a href=\"https:\/\/news.mongabay.com\/2019\/08\/amazon-fires-trigger-protests-worldwide\/\" target=\"_blank\" rel=\"noopener noreferrer external\" data-wpel-link=\"external\">manifestaciones en la calle,\u00a0<\/a>,\u00a0<a href=\"https:\/\/twitter.com\/search?q=%23boycottbrazil\" target=\"_blank\" rel=\"noopener noreferrer external\" data-wpel-link=\"external\">llamadas al boicot de las empresas y productos brasile\u00f1os<\/a>, y la condena de los l\u00edderes mundiales. La\u00a0<a href=\"https:\/\/news.mongabay.com\/2019\/08\/norway-freezes-support-for-amazon-fund-eu-brazil-trade-deal-at-risk\/\" target=\"_blank\" rel=\"noopener noreferrer external\" data-wpel-link=\"external\">U.E. ha amenazado con cancelar un importante acuerdo comercial<\/a>\u00a0por esta cuesti\u00f3n.<\/p>\n<p>La presi\u00f3n sobre Bolsonaro parece aumentar. A finales de la semana del 12 de agosto se retract\u00f3 de algunas de sus afirmaciones m\u00e1s salvajes e inflamatorias \u2014que los ONG estaban iniciando los incendios para dejarle mal\u2014 y moviliz\u00f3 a miles de soldados para combatir los incendios. Pero todav\u00eda no ha anunciado ninguna de las medidas pol\u00edticas que ser\u00edan necesarias para abordar el problema a largo plazo. Eso llev\u00f3 a Greenpeace a explotar contra el presidente.<\/p>\n<p>\u201cLos incendios que est\u00e1n devastando el Amazonas tambi\u00e9n est\u00e1n destruyendo la imagen de Brasil internacionalmente\u201d, dijo en un comunicado M\u00e1rcio Astrini, Coordinador de Pol\u00edtica P\u00fablica de Greenpeace Brasil. \u201cIncluso los sectores de la agroindustria ya est\u00e1n admitiendo que las pol\u00edticas antiambientales del gobierno pueden traer un da\u00f1o econ\u00f3mico. Mientras tanto, Bolsonaro no est\u00e1 anunciando ninguna medida concreta para luchar contra la deforestaci\u00f3n. Parece m\u00e1s preocupado con salvarse as\u00ed mismo que salvar la selva\u201d.<\/p>\n<p>\u201cLa selva tiene su l\u00edmite y nos estamos acercando a \u00e9l peligrosamente. Adem\u00e1s, la deforestaci\u00f3n solo da\u00f1a la econom\u00eda de Brasil, el clima del planeta y pone en peligro la fauna silvestre y las vidas de miles de personas. Tomar medidas para acabar con la deforestaci\u00f3n debe de ser el objetivo de todos y una obligaci\u00f3n para aquellos quienes lideran el pa\u00eds\u201d.<\/p>\n<h2>Fotograf\u00edas de los incendios de la selva del Amazonas<\/h2>\n<h3>NOVA BANDEIRANTES, MATO GROSSO<\/h3>\n<div id=\"attachment_10616\" style=\"width: 778px\" class=\"wp-caption aligncenter\"><img decoding=\"async\" aria-describedby=\"caption-attachment-10616\" class=\"wp-image-10616 size-full\" src=\"https:\/\/www.raisg.org\/wp-content\/uploads\/2019\/08\/NOVA-BANDEIRANTES-768x512.jpg\" alt=\"\" width=\"768\" height=\"512\" srcset=\"https:\/\/www.raisg.org\/wp-content\/uploads\/2019\/08\/NOVA-BANDEIRANTES-768x512.jpg 768w, https:\/\/www.raisg.org\/wp-content\/uploads\/2019\/08\/NOVA-BANDEIRANTES-768x512-300x200.jpg 300w, https:\/\/www.raisg.org\/wp-content\/uploads\/2019\/08\/NOVA-BANDEIRANTES-768x512-500x333.jpg 500w\" sizes=\"(max-width: 768px) 100vw, 768px\" \/><p id=\"caption-attachment-10616\" class=\"wp-caption-text\">Mapa de Global Forest Watch que muestra la p\u00e9rdida de cubierta forestal durante el \u00faltimo a\u00f1o en el \u00e1rea de Nova Bandeirantes, Mato Grosso.<\/p><\/div>\n<div id=\"attachment_10613\" style=\"width: 778px\" class=\"wp-caption aligncenter\"><img decoding=\"async\" aria-describedby=\"caption-attachment-10613\" class=\"wp-image-10613 size-full\" src=\"https:\/\/www.raisg.org\/wp-content\/uploads\/2019\/08\/fire-NOVA-BANDEIRANTES-768x512.jpg\" alt=\"\" width=\"768\" height=\"512\" srcset=\"https:\/\/www.raisg.org\/wp-content\/uploads\/2019\/08\/fire-NOVA-BANDEIRANTES-768x512.jpg 768w, https:\/\/www.raisg.org\/wp-content\/uploads\/2019\/08\/fire-NOVA-BANDEIRANTES-768x512-300x200.jpg 300w, https:\/\/www.raisg.org\/wp-content\/uploads\/2019\/08\/fire-NOVA-BANDEIRANTES-768x512-500x333.jpg 500w\" sizes=\"(max-width: 768px) 100vw, 768px\" \/><p id=\"caption-attachment-10613\" class=\"wp-caption-text\">Mapa de Global Forest Watch muestra los focos de los incendios MODIS y VIIRS para el periodo del 16 al 22 de agosto, 2019 en el \u00e1rea de Nova Bandeirantes, Mato Grosso.<\/p><\/div>\n<div id=\"attachment_10619\" style=\"width: 778px\" class=\"wp-caption aligncenter\"><img loading=\"lazy\" decoding=\"async\" aria-describedby=\"caption-attachment-10619\" class=\"size-full wp-image-10619\" src=\"https:\/\/www.raisg.org\/wp-content\/uploads\/2019\/08\/GP0STTSFG_greenpeace_amazon_fires_2019-768x512.jpg\" alt=\"\" width=\"768\" height=\"512\" srcset=\"https:\/\/www.raisg.org\/wp-content\/uploads\/2019\/08\/GP0STTSFG_greenpeace_amazon_fires_2019-768x512.jpg 768w, https:\/\/www.raisg.org\/wp-content\/uploads\/2019\/08\/GP0STTSFG_greenpeace_amazon_fires_2019-768x512-300x200.jpg 300w, https:\/\/www.raisg.org\/wp-content\/uploads\/2019\/08\/GP0STTSFG_greenpeace_amazon_fires_2019-768x512-500x333.jpg 500w\" sizes=\"(max-width: 768px) 100vw, 768px\" \/><p id=\"caption-attachment-10619\" class=\"wp-caption-text\">NOVA BANDEIRANTES, MATO GROSSO, BRASIL. Vista a\u00e9rea de \u00e1reas quemadas en la selva del Amazonas, en la ciudad de Nova Bandeirantes, en el estado de Mato Grosso. (Fotograf\u00eda: Victor Moriyama \/ Greenpeace).<\/p><\/div>\n<div id=\"attachment_10622\" style=\"width: 778px\" class=\"wp-caption aligncenter\"><img loading=\"lazy\" decoding=\"async\" aria-describedby=\"caption-attachment-10622\" class=\"size-full wp-image-10622\" src=\"https:\/\/www.raisg.org\/wp-content\/uploads\/2019\/08\/GP0STTSFE_greenpeace_amazon_fires_2019-768x512.jpg\" alt=\"\" width=\"768\" height=\"512\" srcset=\"https:\/\/www.raisg.org\/wp-content\/uploads\/2019\/08\/GP0STTSFE_greenpeace_amazon_fires_2019-768x512.jpg 768w, https:\/\/www.raisg.org\/wp-content\/uploads\/2019\/08\/GP0STTSFE_greenpeace_amazon_fires_2019-768x512-300x200.jpg 300w, https:\/\/www.raisg.org\/wp-content\/uploads\/2019\/08\/GP0STTSFE_greenpeace_amazon_fires_2019-768x512-500x333.jpg 500w\" sizes=\"(max-width: 768px) 100vw, 768px\" \/><p id=\"caption-attachment-10622\" class=\"wp-caption-text\">NOVA BANDEIRANTES, MATO GROSSO, BRASIL. Vista a\u00e9rea de \u00e1reas quemadas en la selva del Amazonas, en la ciudad de Nova Bandeirantes, en el estado de Mato Grosso. (Fotograf\u00eda: Victor Moriyama \/ Greenpeace).<\/p><\/div>\n<div id=\"attachment_10625\" style=\"width: 778px\" class=\"wp-caption aligncenter\"><img loading=\"lazy\" decoding=\"async\" aria-describedby=\"caption-attachment-10625\" class=\"wp-image-10625 size-full\" src=\"https:\/\/www.raisg.org\/wp-content\/uploads\/2019\/08\/GP0STTSFD_greenpeace_amazon_fires_2019-768x512.jpg\" alt=\"\" width=\"768\" height=\"512\" srcset=\"https:\/\/www.raisg.org\/wp-content\/uploads\/2019\/08\/GP0STTSFD_greenpeace_amazon_fires_2019-768x512.jpg 768w, https:\/\/www.raisg.org\/wp-content\/uploads\/2019\/08\/GP0STTSFD_greenpeace_amazon_fires_2019-768x512-300x200.jpg 300w, https:\/\/www.raisg.org\/wp-content\/uploads\/2019\/08\/GP0STTSFD_greenpeace_amazon_fires_2019-768x512-500x333.jpg 500w\" sizes=\"(max-width: 768px) 100vw, 768px\" \/><p id=\"caption-attachment-10625\" class=\"wp-caption-text\">NOVA BANDEIRANTES, MATO GROSSO, BRASIL. Vista a\u00e9rea de \u00e1reas quemadas en la selva del Amazonas, en la ciudad de Nova Bandeirantes, en el estado de Mato Grosso (Fotograf\u00eda: Victor Moriyama \/ Greenpeace).<\/p><\/div>\n<p>&nbsp;<\/p>\n<div id=\"attachment_10628\" style=\"width: 778px\" class=\"wp-caption aligncenter\"><img loading=\"lazy\" decoding=\"async\" aria-describedby=\"caption-attachment-10628\" class=\"size-full wp-image-10628\" src=\"https:\/\/www.raisg.org\/wp-content\/uploads\/2019\/08\/GP0STTSF8_greenpeace_amazon_fires_2019-768x512.jpg\" alt=\"\" width=\"768\" height=\"512\" srcset=\"https:\/\/www.raisg.org\/wp-content\/uploads\/2019\/08\/GP0STTSF8_greenpeace_amazon_fires_2019-768x512.jpg 768w, https:\/\/www.raisg.org\/wp-content\/uploads\/2019\/08\/GP0STTSF8_greenpeace_amazon_fires_2019-768x512-300x200.jpg 300w, https:\/\/www.raisg.org\/wp-content\/uploads\/2019\/08\/GP0STTSF8_greenpeace_amazon_fires_2019-768x512-500x333.jpg 500w\" sizes=\"(max-width: 768px) 100vw, 768px\" \/><p id=\"caption-attachment-10628\" class=\"wp-caption-text\">NOVA BANDEIRANTES, MATO GROSSO, BRASIL. Vista a\u00e9rea de \u00e1reas quemadas en la selva del Amazonas, en la ciudad de Nova Bandeirantes, en el estado de Mato Grosso. (Fotograf\u00eda: Victor Moriyama \/ Greenpeace).<\/p><\/div>\n<h3>PORTO VELHO, RONDONIA<\/h3>\n<div id=\"attachment_10641\" style=\"width: 778px\" class=\"wp-caption aligncenter\"><img loading=\"lazy\" decoding=\"async\" aria-describedby=\"caption-attachment-10641\" class=\"size-full wp-image-10641\" src=\"https:\/\/www.raisg.org\/wp-content\/uploads\/2019\/08\/PORTO-VELHO-768x512.jpg\" alt=\"\" width=\"768\" height=\"512\" srcset=\"https:\/\/www.raisg.org\/wp-content\/uploads\/2019\/08\/PORTO-VELHO-768x512.jpg 768w, https:\/\/www.raisg.org\/wp-content\/uploads\/2019\/08\/PORTO-VELHO-768x512-300x200.jpg 300w, https:\/\/www.raisg.org\/wp-content\/uploads\/2019\/08\/PORTO-VELHO-768x512-500x333.jpg 500w\" sizes=\"(max-width: 768px) 100vw, 768px\" \/><p id=\"caption-attachment-10641\" class=\"wp-caption-text\">Mapa de Global Forest Watch que muestra la p\u00e9rdida de cubierta forestal durante el \u00faltimo a\u00f1o en el \u00e1rea de Porto Velho, Rondonia.<\/p><\/div>\n<div id=\"attachment_10644\" style=\"width: 778px\" class=\"wp-caption aligncenter\"><img loading=\"lazy\" decoding=\"async\" aria-describedby=\"caption-attachment-10644\" class=\"wp-image-10644 size-full\" src=\"https:\/\/www.raisg.org\/wp-content\/uploads\/2019\/08\/fire-PORTO-VELHO-768x512.jpg\" alt=\"\" width=\"768\" height=\"512\" srcset=\"https:\/\/www.raisg.org\/wp-content\/uploads\/2019\/08\/fire-PORTO-VELHO-768x512.jpg 768w, https:\/\/www.raisg.org\/wp-content\/uploads\/2019\/08\/fire-PORTO-VELHO-768x512-300x200.jpg 300w, https:\/\/www.raisg.org\/wp-content\/uploads\/2019\/08\/fire-PORTO-VELHO-768x512-500x333.jpg 500w\" sizes=\"(max-width: 768px) 100vw, 768px\" \/><p id=\"caption-attachment-10644\" class=\"wp-caption-text\">Mapa de Global Forest Watch muestra los focos de los incendios MODIS y VIIRS para el periodo del 16 al 22 de agosto, 2019 en el \u00e1rea de Porto Velho, Rondonia.<\/p><\/div>\n<div id=\"attachment_10650\" style=\"width: 778px\" class=\"wp-caption aligncenter\"><img loading=\"lazy\" decoding=\"async\" aria-describedby=\"caption-attachment-10650\" class=\"wp-image-10650 size-full\" src=\"https:\/\/www.raisg.org\/wp-content\/uploads\/2019\/08\/GP0STTSEC_greenpeace_amazon_fires_2019-768x512.jpg\" alt=\"\" width=\"768\" height=\"512\" srcset=\"https:\/\/www.raisg.org\/wp-content\/uploads\/2019\/08\/GP0STTSEC_greenpeace_amazon_fires_2019-768x512.jpg 768w, https:\/\/www.raisg.org\/wp-content\/uploads\/2019\/08\/GP0STTSEC_greenpeace_amazon_fires_2019-768x512-300x200.jpg 300w, https:\/\/www.raisg.org\/wp-content\/uploads\/2019\/08\/GP0STTSEC_greenpeace_amazon_fires_2019-768x512-500x333.jpg 500w\" sizes=\"(max-width: 768px) 100vw, 768px\" \/><p id=\"caption-attachment-10650\" class=\"wp-caption-text\">PORTO VELHO, RONDONIA, BRASIL. Vista a\u00e9rea de \u00e1reas quemadas en la selva del Amazonas, en la ciudad de Porto Velho, en el estado de Rondonia. (Fotograf\u00eda: Victor Moriyama \/ Greenpeace).<\/p><\/div>\n<div id=\"attachment_10653\" style=\"width: 778px\" class=\"wp-caption aligncenter\"><img loading=\"lazy\" decoding=\"async\" aria-describedby=\"caption-attachment-10653\" class=\"wp-image-10653 size-full\" src=\"https:\/\/www.raisg.org\/wp-content\/uploads\/2019\/08\/GP0STTSEE_greenpeace_amazon_fires_2019-768x512.jpg\" alt=\"\" width=\"768\" height=\"512\" srcset=\"https:\/\/www.raisg.org\/wp-content\/uploads\/2019\/08\/GP0STTSEE_greenpeace_amazon_fires_2019-768x512.jpg 768w, https:\/\/www.raisg.org\/wp-content\/uploads\/2019\/08\/GP0STTSEE_greenpeace_amazon_fires_2019-768x512-300x200.jpg 300w, https:\/\/www.raisg.org\/wp-content\/uploads\/2019\/08\/GP0STTSEE_greenpeace_amazon_fires_2019-768x512-500x333.jpg 500w\" sizes=\"(max-width: 768px) 100vw, 768px\" \/><p id=\"caption-attachment-10653\" class=\"wp-caption-text\">PORTO VELHO, RONDONIA, BRASIL. Vista a\u00e9rea de \u00e1reas quemadas en la selva del Amazonas, en la ciudad de Porto Velho, en el estado de Rondonia. (Fotograf\u00eda: Victor Moriyama \/ Greenpeace).<\/p><\/div>\n<div id=\"attachment_10656\" style=\"width: 778px\" class=\"wp-caption aligncenter\"><img loading=\"lazy\" decoding=\"async\" aria-describedby=\"caption-attachment-10656\" class=\"wp-image-10656 size-full\" src=\"https:\/\/www.raisg.org\/wp-content\/uploads\/2019\/08\/GP0STTSEP_greenpeace_amazon_fires_2019-768x512.jpg\" alt=\"\" width=\"768\" height=\"512\" srcset=\"https:\/\/www.raisg.org\/wp-content\/uploads\/2019\/08\/GP0STTSEP_greenpeace_amazon_fires_2019-768x512.jpg 768w, https:\/\/www.raisg.org\/wp-content\/uploads\/2019\/08\/GP0STTSEP_greenpeace_amazon_fires_2019-768x512-300x200.jpg 300w, https:\/\/www.raisg.org\/wp-content\/uploads\/2019\/08\/GP0STTSEP_greenpeace_amazon_fires_2019-768x512-500x333.jpg 500w\" sizes=\"(max-width: 768px) 100vw, 768px\" \/><p id=\"caption-attachment-10656\" class=\"wp-caption-text\">PORTO VELHO, RONDONIA, BRASIL. Vista a\u00e9rea de \u00e1reas quemadas en la selva del Amazonas, en la ciudad de Porto Velho, en el estado de Rondonia. (Fotograf\u00eda: Victor Moriyama \/ Greenpeace).<\/p><\/div>\n<div id=\"attachment_10659\" style=\"width: 778px\" class=\"wp-caption aligncenter\"><img loading=\"lazy\" decoding=\"async\" aria-describedby=\"caption-attachment-10659\" class=\"wp-image-10659 size-full\" src=\"https:\/\/www.raisg.org\/wp-content\/uploads\/2019\/08\/GP0STTSE5_greenpeace_amazon_fires_2019-768x512.jpg\" alt=\"\" width=\"768\" height=\"512\" srcset=\"https:\/\/www.raisg.org\/wp-content\/uploads\/2019\/08\/GP0STTSE5_greenpeace_amazon_fires_2019-768x512.jpg 768w, https:\/\/www.raisg.org\/wp-content\/uploads\/2019\/08\/GP0STTSE5_greenpeace_amazon_fires_2019-768x512-300x200.jpg 300w, https:\/\/www.raisg.org\/wp-content\/uploads\/2019\/08\/GP0STTSE5_greenpeace_amazon_fires_2019-768x512-500x333.jpg 500w\" sizes=\"(max-width: 768px) 100vw, 768px\" \/><p id=\"caption-attachment-10659\" class=\"wp-caption-text\">PORTO VELHO, RONDONIA, BRASIL. Vista a\u00e9rea de \u00e1reas quemadas en la selva del Amazonas, en la ciudad de Porto Velho, en el estado de Rondonia. (Fotograf\u00eda: Victor Moriyama \/ Greenpeace).<\/p><\/div>\n<div id=\"attachment_10662\" style=\"width: 778px\" class=\"wp-caption aligncenter\"><img loading=\"lazy\" decoding=\"async\" aria-describedby=\"caption-attachment-10662\" class=\"wp-image-10662 size-full\" src=\"https:\/\/www.raisg.org\/wp-content\/uploads\/2019\/08\/GP0STTSDZ_greenpeace_amazon_fires_2019x-768x512.jpg\" alt=\"\" width=\"768\" height=\"512\" srcset=\"https:\/\/www.raisg.org\/wp-content\/uploads\/2019\/08\/GP0STTSDZ_greenpeace_amazon_fires_2019x-768x512.jpg 768w, https:\/\/www.raisg.org\/wp-content\/uploads\/2019\/08\/GP0STTSDZ_greenpeace_amazon_fires_2019x-768x512-300x200.jpg 300w, https:\/\/www.raisg.org\/wp-content\/uploads\/2019\/08\/GP0STTSDZ_greenpeace_amazon_fires_2019x-768x512-500x333.jpg 500w\" sizes=\"(max-width: 768px) 100vw, 768px\" \/><p id=\"caption-attachment-10662\" class=\"wp-caption-text\">PORTO VELHO, RONDONIA, BRASIL. Vista a\u00e9rea de \u00e1reas quemadas en la selva del Amazonas, en la ciudad de Porto Velho, en el estado de Rondonia. (Fotograf\u00eda: Victor Moriyama \/ Greenpeace).<\/p><\/div>\n<div id=\"attachment_10665\" style=\"width: 778px\" class=\"wp-caption aligncenter\"><img loading=\"lazy\" decoding=\"async\" aria-describedby=\"caption-attachment-10665\" class=\"wp-image-10665 size-full\" src=\"https:\/\/www.raisg.org\/wp-content\/uploads\/2019\/08\/GP0STTSDY_greenpeace_amazon_fires_2019-768x512.jpg\" alt=\"\" width=\"768\" height=\"512\" srcset=\"https:\/\/www.raisg.org\/wp-content\/uploads\/2019\/08\/GP0STTSDY_greenpeace_amazon_fires_2019-768x512.jpg 768w, https:\/\/www.raisg.org\/wp-content\/uploads\/2019\/08\/GP0STTSDY_greenpeace_amazon_fires_2019-768x512-300x200.jpg 300w, https:\/\/www.raisg.org\/wp-content\/uploads\/2019\/08\/GP0STTSDY_greenpeace_amazon_fires_2019-768x512-500x333.jpg 500w\" sizes=\"(max-width: 768px) 100vw, 768px\" \/><p id=\"caption-attachment-10665\" class=\"wp-caption-text\">PORTO VELHO, RONDONIA, BRASIL. Vista a\u00e9rea de \u00e1reas quemadas en la selva del Amazonas, en la ciudad de Porto Velho, en el estado de Rondonia. (Fotograf\u00eda: Victor Moriyama \/ Greenpeace).<\/p><\/div>\n<div id=\"attachment_10668\" style=\"width: 778px\" class=\"wp-caption aligncenter\"><img loading=\"lazy\" decoding=\"async\" aria-describedby=\"caption-attachment-10668\" class=\"wp-image-10668 size-full\" src=\"https:\/\/www.raisg.org\/wp-content\/uploads\/2019\/08\/GP0STTSDT_greenpeace_amazon_fires_2019-768x512.jpg\" alt=\"\" width=\"768\" height=\"512\" srcset=\"https:\/\/www.raisg.org\/wp-content\/uploads\/2019\/08\/GP0STTSDT_greenpeace_amazon_fires_2019-768x512.jpg 768w, https:\/\/www.raisg.org\/wp-content\/uploads\/2019\/08\/GP0STTSDT_greenpeace_amazon_fires_2019-768x512-300x200.jpg 300w, https:\/\/www.raisg.org\/wp-content\/uploads\/2019\/08\/GP0STTSDT_greenpeace_amazon_fires_2019-768x512-500x333.jpg 500w\" sizes=\"(max-width: 768px) 100vw, 768px\" \/><p id=\"caption-attachment-10668\" class=\"wp-caption-text\">PORTO VELHO, RONDONIA, BRASIL. Vista a\u00e9rea de \u00e1reas quemadas en la selva del Amazonas, en la ciudad de Porto Velho, en el estado de Rondonia. (Fotograf\u00eda: Victor Moriyama \/ Greenpeace).<\/p><\/div>\n<p>Tomado de: https:\/\/es.mongabay.com\/2019\/08\/incendios-en-la-amazonia-greenpeace-fotos-brasil\/<\/p>\n","protected":false},"excerpt":{"rendered":"<p>Las fotograf\u00edas exponen tierras agr\u00edcolas, pastos y bosques en llamas en los estados de Rondonia, Mato Grosso y Par\u00e1, en Brasil. Seg\u00fan Greenpeace, una cuarta parte de los puntos cr\u00edticos registrados la semana pasada correspond\u00edan a zonas de conservaci\u00f3n o a territorios ind\u00edgenas reconocidos oficialmente. Mongabay Rehtt A. Butler 27 de Agosto de 2019 &nbsp;&hellip;<\/p>\n","protected":false},"author":321,"featured_media":10622,"comment_status":"open","ping_status":"open","sticky":false,"template":"","format":"standard","meta":{"_acf_changed":false,"footnotes":""},"categories":[2],"tags":[],"class_list":["post-10603","post","type-post","status-publish","format-standard","has-post-thumbnail","hentry","category-radar","category-2","description-off"],"acf":[],"_links":{"self":[{"href":"https:\/\/www.raisg.org\/en\/wp-json\/wp\/v2\/posts\/10603","targetHints":{"allow":["GET"]}}],"collection":[{"href":"https:\/\/www.raisg.org\/en\/wp-json\/wp\/v2\/posts"}],"about":[{"href":"https:\/\/www.raisg.org\/en\/wp-json\/wp\/v2\/types\/post"}],"author":[{"embeddable":true,"href":"https:\/\/www.raisg.org\/en\/wp-json\/wp\/v2\/users\/321"}],"replies":[{"embeddable":true,"href":"https:\/\/www.raisg.org\/en\/wp-json\/wp\/v2\/comments?post=10603"}],"version-history":[{"count":6,"href":"https:\/\/www.raisg.org\/en\/wp-json\/wp\/v2\/posts\/10603\/revisions"}],"predecessor-version":[{"id":10671,"href":"https:\/\/www.raisg.org\/en\/wp-json\/wp\/v2\/posts\/10603\/revisions\/10671"}],"wp:featuredmedia":[{"embeddable":true,"href":"https:\/\/www.raisg.org\/en\/wp-json\/wp\/v2\/media\/10622"}],"wp:attachment":[{"href":"https:\/\/www.raisg.org\/en\/wp-json\/wp\/v2\/media?parent=10603"}],"wp:term":[{"taxonomy":"category","embeddable":true,"href":"https:\/\/www.raisg.org\/en\/wp-json\/wp\/v2\/categories?post=10603"},{"taxonomy":"post_tag","embeddable":true,"href":"https:\/\/www.raisg.org\/en\/wp-json\/wp\/v2\/tags?post=10603"}],"curies":[{"name":"wp","href":"https:\/\/api.w.org\/{rel}","templated":true}]}}