{"id":12146,"date":"2019-11-07T13:09:29","date_gmt":"2019-11-07T16:09:29","guid":{"rendered":"https:\/\/www.amazoniasocioambiental.org\/?p=12146"},"modified":"2019-11-19T13:14:57","modified_gmt":"2019-11-19T16:14:57","slug":"bolsonaro-construira-linea-electrica-en-amazonia-para-no-comprar-electricidad-de-venezuela","status":"publish","type":"post","link":"https:\/\/www.raisg.org\/en\/radar\/bolsonaro-construira-linea-electrica-en-amazonia-para-no-comprar-electricidad-de-venezuela\/","title":{"rendered":"Bolsonaro construir\u00e1 l\u00ednea el\u00e9ctrica en Amazon\u00eda para no comprar electricidad de Venezuela"},"content":{"rendered":"<p style=\"text-align: right;\">Noticiero Digital<\/p>\n<p style=\"text-align: right;\">07 de noviembre de 2019<\/p>\n<p>&nbsp;<\/p>\n<p>El presidente brasile\u00f1o, Jair Bolsonaro, ratific\u00f3 este jueves la iniciativa de construcci\u00f3n a partir de este a\u00f1o de una l\u00ednea gigante de transmisi\u00f3n de energ\u00eda en la Amazon\u00eda para evitar as\u00ed la dependencia de comprar electricidad a Venezuela, pa\u00eds con el que no se tienen buenas relaciones bilaterales.<\/p>\n<p><span id=\"more-498655\"><\/span>De acuerdo con el jefe de Estado, se pretende que antes de finalizar este a\u00f1o se comience la construcci\u00f3n de la l\u00ednea de transmisi\u00f3n el\u00e9ctrica Tucurui, que con 700 kil\u00f3metros unir\u00e1 a Manaos y Boa vista, dos de las principales capitales de la Amazon\u00eda con \u00abenerg\u00eda producida en la regi\u00f3n\u00bb.<\/p>\n<p>Las inversiones para la obra, apunt\u00f3 Bolsonaro en su transmisi\u00f3n semanal en vivo por Facebook, ser\u00e1n por el orden de los 1.000 millones de reales (unos 250 millones de d\u00f3lares).<\/p>\n<p>En febrero, el Gobierno declar\u00f3 la construcci\u00f3n de la l\u00ednea de transmisi\u00f3n como un asunto de \u00abinter\u00e9s nacional\u00bb.<\/p>\n<p>El proyecto prev\u00e9 el tendido de una l\u00ednea de transmisi\u00f3n de energ\u00eda para conectar Roraima, estado fronterizo con Venezuela, al sistema nacional y que de esa manera deje comprar el 50 % de la energ\u00eda que necesita al vecino pa\u00eds, como ocurre actualmente.<\/p>\n<p>Esa l\u00ednea de transmisi\u00f3n de energ\u00eda, que ser\u00e1 abastecida por la hidroel\u00e9ctrica de Tucuru\u00ed, en el Amazonas.<\/p>\n<p>La obra, cuya construcci\u00f3n se anunci\u00f3 en 2011 para ser terminada en 2015, a\u00fan no ha comenzado por asuntos jur\u00eddicos relacionados con licencias ambientales.<\/p>\n<p>En su transmisi\u00f3n, Bolsonaro aprovech\u00f3 tambi\u00e9n para defender el potencial energ\u00e9tico de Brasil con fuentes \u00ablimpias\u00bb como la solar y la e\u00f3lica, que pueden sustituir otras f\u00f3siles como la de las \u00abterribles\u00bb termoel\u00e9ctricas.<\/p>\n<p>\u00abNadie tiene m\u00e1s energ\u00eda solar que Brasil, somos un pa\u00eds en la l\u00ednea del Ecuador. Tenemos la energ\u00eda hidr\u00e1ulica, la de biomasa y la e\u00f3lica y estados como Cear\u00e1 (nordeste) est\u00e1n muy avanzados en la producci\u00f3n de esa energ\u00eda e\u00f3lica\u00bb, subray\u00f3 el mandatario.<\/p>\n<p>De otro lado, el secretario nacional de Pesca, Jorge Seif J\u00fanior, quien acompa\u00f1\u00f3 a Bolsonaro en la transmisi\u00f3n, adelant\u00f3 que los pa\u00edses del Mercosur pretenden crear un organismo para el acompa\u00f1amiento de la actividad pesquera mar\u00edtima y fluvial, iniciativa que cuenta con el respaldo de Brasil y Paraguay.<\/p>\n<p>Seif J\u00fanior anunci\u00f3 tambi\u00e9n que Bolsonaro deber\u00e1 sancionar en los \u00abpr\u00f3ximos d\u00edas\u00bb una Medida Provisional para \u00abcontemplar\u00bb que marisqueros y recolectores de cangrejos y camar\u00f3n sean incluidos dentro de los subsidios para auxiliar a los pescadores de las zonas afectadas por el \u00abgran accidente ambiental\u00bb en el nordeste.<\/p>\n<p>Un derrame de crudo en altamar, de origen todav\u00eda desconocido, aunque se sospecha se trat\u00f3 del vaciamiento de un nav\u00edo griego que transportaba petr\u00f3leo venezolano, ha llegado a 385 playas de 104 municipios del litoral nordeste, seg\u00fan el informe actualizado este jueves por las autoridades.<\/p>\n<p>La medida que sancionar\u00e1 Bolsonaro, adem\u00e1s de incluir a los marisqueros y productores de camar\u00f3n, tambi\u00e9n reglamentar\u00e1 la pesca de camar\u00f3n y langosta en las \u00e1reas afectadas por el derrame, que a finales de octubre hab\u00eda sido prohibida, pero un d\u00eda despu\u00e9s el Gobierno dio marcha atr\u00e1s y la liber\u00f3.<\/p>\n<p>Tomado de: http:\/\/www.noticierodigital.com\/2019\/11\/bolsonaro-ratifica-linea-amazonia-evitar-comprar-electricidad-venezuela\/<\/p>\n","protected":false},"excerpt":{"rendered":"<p>Noticiero Digital 07 de noviembre de 2019 &nbsp; El presidente brasile\u00f1o, Jair Bolsonaro, ratific\u00f3 este jueves la iniciativa de construcci\u00f3n a partir de este a\u00f1o de una l\u00ednea gigante de transmisi\u00f3n de energ\u00eda en la Amazon\u00eda para evitar as\u00ed la dependencia de comprar electricidad a Venezuela, pa\u00eds con el que no se tienen buenas relaciones&hellip;<\/p>\n","protected":false},"author":321,"featured_media":12147,"comment_status":"open","ping_status":"open","sticky":false,"template":"","format":"standard","meta":{"_acf_changed":false,"footnotes":""},"categories":[2],"tags":[],"class_list":["post-12146","post","type-post","status-publish","format-standard","has-post-thumbnail","hentry","category-radar","category-2","description-off"],"acf":[],"_links":{"self":[{"href":"https:\/\/www.raisg.org\/en\/wp-json\/wp\/v2\/posts\/12146","targetHints":{"allow":["GET"]}}],"collection":[{"href":"https:\/\/www.raisg.org\/en\/wp-json\/wp\/v2\/posts"}],"about":[{"href":"https:\/\/www.raisg.org\/en\/wp-json\/wp\/v2\/types\/post"}],"author":[{"embeddable":true,"href":"https:\/\/www.raisg.org\/en\/wp-json\/wp\/v2\/users\/321"}],"replies":[{"embeddable":true,"href":"https:\/\/www.raisg.org\/en\/wp-json\/wp\/v2\/comments?post=12146"}],"version-history":[{"count":1,"href":"https:\/\/www.raisg.org\/en\/wp-json\/wp\/v2\/posts\/12146\/revisions"}],"predecessor-version":[{"id":12150,"href":"https:\/\/www.raisg.org\/en\/wp-json\/wp\/v2\/posts\/12146\/revisions\/12150"}],"wp:featuredmedia":[{"embeddable":true,"href":"https:\/\/www.raisg.org\/en\/wp-json\/wp\/v2\/media\/12147"}],"wp:attachment":[{"href":"https:\/\/www.raisg.org\/en\/wp-json\/wp\/v2\/media?parent=12146"}],"wp:term":[{"taxonomy":"category","embeddable":true,"href":"https:\/\/www.raisg.org\/en\/wp-json\/wp\/v2\/categories?post=12146"},{"taxonomy":"post_tag","embeddable":true,"href":"https:\/\/www.raisg.org\/en\/wp-json\/wp\/v2\/tags?post=12146"}],"curies":[{"name":"wp","href":"https:\/\/api.w.org\/{rel}","templated":true}]}}