{"id":12365,"date":"2019-11-23T16:04:42","date_gmt":"2019-11-23T19:04:42","guid":{"rendered":"https:\/\/www.amazoniasocioambiental.org\/?p=12365"},"modified":"2019-12-03T16:13:55","modified_gmt":"2019-12-03T19:13:55","slug":"la-devastacion-del-amazonas-en-nombre-del-socialismo","status":"publish","type":"post","link":"https:\/\/www.raisg.org\/en\/radar\/la-devastacion-del-amazonas-en-nombre-del-socialismo\/","title":{"rendered":"La devastaci\u00f3n del Amazonas en nombre del \u201csocialismo\u201d"},"content":{"rendered":"<p style=\"text-align: right;\">El Nacional<\/p>\n<p style=\"text-align: right;\">Edgar Cherubini<\/p>\n<p style=\"text-align: right;\">23 de Noviembre de 2019<\/p>\n<p>&nbsp;<\/p>\n<p>Los gobiernos \u201csocialistas del siglo XXI\u201d y sus falsos \u201cpresidentes de los pobres\u201d se han caracterizado por entregar a oscuros intereses los recursos naturales y minerales de la Amazonia, llegando a ceder la soberan\u00eda sobre esos territorios a cambio de jugosos negocios en un \u201cse vale todo\u201d corrupto y voraz, permitiendo la extracci\u00f3n indiscriminada de minerales y la tala de sus bosques, causando la progresiva desaparici\u00f3n del pulm\u00f3n que le brinda ox\u00edgeno al planeta y la extinci\u00f3n de culturas ind\u00edgenas milenarias que all\u00ed habitan.<\/p>\n<p>El Amazonas venezolano, territorio de 184.000 Km2, forma parte del ecosistema verde del planeta y constituye una de las m\u00e1s prodigiosas reservas de recursos naturales del mundo. Pese a su importancia vital, el r\u00e9gimen chavista ha permitido la explotaci\u00f3n de minerales estrat\u00e9gicos, la penetraci\u00f3n de la narcoguerrilla colombiana y toda suerte de negocios de extracci\u00f3n de minerales, manejados por militares y mafias del crimen organizado, increment\u00e1ndose a ra\u00edz de la desafectaci\u00f3n y la liquidaci\u00f3n del sistema de parques nacionales, reservas forestales y de la biosfera de ese territorio, cedidas al negocio multimillonario de actividades mineras, petroleras, forestales y \u201cotros desarrollos\u201d, establecidos en el decreto del\u00a0 Arco Minero del Orinoco, que ha colocado en situaci\u00f3n de riesgo ecol\u00f3gico y humano dicha regi\u00f3n. Los proyectos extractivos promovidos por Ch\u00e1vez y continuados por Maduro, que arrasan indiscriminadamente la selva y utilizan mercurio en el proceso de extracci\u00f3n del oro, perjudicando los suelos y envenenando los r\u00edos, se encuentran en territorios ind\u00edgenas, donde estos son utilizados como gu\u00edas, esclavizados en las minas, hostigados y asesinados, lo que implica la progresiva desaparici\u00f3n de esas etnias.<\/p>\n<p>Los guerrilleros del Ej\u00e9rcito de Liberaci\u00f3n Nacional y de las FARC controlan la explotaci\u00f3n de los recursos minerales del suelo venezolano, espec\u00edficamente el oro, el diamante y el colt\u00e1n. Seg\u00fan el diario El Tiempo (Valentina Lares Martiz, Amazonas, el Estado venezolano donde manda el ELN, 13.11.2018\u00a0), \u201cSe trata de la reinvenci\u00f3n de estos grupos a la sombra de la \u201crevoluci\u00f3n bolivariana\u201d, que en tiempos de Hugo Ch\u00e1vez tuvieron luz verde para entrar y descansar en Venezuela, pero\u00a0bajo el r\u00e9gimen de Nicol\u00e1s Maduro tienen un \u201ctrabajo\u201d formal en las minas: organizar a los mineros para explotar el recurso, luego transportarlo y entregarlo al gobierno venezolano (\u2026) Estas actividades de explotaci\u00f3n y entrega de oro y colt\u00e1n sol\u00edan estar a cargo de los \u2018pranes\u2019 (criminales o ex convictos pertenecientes al crimen organizado que controlan a sangre y fuego la explotaci\u00f3n de los recursos), pero poco a poco las FARC y guerrilleros del ELN que han entrado a Venezuela han ido asumiendo estos roles\u201d.<\/p>\n<h2>La Amazonia brasile\u00f1a del \u201chermano Lula\u201d<\/h2>\n<p>Durante el gobierno del \u201csocialista\u201d Lula (2003-2010), palad\u00edn del Foro de Sao Paulo, se deforestaron 110.852 Km2 de la selva amaz\u00f3nica, concedidos a las corporaciones madereras, petroleras, mineras y de biocombustibles, sin importarle la destrucci\u00f3n de la mayor reserva de la biosfera del mundo, la desaparici\u00f3n de miles de especies animales y de plantas, as\u00ed como las repetidas masacres en pueblos ind\u00edgenas. Seg\u00fan informes de Green Peace, el gobierno brasile\u00f1o, presidido por Lula, financi\u00f3 y particip\u00f3 como accionista de las grandes industrias y corporaciones locales y transnacionales que operan en la Amazonia, convirti\u00e9ndose en el principal impulsor de la m\u00e1s grande deforestaci\u00f3n del planeta en lo que va de siglo. Adem\u00e1s, las leyes presentadas por sus asesores ante el Congreso brasile\u00f1o conceden derechos de propiedad a esas corporaciones, ocupantes ilegales de millares de hect\u00e1reas y as\u00ed duplicar la porci\u00f3n de selva que pod\u00eda ser deforestada \u201clegalmente\u201d. Las organizaciones Trident Ploughshares, la Fundaci\u00f3n Right Livelihood Award y la Fundaci\u00f3n para la Defensa del Ambiente denunciaron que durante el gobierno de Lula, Brasil fue el pa\u00eds que registr\u00f3 la mayor cantidad de asesinatos de l\u00edderes ambientales e ind\u00edgenas: 365 v\u00edctimas de los sicarios de empresas ganaderas, agr\u00edcolas, mineras y madereras. Los negocios y ganancias que producen el desastre ecol\u00f3gico no se detienen. Entre 2017 y 2018 se talaron cerca de 7.900 km2 de bosque en la Amazonia brasile\u00f1a, seg\u00fan Greenpeace Brasil, aproximadamente 1.185 millones de \u00e1rboles desaparecieron y con ellos miles de especies de flora y fauna.<\/p>\n<div id=\"attachment_12369\" style=\"width: 704px\" class=\"wp-caption aligncenter\"><img fetchpriority=\"high\" decoding=\"async\" aria-describedby=\"caption-attachment-12369\" class=\"wp-image-12369 size-full\" src=\"https:\/\/www.raisg.org\/wp-content\/uploads\/2019\/12\/3.jpg\" alt=\"\" width=\"694\" height=\"441\" srcset=\"https:\/\/www.raisg.org\/wp-content\/uploads\/2019\/12\/3.jpg 694w, https:\/\/www.raisg.org\/wp-content\/uploads\/2019\/12\/3-300x191.jpg 300w, https:\/\/www.raisg.org\/wp-content\/uploads\/2019\/12\/3-500x318.jpg 500w\" sizes=\"(max-width: 694px) 100vw, 694px\" \/><p id=\"caption-attachment-12369\" class=\"wp-caption-text\">Los mineros utilizan mercurio para extraer oro, envenenando los r\u00edos<\/p><\/div>\n<h2>Evo, el falso ind\u00edgena<\/h2>\n<p>En Bolivia se recuerda a Evo Morales como el \u201cfalso ind\u00edgena\u201d cuando en 2011 orden\u00f3 reprimir salvajemente una marcha de ind\u00edgenas que protestaban la ocupaci\u00f3n de sus tierras en el Parque Nacional Tipnis, reserva en la cuenca amaz\u00f3nica boliviana, donde viven 14.000 habitantes ancestrales de ese territorio. Desde entonces, Morales trat\u00f3 de imponer el proyecto de una carretera, planificada, financiada y construida por su vecino Brasil, con el objetivo de conseguir una salida al oc\u00e9ano Pac\u00edfico para exportar al Asia los productos de las mega corporaciones madereras y de soja que est\u00e1n devastando la Amazonia brasile\u00f1a. A la sombra de este proyecto tambi\u00e9n se encontraban los productores de coca, a quienes se les facilitar\u00eda esta v\u00eda de comunicaci\u00f3n dentro de la reserva. Recordemos que desde 1996, Evo Morales preside el Comit\u00e9 de Coordinaci\u00f3n de las seis federaciones de productores de coca de Bolivia.<\/p>\n<p>Sobre los recientes\u00a0incendios forestales\u00a0en Bolivia, que han devastado m\u00e1s de un mill\u00f3n de hect\u00e1reas con toda la flora y fauna que la integran, causando el desplazamiento de miles de ind\u00edgenas y campesinos, Carlos S\u00e1nchez Berza\u00edn, director del Interamerican Institute for Democracy, afirma que este ecocidio fue provocado y ejecutado \u00ablegalmente\u00bb por\u00a0Evo Morales, quien desde hace 30 a\u00f1os promueve y defiende con violencia y muerte la implantaci\u00f3n y expansi\u00f3n de cultivos ilegales de coca como materia prima de la coca\u00edna y del narcotr\u00e1fico regional.<\/p>\n<p>Expresa S\u00e1nchez Bersa\u00edn: \u201cLa zona del Tr\u00f3pico de Cochabamba fue convertida en cocalera por medio de quemas, talas y \u2018desmontes\u2019 de bosques tropicales. Los cultivos de coca ilegal que eran de 3.000 hect\u00e1reas en el a\u00f1o 2003, hoy son m\u00e1s de 80.000 hect\u00e1reas, porque Morales, el jefe vitalicio de las federaciones de cocaleros que producen coca\u00edna, es el jefe del Estado Plurinacional de Bolivia.<\/p>\n<p>La ampliaci\u00f3n de cultivos de coca ilegal ha llevado a Evo Morales a invadir y destrozar el Territorio Ind\u00edgena y Parque Nacional Isiboro-Secure, que es un \u00e1rea protegida de Bolivia, declarada Parque Nacional en 1965 y Territorio Ind\u00edgena en 1990, de una extensi\u00f3n de l.236.296 hect\u00e1reas en territorio de los departamentos de Cochabamba y Beni.<\/p>\n<div id=\"attachment_12373\" style=\"width: 704px\" class=\"wp-caption aligncenter\"><img decoding=\"async\" aria-describedby=\"caption-attachment-12373\" class=\"wp-image-12373 size-full\" src=\"https:\/\/www.raisg.org\/wp-content\/uploads\/2019\/11\/4.jpg\" alt=\"\" width=\"694\" height=\"346\" srcset=\"https:\/\/www.raisg.org\/wp-content\/uploads\/2019\/11\/4.jpg 694w, https:\/\/www.raisg.org\/wp-content\/uploads\/2019\/11\/4-300x150.jpg 300w, https:\/\/www.raisg.org\/wp-content\/uploads\/2019\/11\/4-500x249.jpg 500w\" sizes=\"(max-width: 694px) 100vw, 694px\" \/><p id=\"caption-attachment-12373\" class=\"wp-caption-text\">Patrulla del ELN<\/p><\/div>\n<p>El ecocidio est\u00e1 probado por acciones concretas de Evo Morales y su r\u00e9gimen, entre otras, el 25 de agosto de 2017 el vicepresidente de Morales repudia la protecci\u00f3n del ecosistema afirmando que \u00ablas \u00e1reas protegidas fueron elaboradas por los gringos para guardarse nuestros recursos naturales para el d\u00eda que se hagan cargo del pa\u00eds\u00bb.\u00a0 El 10 de julio de 2019 Evo Morales por decreto supremo 3973 ordena que \u00aben los departamentos de Santa Cruz y Beni se autoriza el desmonte para actividades agropecuarias en tierras privadas y comunitarias. En ambos departamentos se permite las quemas controladas\u00bb. El 16 de julio de 2019 el viceministro de Sustancias Controladas, en su informe oficial, admiti\u00f3 que \u201chay tala y quema de \u00e1rboles para ampliar el cultivo ilegal de coca en la reserva del Tipnis\u00bb.<\/p>\n<p>La Fundaci\u00f3n Amigos de la Naturaleza (fan-bo.org) informa que \u00abentre los a\u00f1os 2005 y el 2018\u00a0se ha detectado m\u00e1s de 7,1 millones de hect\u00e1reas de bosque quemado en Bolivia. 71% en Santa Cruz, 21% en el Beni. En 2018 las \u00e1reas quemadas en el Beni sumaron 1,8 millones de hect\u00e1reas\u00bb. Esto demuestra, adem\u00e1s, que en sus 14 a\u00f1os de detentar el poder, Evo Morales y su dictadura castrochavista hicieron del ecocidio una acci\u00f3n reiterada para su beneficio\u201d.<\/p>\n<p>Me pregunto: \u00bfqu\u00e9 piensan los antrop\u00f3logos de izquierda, que hacen activismo pol\u00edtico dentro de las universidades latinoamericanas, norteamericanas y europeas, de esta dram\u00e1tica realidad que viven los ind\u00edgenas de Amazonas y del ecocidio provocado por sus camaradas Ch\u00e1vez, Maduro, Evo y Lula? La supuesta utop\u00eda que anunciaron los ide\u00f3logos del Foro de Sao Paulo en 1990, la nueva Internacional Comunista dirigida desde Cuba, cuando decidieron fomentar movimientos pol\u00edticos \u00e9tnicos por los derechos de los ind\u00edgenas o \u201cpueblos originarios\u201d, reclutando a estos \u201cidiotas \u00fatiles\u201d para sus fines, no se trataba de otra cosa que la de sistematizar el saqueo de esos territorios para beneficio de las mafias corruptas de Brasil, Bolivia y Venezuela.<\/p>\n<div id=\"attachment_12378\" style=\"width: 607px\" class=\"wp-caption aligncenter\"><img decoding=\"async\" aria-describedby=\"caption-attachment-12378\" class=\"wp-image-12378 size-full\" src=\"https:\/\/www.raisg.org\/wp-content\/uploads\/2019\/11\/5.jpg\" alt=\"\" width=\"597\" height=\"401\" srcset=\"https:\/\/www.raisg.org\/wp-content\/uploads\/2019\/11\/5.jpg 597w, https:\/\/www.raisg.org\/wp-content\/uploads\/2019\/11\/5-300x202.jpg 300w, https:\/\/www.raisg.org\/wp-content\/uploads\/2019\/11\/5-500x336.jpg 500w\" sizes=\"(max-width: 597px) 100vw, 597px\" \/><p id=\"caption-attachment-12378\" class=\"wp-caption-text\">Ni\u00f1a yanomami<\/p><\/div>\n<p>La Amazonia, en su totalidad con una superficie de 5.5 millones de Km2, es considerado el pulm\u00f3n verde del planeta y constituye una de las m\u00e1s prodigiosas reservas de recursos naturales del mundo.\u00a0Sus bosques pluviales tienen una antig\u00fcedad de 75 millones de a\u00f1os y junto con otros id\u00e9nticos ecosistemas a lo largo del verde cintur\u00f3n ecuatorial del globo terr\u00e1queo, interact\u00faa con las zonas polares manteniendo el equilibrio clim\u00e1tico al producir nubes, lluvias, agua y ox\u00edgeno para hacer posible la vida en nuestro planeta. All\u00ed habitan culturas ind\u00edgenas ancestrales que viven en perfecto equilibrio con el ambiente.\u00a0Se deber\u00eda promover la creaci\u00f3n de una corte penal internacional, un N\u00faremberg ecol\u00f3gico, para enjuiciar y condenar a los criminales que destruyen su ecosistema.<\/p>\n<p>edgar.cherubini@gmail.com<\/p>\n<p>www.edgarcherubini.com<\/p>\n<p>&nbsp;<\/p>\n<p>Tomado de: https:\/\/www.elnacional.com\/opinion\/la-devastacion-del-amazonas-en-nombre-del-socialismo\/<\/p>\n","protected":false},"excerpt":{"rendered":"<p>El Nacional Edgar Cherubini 23 de Noviembre de 2019 &nbsp; Los gobiernos \u201csocialistas del siglo XXI\u201d y sus falsos \u201cpresidentes de los pobres\u201d se han caracterizado por entregar a oscuros intereses los recursos naturales y minerales de la Amazonia, llegando a ceder la soberan\u00eda sobre esos territorios a cambio de jugosos negocios en un \u201cse&hellip;<\/p>\n","protected":false},"author":321,"featured_media":12366,"comment_status":"open","ping_status":"open","sticky":false,"template":"","format":"standard","meta":{"_acf_changed":false,"footnotes":""},"categories":[2],"tags":[],"class_list":["post-12365","post","type-post","status-publish","format-standard","has-post-thumbnail","hentry","category-radar","category-2","description-off"],"acf":[],"_links":{"self":[{"href":"https:\/\/www.raisg.org\/en\/wp-json\/wp\/v2\/posts\/12365","targetHints":{"allow":["GET"]}}],"collection":[{"href":"https:\/\/www.raisg.org\/en\/wp-json\/wp\/v2\/posts"}],"about":[{"href":"https:\/\/www.raisg.org\/en\/wp-json\/wp\/v2\/types\/post"}],"author":[{"embeddable":true,"href":"https:\/\/www.raisg.org\/en\/wp-json\/wp\/v2\/users\/321"}],"replies":[{"embeddable":true,"href":"https:\/\/www.raisg.org\/en\/wp-json\/wp\/v2\/comments?post=12365"}],"version-history":[{"count":4,"href":"https:\/\/www.raisg.org\/en\/wp-json\/wp\/v2\/posts\/12365\/revisions"}],"predecessor-version":[{"id":12381,"href":"https:\/\/www.raisg.org\/en\/wp-json\/wp\/v2\/posts\/12365\/revisions\/12381"}],"wp:featuredmedia":[{"embeddable":true,"href":"https:\/\/www.raisg.org\/en\/wp-json\/wp\/v2\/media\/12366"}],"wp:attachment":[{"href":"https:\/\/www.raisg.org\/en\/wp-json\/wp\/v2\/media?parent=12365"}],"wp:term":[{"taxonomy":"category","embeddable":true,"href":"https:\/\/www.raisg.org\/en\/wp-json\/wp\/v2\/categories?post=12365"},{"taxonomy":"post_tag","embeddable":true,"href":"https:\/\/www.raisg.org\/en\/wp-json\/wp\/v2\/tags?post=12365"}],"curies":[{"name":"wp","href":"https:\/\/api.w.org\/{rel}","templated":true}]}}