{"id":12665,"date":"2019-12-20T13:57:23","date_gmt":"2019-12-20T16:57:23","guid":{"rendered":"https:\/\/www.amazoniasocioambiental.org\/radar\/los-controvertidos-planes-de-ecuador-y-peru-para-extraer-petroleo-que-despertaron-criticas-en-la-cumbre-del-clima-de-la-onu\/"},"modified":"2019-12-20T13:57:23","modified_gmt":"2019-12-20T16:57:23","slug":"los-controvertidos-planes-de-ecuador-y-peru-para-extraer-petroleo-que-despertaron-criticas-en-la-cumbre-del-clima-de-la-onu","status":"publish","type":"post","link":"https:\/\/www.raisg.org\/en\/radar\/los-controvertidos-planes-de-ecuador-y-peru-para-extraer-petroleo-que-despertaron-criticas-en-la-cumbre-del-clima-de-la-onu\/","title":{"rendered":"Los controvertidos planes de Ecuador y Per\u00fa para extraer petr\u00f3leo que despertaron cr\u00edticas en la cumbre del clima de la ONU"},"content":{"rendered":"<div class=\"story-body__inner\">\n<figure class=\"media-landscape has-caption full-width lead\"><span class=\"image-and-copyright-container\"><img fetchpriority=\"high\" decoding=\"async\" class=\"js-image-replace\" src=\"https:\/\/ichef.bbci.co.uk\/news\/660\/cpsprodpb\/10182\/production\/_110122956_1-1.jpg\" alt=\"Amazonas en Ecuador\" width=\"976\" height=\"549\" data-highest-encountered-width=\"660\" \/><span class=\"off-screen\">Derechos de autor de la imagen<\/span><span class=\"story-image-copyright\">AMAZON WATCH<\/span><\/span><figcaption class=\"media-caption\"><span class=\"off-screen\">Image caption<\/span><span class=\"media-caption__text\">Las llamadas Cuencas Sagradas del Amazonas son consideradas la regi\u00f3n m\u00e1s biodiversa del mundo.<\/span><\/figcaption><\/figure>\n<p style=\"text-align: right;\">BBC News<\/p>\n<p style=\"text-align: right;\">Mundo<\/p>\n<p style=\"text-align: right;\">13 de diciembre, 2019<\/p>\n<p class=\"story-body__introduction\">En el este de Ecuador y Per\u00fa se encuentra la zona m\u00e1s biodiversa del planeta: las llamadas Cuencas Sagradas del Amazonas, donde nace el r\u00edo m\u00e1s largo y caudaloso del mundo.<\/p>\n<p>Unos 500.000 ind\u00edgenas viven en esta regi\u00f3n, incluyendo pueblos que nunca han estado en contacto con otros de por fuera de su comunidad.<\/p>\n<p>Pero estas 30 millones de hect\u00e1reas de selva, que seg\u00fan los ambientalistas son\u00a0<strong>clave para mitigar el cambio clim\u00e1tico<\/strong>, esconden debajo de la tierra un tesoro que podr\u00eda poner bajo amenaza su propia existencia.<\/p>\n<p>Se estima que hay el equivalente a unos<strong>\u00a05.000 millones de barriles de petr\u00f3leo<\/strong>\u00a0bajo el suelo de estos bosques amaz\u00f3nicos.<\/p>\n<p>Parte de esa riqueza ya est\u00e1 siendo explotada, pero hasta ahora las presiones sociales hab\u00edan logrado preservar una gran secci\u00f3n de las Cuencas Sagradas.<\/p>\n<p>Sin embargo, grupos medioambientalistas e ind\u00edgenas que participan de la Conferencia de las Naciones Unidas sobre el Cambio Clim\u00e1tico (COP-25), que concluye este viernes en Madrid,\u00a0<strong>denunciaron que los gobiernos de Ecuador y Per\u00fa planean ampliar la exploraci\u00f3n y explotaci\u00f3n en esa zona.<\/strong><\/p>\n<p>Los activistas exigieron que se imponga<strong>\u00a0una &#8220;moratoria inmediata&#8221;<\/strong>\u00a0sobre la nueva extracci\u00f3n y exploraci\u00f3n de petr\u00f3leo en esa regi\u00f3n.<\/p>\n<figure class=\"media-landscape has-caption full-width\"><span class=\"image-and-copyright-container\"><img decoding=\"async\" class=\"responsive-image__img js-image-replace\" src=\"https:\/\/ichef.bbci.co.uk\/news\/624\/cpsprodpb\/12892\/production\/_110122957_2-1.jpg\" alt=\"Ind\u00edgenas protestan contra la explotaci\u00f3n petrolera en el Amazonas\" width=\"976\" height=\"649\" data-highest-encountered-width=\"624\" \/><span class=\"off-screen\">Derechos de autor de la imagen<\/span><span class=\"story-image-copyright\">GETTY IMAGES<\/span><\/span><\/figure>\n<p><span class=\"off-screen\">Image caption<\/span><span class=\"media-caption__text\">Representantes ind\u00edgenas exigieron ante el COP-25 una moratoria sobre la explotaci\u00f3n de petr\u00f3leo en la Amazon\u00eda.<\/span>Kevin Koenig, director de Clima y Energ\u00eda de Amazon Watch, quien encabez\u00f3 la denuncia, dijo a BBC Mundo desde Madrid que los planes muestran la &#8220;hipocres\u00eda&#8221; de estos pa\u00edses.<\/p>\n<p>&#8220;El otro d\u00eda el presidente de Ecuador, Len\u00edn Moreno, habl\u00f3 ante la COP-25 sobre proteger el planeta, pero al mismo tiempo planea ampliar la explotaci\u00f3n petrolera en la Amazon\u00eda&#8221;, acus\u00f3.<\/p>\n<p>Si bien medios locales han confirmado planes en este sentido en ambos pa\u00edses sudamericanos,\u00a0<strong>Per\u00fa\u00a0<\/strong><strong>lo niega y\u00a0<\/strong><strong>Ecuador no ha anunciado oficialmente ninguna licitaci\u00f3n nueva<\/strong>\u00a0en la regi\u00f3n de las Cuencas Sagradas.<\/p>\n<h2 class=\"story-body__crosshead\">Ecuador<\/h2>\n<p>Seg\u00fan inform\u00f3 el diario ecuatoriano\u00a0<i>El Comercio<\/i>, en 2020 la petrolera estatal ecuatoriana, Petroamazonas, planea ampliar la explotaci\u00f3n en una zona muy controvertida de la Amazon\u00eda, conocida como el bloque petrolero Ishpingo-Tambococha-Tiputini (ITT) o bloque 43.<\/p>\n<p>Se trata de uno de los casi 80 bloques en los que est\u00e1 dividida la regi\u00f3n amaz\u00f3nica ecuatoriana, considerada rica en petr\u00f3leo.<\/p>\n<figure class=\"media-landscape has-caption full-width\"><span class=\"image-and-copyright-container\"><img decoding=\"async\" class=\"responsive-image__img js-image-replace\" src=\"https:\/\/ichef.bbci.co.uk\/news\/624\/cpsprodpb\/176B2\/production\/_110122959_3-1.jpg\" alt=\"Mapa oficial de bloques petroleros de Ecuador\" width=\"976\" height=\"649\" data-highest-encountered-width=\"624\" \/><span class=\"off-screen\">Derechos de autor de la imagen<\/span><span class=\"story-image-copyright\">GOBIERNO DE ECUADOR<\/span><\/span><figcaption class=\"media-caption\"><span class=\"off-screen\">Image caption<\/span><span class=\"media-caption__text\">Al este de Ecuador se ven los bloques petroleros en la regi\u00f3n amaz\u00f3nica. Los verdes son explotados por Petroamazonas y los naranjas a\u00fan no han sido licitados, incluyendo la llamada zona Suroriente. En el resto hay petroleras privadas.<\/span><\/figcaption><\/figure>\n<p>Hasta ahora el gobierno ha permitido la exploraci\u00f3n y explotaci\u00f3n petrolera en cerca de la mitad de esa regi\u00f3n.<\/p>\n<p>Esto incluye partes del ITT, un bloque que bordea la llamada &#8220;zona intangible&#8221;, donde est\u00e1 prohibida la explotaci\u00f3n.<\/p>\n<p>Pero seg\u00fan\u00a0<i>El Comercio<\/i>, el gobierno ecuatoriano no solo planea ampliar la explotaci\u00f3n ya existente en el ITT. Tambi\u00e9n<strong>\u00a0licitar\u00e1 la llamada zona Suroriente<\/strong>, que incluye m\u00e1s de una docena de bloques en la frontera o cerca de la frontera con Per\u00fa.<\/p>\n<p>Se trata de un \u00e1rea gigante, que representa<strong>\u00a0m\u00e1s de un tercio de la regi\u00f3n amaz\u00f3nica\u00a0<\/strong>actualmente bajo exploraci\u00f3n o explotaci\u00f3n petrolera.<\/p>\n<h2 class=\"story-body__crosshead\">Per\u00fa<\/h2>\n<p><strong>Petroper\u00fa<\/strong>, la petrolera estatal peruana, ser\u00eda la encargada de llevar a cabo algunas de las nuevas explotaciones.<\/p>\n<p>El gobierno peruano anunci\u00f3 planes para &#8220;modernizar&#8221; el Oleoducto Norperuano, operado por Petroper\u00fa en la Amazon\u00eda, para poder incrementar su capacidad de transporte.<\/p>\n<p>El objetivo tambi\u00e9n ser\u00eda evitar la contaminaci\u00f3n ambiental, ya que ese ducto petrolero ha sido motivo de muchas cr\u00edticas por diversos derrames.<\/p>\n<figure class=\"media-landscape has-caption full-width\"><span class=\"image-and-copyright-container\"><img loading=\"lazy\" decoding=\"async\" class=\"responsive-image__img js-image-replace\" src=\"https:\/\/ichef.bbci.co.uk\/news\/624\/cpsprodpb\/1B0A\/production\/_110122960_4-1.jpg\" alt=\"Una protesta contra Petroper\u00fa en la Amazon\u00eda\" width=\"976\" height=\"549\" data-highest-encountered-width=\"624\" \/><span class=\"off-screen\">Derechos de autor de la imagen<\/span><span class=\"story-image-copyright\">AMAZON WATCH<\/span><\/span><figcaption class=\"media-caption\"><span class=\"off-screen\">Image caption<\/span><span class=\"media-caption__text\">La contaminaci\u00f3n generada por Petroper\u00fa en la regi\u00f3n amaz\u00f3nica ha provocado muchas protestas.<\/span><\/figcaption><\/figure>\n<p>El presidente del directorio de Petroper\u00fa, Carlos Paredes, se\u00f1al\u00f3 que no solo se busca &#8220;mejorar el oleoducto&#8221;, sino tambi\u00e9n &#8220;extender su \u00e1mbito de operaci\u00f3n&#8221;.<\/p>\n<p>En declaraciones a la agencia estatal de noticias,\u00a0<i>Andina<\/i>, Paredes dijo que la petrolera estatal est\u00e1 trabajando con empresas privadas y con el Ministerio de Energ\u00edas y Minas en la elaboraci\u00f3n de un estudio que &#8220;permita identificar y\u00a0<strong>proponer medidas concretas que fomenten el desarrollo de nuestra industria en la Amazon\u00eda<\/strong>&#8220;.<\/p>\n<p>Consultados por BBC Mundo sobre posibles planes para ampliar la explotaci\u00f3n petrolera en las llamadas Cuencas Sagradas del Amazonas, voceros del ministerio negaron tal posibilidad.<\/p>\n<p>&#8220;<strong>No se tiene en planes realizar ninguna adjudicaci\u00f3n de lotes de hidrocarburos en el Alto Amazonas en el a\u00f1o 2020<\/strong>&#8220;, se\u00f1al\u00f3 un portavoz.<\/p>\n<p>BBC Mundo tambi\u00e9n trat\u00f3 de ponerse en contacto con el Ministerio de Energ\u00edas y Recursos no renovables de Ecuador, pero al cierre de esta nota a\u00fan no hab\u00eda tenido \u00e9xito.<\/p>\n<h2 class=\"story-body__crosshead\">&#8220;Se\u00f1ales&#8221;<\/h2>\n<p>A pesar de las negativas oficiales, los activistas medioambientales apuntan a varias &#8220;se\u00f1ales&#8221; que mostrar\u00edan la intenci\u00f3n de ambos pa\u00edses de ampliar su explotaci\u00f3n petrolera en la Amazon\u00eda.<\/p>\n<figure class=\"media-landscape has-caption full-width\"><span class=\"image-and-copyright-container\"><img loading=\"lazy\" decoding=\"async\" class=\"responsive-image__img js-image-replace\" src=\"https:\/\/ichef.bbci.co.uk\/news\/624\/cpsprodpb\/17A08\/production\/_110067769_ecuador.png\" alt=\"Un cami\u00f3n de petr\u00f3leo en la Amazon\u00eda\" width=\"976\" height=\"549\" data-highest-encountered-width=\"624\" \/><span class=\"off-screen\">Derechos de autor de la imagen<\/span><span class=\"story-image-copyright\">GETTY IMAGES<\/span><\/span><figcaption class=\"media-caption\"><span class=\"off-screen\">Image caption<\/span><span class=\"media-caption__text\">Se estima que hay unos 5.000 millones de barriles de petr\u00f3leo en la regi\u00f3n amaz\u00f3nica.<\/span><\/figcaption><\/figure>\n<p><strong>Ecuador reform\u00f3 su ley de Hidrocarburos<\/strong>\u00a0para hacer que la explotaci\u00f3n petrolera sea m\u00e1s atractiva para las empresas extranjeras.<\/p>\n<p>En tanto, el gobierno peruano present\u00f3 un proyecto de reforma similar ante el Parlamento. Adem\u00e1s de aumentar el lucro para quienes exploten petr\u00f3leo, la propuesta tambi\u00e9n extiende los a\u00f1os de contrato.<\/p>\n<p>Seg\u00fan el Ministerio de Energ\u00edas y Minas peruano, la reforma busca &#8220;fortalecer la seguridad energ\u00e9tica del pa\u00eds, contar con un abastecimiento energ\u00e9tico competitivo y mejorar aspectos ambientales y sociales relacionados con la industria de los hidrocarburos&#8221;.<\/p>\n<p>Para Koenig, el objetivo de fondo es &#8220;<strong>resucitar la industria petrolera peruana<\/strong>&#8220;.<\/p>\n<p>El activista medioambiental ve indicios a\u00fan m\u00e1s claros de que Ecuador planea expandir su producci\u00f3n, que se centra en la regi\u00f3n amaz\u00f3nica.<\/p>\n<figure class=\"media-landscape has-caption full-width\"><span class=\"image-and-copyright-container\"><img loading=\"lazy\" decoding=\"async\" class=\"responsive-image__img js-image-replace\" src=\"https:\/\/ichef.bbci.co.uk\/news\/624\/cpsprodpb\/421A\/production\/_110122961_7-1.jpg\" alt=\"Un ind\u00edgena Waorani en la selva amaz\u00f3nica de Ecuador\" width=\"976\" height=\"549\" data-highest-encountered-width=\"624\" \/><span class=\"off-screen\">Derechos de autor de la imagen<\/span><span class=\"story-image-copyright\">GETTY IMAGES<\/span><\/span><figcaption class=\"media-caption\"><span class=\"off-screen\">Image caption<\/span><span class=\"media-caption__text\">Unos 500.000 ind\u00edgenas viven en esta regi\u00f3n de la Amazon\u00eda, incluyendo al pueblo Waorani de Ecuador.<\/span><\/figcaption><\/figure>\n<p>En mayo pasado el pa\u00eds suscribi\u00f3 siete contratos petroleros en esa zona y para este a\u00f1o ya anunci\u00f3 para marzo la entrega de licitaciones en la llamada &#8220;ronda Intercampos&#8221;, que ofrece ocho bloques en el norte de la Amazon\u00eda ecuatoriana.<\/p>\n<p>Hace una d\u00e9cada, el entonces presidente ecuatoriano Rafael Correa\u00a0<strong>hab\u00eda suspendido los contratos en esa zona por considerarlos perjudiciales.<\/strong><\/p>\n<p>Por otra parte, el gobierno de Moreno anunci\u00f3 que<strong>\u00a0en enero de 2020 Ecuador dejar\u00e1 de ser miembro de la Organizaci\u00f3n de Pa\u00edses Exportadores de Petr\u00f3leo (OPEP),<\/strong>\u00a0una decisi\u00f3n que le permitir\u00eda aumentar su producci\u00f3n de petr\u00f3leo libremente.<\/p>\n<p>Desde 2016, la OPEP impulsa recortes de la producci\u00f3n de crudo para estabilizar el precio en el mercado internacional. Como parte de esa organizaci\u00f3n, Ecuador deb\u00eda hacer lo propio. Ya no m\u00e1s.<\/p>\n<figure class=\"media-landscape has-caption full-width\"><span class=\"image-and-copyright-container\"><img loading=\"lazy\" decoding=\"async\" class=\"responsive-image__img js-image-replace\" src=\"https:\/\/ichef.bbci.co.uk\/news\/624\/cpsprodpb\/692A\/production\/_110122962_6-1.jpg\" alt=\"Logo de la OPEC\" width=\"976\" height=\"549\" data-highest-encountered-width=\"624\" \/><span class=\"off-screen\">Derechos de autor de la imagen<\/span><span class=\"story-image-copyright\">AFP<\/span><\/span><figcaption class=\"media-caption\"><span class=\"off-screen\">Image caption<\/span><span class=\"media-caption__text\">Ecuador ha anunciado que dejar\u00e1 la OPEP (OPEC por sus siglas en ingl\u00e9s) en 2020.<\/span><\/figcaption><\/figure>\n<p>El gobierno ecuatoriano inform\u00f3 que buscar\u00e1 aumentar su producci\u00f3n de petr\u00f3leo un 2% el a\u00f1o pr\u00f3ximo, para llegar a los 542.000 barriles por d\u00eda.<\/p>\n<p>Seg\u00fan un reciente editorial de\u00a0<i>El Comercio<\/i>, esto requerir\u00e1 que se ampl\u00ede la explotaci\u00f3n en el ITT y se licite la zona Suroriente de la Amazon\u00eda, en pleno coraz\u00f3n de las Cuencas Sagradas.<\/p>\n<p>Seg\u00fan Amazon Watch, si estas propuestas avanzan, se estar\u00e1 explotando\u00a0<strong>una zona de la Amazon\u00eda del tama\u00f1o de Italia<\/strong>.<\/p>\n<\/div>\n<p>Tomado de <a href=\"https:\/\/www.bbc.com\/mundo\/noticias-50764173\">https:\/\/www.bbc.com\/mundo\/noticias-50764173<\/a><\/p>\n","protected":false},"excerpt":{"rendered":"<p>Derechos de autor de la imagenAMAZON WATCHImage captionLas llamadas Cuencas Sagradas del Amazonas son consideradas la regi\u00f3n m\u00e1s biodiversa del mundo. BBC News Mundo 13 de diciembre, 2019 En el este de Ecuador y Per\u00fa se encuentra la zona m\u00e1s biodiversa del planeta: las llamadas Cuencas Sagradas del Amazonas, donde nace el r\u00edo m\u00e1s largo&hellip;<\/p>\n","protected":false},"author":327,"featured_media":0,"comment_status":"open","ping_status":"open","sticky":false,"template":"","format":"standard","meta":{"_acf_changed":false,"footnotes":""},"categories":[3],"tags":[],"class_list":["post-12665","post","type-post","status-publish","format-standard","hentry","category-radar","category-3","description-off"],"acf":[],"_links":{"self":[{"href":"https:\/\/www.raisg.org\/en\/wp-json\/wp\/v2\/posts\/12665","targetHints":{"allow":["GET"]}}],"collection":[{"href":"https:\/\/www.raisg.org\/en\/wp-json\/wp\/v2\/posts"}],"about":[{"href":"https:\/\/www.raisg.org\/en\/wp-json\/wp\/v2\/types\/post"}],"author":[{"embeddable":true,"href":"https:\/\/www.raisg.org\/en\/wp-json\/wp\/v2\/users\/327"}],"replies":[{"embeddable":true,"href":"https:\/\/www.raisg.org\/en\/wp-json\/wp\/v2\/comments?post=12665"}],"version-history":[{"count":0,"href":"https:\/\/www.raisg.org\/en\/wp-json\/wp\/v2\/posts\/12665\/revisions"}],"wp:attachment":[{"href":"https:\/\/www.raisg.org\/en\/wp-json\/wp\/v2\/media?parent=12665"}],"wp:term":[{"taxonomy":"category","embeddable":true,"href":"https:\/\/www.raisg.org\/en\/wp-json\/wp\/v2\/categories?post=12665"},{"taxonomy":"post_tag","embeddable":true,"href":"https:\/\/www.raisg.org\/en\/wp-json\/wp\/v2\/tags?post=12665"}],"curies":[{"name":"wp","href":"https:\/\/api.w.org\/{rel}","templated":true}]}}