{"id":14601,"date":"2020-04-24T14:33:13","date_gmt":"2020-04-24T17:33:13","guid":{"rendered":"https:\/\/www.amazoniasocioambiental.org\/radar\/a-dupla-ameaca-para-os-povos-da-amazonia\/"},"modified":"2020-04-24T14:34:00","modified_gmt":"2020-04-24T17:34:00","slug":"a-dupla-ameaca-para-os-povos-da-amazonia","status":"publish","type":"post","link":"https:\/\/www.raisg.org\/en\/radar\/a-dupla-ameaca-para-os-povos-da-amazonia\/","title":{"rendered":"A dupla amea\u00e7a para os povos da Amaz\u00f4nia"},"content":{"rendered":"<div class=\"wpb-content-wrapper\"><p>[vc_row][vc_column][vc_column_text]<\/p>\n<div class=\"a_auts flex flex_wrap \" style=\"text-align: right;\"><strong><span class=\"a_aut | margin_bottom uppercase flex align_items_center margin_right\"><a class=\"a_aut_n | color_black\" title=\"Ver todas as not\u00edcias de Luna G\u00e1mez\u200f\" href=\"https:\/\/brasil.elpais.com\/autor\/luna-gamez\/\">Luna G\u00e1mes<\/a><\/span><\/strong><\/div>\n<div class=\"a_auts flex flex_wrap \" style=\"text-align: right;\"><strong><span class=\"a_aut | margin_bottom uppercase flex align_items_center margin_right\">\u200fEl Pa\u00eds\u00a0<\/span><\/strong><\/div>\n<div class=\"\">\n<div class=\"a_pt | uppercase color_gray_medium_lighter \" style=\"text-align: right;\"><strong>24 de abril de 2020<\/strong><\/div>\n<\/div>\n<p>[\/vc_column_text][\/vc_column][\/vc_row][vc_row][vc_column][vc_column_text]<\/p>\n<h4 class=\"a_st font_secondary color_gray_dark \" style=\"text-align: center;\"><em>Ind\u00edgenas enfrentam a Covid-19, para o qual n\u00e3o t\u00eam imunidade alguma, e os garimpeiros ilegais que aproveitam para intensificar sua atividade enquanto as aten\u00e7\u00f5es est\u00e3o voltadas para a pandemia<\/em><\/h4>\n<p>&nbsp;<\/p>\n<p style=\"text-align: center;\"><img fetchpriority=\"high\" decoding=\"async\" class=\"aligncenter size-full wp-image-14593\" src=\"https:\/\/www.raisg.org\/wp-content\/uploads\/2020\/04\/ind\u00edgena-Funai.jpg\" alt=\"\" width=\"1500\" height=\"863\" srcset=\"https:\/\/www.raisg.org\/wp-content\/uploads\/2020\/04\/ind\u00edgena-Funai.jpg 1500w, https:\/\/www.raisg.org\/wp-content\/uploads\/2020\/04\/ind\u00edgena-Funai-300x173.jpg 300w, https:\/\/www.raisg.org\/wp-content\/uploads\/2020\/04\/ind\u00edgena-Funai-1024x589.jpg 1024w, https:\/\/www.raisg.org\/wp-content\/uploads\/2020\/04\/ind\u00edgena-Funai-768x442.jpg 768w, https:\/\/www.raisg.org\/wp-content\/uploads\/2020\/04\/ind\u00edgena-Funai-500x288.jpg 500w\" sizes=\"(max-width: 1500px) 100vw, 1500px\" \/><em>Ind\u00edgena acompanhado de agentes da Funai durante uma opera\u00e7\u00e3o contra o garimpo ilegal de ouro no territ\u00f3rio ianom\u00e2mi, em Roraima, numa imagem de arquivo.<\/em> <span class=\"f_a | color_black margin_left uppercase light\">BRUNO KELLY \/ REUTERS<\/span><\/p>\n<p>&nbsp;<\/p>\n<p class=\"\">A maioria dos casos de\u00a0<a href=\"https:\/\/brasil.elpais.com\/noticias\/covid-19\/\" target=\"_blank\" rel=\"noopener noreferrer\" data-link-track-dtm=\"\">Covid-19<\/a>\u00a0identificados at\u00e9 o momento entre os povos ind\u00edgenas das Am\u00e9ricas se encontra na regi\u00e3o amaz\u00f4nica, sendo 3 no Peru e 42 no Brasil, onde, al\u00e9m disso, quatro ind\u00edgenas j\u00e1 morreram,\u00a0<a href=\"http:\/\/www.saudeindigena.net.br\/coronavirus\/mapaEp.php\" target=\"_blank\" rel=\"noopener noreferrer\" data-link-track-dtm=\"\">segundo dados da Secretaria Especial de Sa\u00fade Ind\u00edgena (SESAI)<\/a>. \u201cExigimos que os Governos de cada um dos nossos pa\u00edses reconhe\u00e7am de maneira p\u00fablica sua responsabilidade em rela\u00e7\u00e3o aos povos e nacionalidades ind\u00edgenas como popula\u00e7\u00f5es especialmente vulner\u00e1veis \u00e0 pandemia, e que sejam tomadas todas as medidas necess\u00e1rias, culturalmente apropriadas e efetivas para proteger nossas comunidades e territ\u00f3rios. Em caso de a\u00e7\u00e3o contr\u00e1ria ou omiss\u00e3o, pedimos \u00e0 comunidade internacional que se mantenha em alerta m\u00e1ximo pelo poss\u00edvel cometimento de um ato genocida\u201d, afirma a Coordena\u00e7\u00e3o das Organiza\u00e7\u00f5es Ind\u00edgenas da Bacia Amaz\u00f4nica (COICA, na sigla em espanhol)\u00a0<a href=\"https:\/\/www.facebook.com\/CoordinadoraOrganizacionesIndigenasCuencaAmazonica\/posts\/630645284155427?__tn__=K-R&amp;_rdc=1&amp;_rdr\" target=\"_blank\" rel=\"noopener noreferrer\" data-link-track-dtm=\"\">em um comunicado publicado em 31 de mar\u00e7o<\/a>.<\/p>\n<p class=\"\">Na mensagem, a entidade aponta uma situa\u00e7\u00e3o de emerg\u00eancia em todos os pa\u00edses abrangidos pela Amaz\u00f4nia:\u00a0<a href=\"https:\/\/brasil.elpais.com\/noticias\/brasil\" target=\"_blank\" rel=\"noopener noreferrer\" data-link-track-dtm=\"\">Brasil<\/a>, Bol\u00edvia, Peru,\u00a0<a href=\"https:\/\/brasil.elpais.com\/noticias\/ecuador\/\" target=\"_blank\" rel=\"noopener noreferrer\" data-link-track-dtm=\"\">Equador<\/a>, Col\u00f4mbia,\u00a0<a href=\"https:\/\/brasil.elpais.com\/noticias\/venezuela\/\" target=\"_blank\" rel=\"noopener noreferrer\" data-link-track-dtm=\"\">Venezuela<\/a>, Guiana, Suriname e Guiana Francesa. Os\u00a0<a href=\"https:\/\/brasil.elpais.com\/noticias\/indigenas\" target=\"_blank\" rel=\"noopener noreferrer\" data-link-track-dtm=\"\">povos origin\u00e1rios<\/a>\u00a0destes pa\u00edses enfrentam agora um duplo problema: primeiro, a sua falta de imunidade diante deste novo v\u00edrus. O segundo \u00e9 menos midi\u00e1tico, mas evidente para quem o sofre: a intensifica\u00e7\u00e3o da atividade ilegal de garimpeiros e madeireiros aproveitando que as aten\u00e7\u00f5es est\u00e3o completamente voltadas pela pandemia.<\/p>\n<p class=\"\">\u201c\u00c9 um apelo dos povos ind\u00edgenas da Amaz\u00f4nia, porque est\u00e3o nos ignorando\u201d, declara Jos\u00e9 Gregorio D\u00edaz Mirabal, membro do povo Wakuenai Kurripako, origin\u00e1rio da\u00a0<a href=\"https:\/\/brasil.elpais.com\/noticias\/amazonia\/\" target=\"_blank\" rel=\"noopener noreferrer\" data-link-track-dtm=\"\">Amaz\u00f4nia<\/a>\u00a0venezuelana, e coordenador-geral da COICA. Em toda a regi\u00e3o amaz\u00f4nica, incluindo seus diversos pa\u00edses, h\u00e1 um total de 7.780 casos confirmados e 395 mortos, de acordo com o\u00a0<a href=\"https:\/\/redamazonica.org\/covid-19-panamazonia\/\" target=\"_blank\" rel=\"noopener noreferrer\" data-link-track-dtm=\"\">mapa atualizado em 21 de abril<\/a>\u00a0pela Rede Eclesi\u00e1stica Pan-Amaz\u00f4nica (REPAM), que n\u00e3o diferencia entre casos de ind\u00edgenas e n\u00e3o ind\u00edgenas em suas cifras.<\/p>\n<p class=\"\">A etnia sater\u00e9-maw\u00e9, conhecida como guardi\u00e3 do fruto do guaran\u00e1, \u00e9 uma das que j\u00e1 foram afetadas pelo coronav\u00edrus: com um caso de cont\u00e1gio confirmado,\u00a0<a href=\"https:\/\/amazoniareal.com.br\/grande-lideranca-satere-mawe-tuxaua-otavio-dos-santos-morre-por-covid-19-no-amazonas\/\" target=\"_blank\" rel=\"noopener noreferrer\" data-link-track-dtm=\"\">v\u00e1rios suspeitos e a morte de um\u00a0<i>tuxaua<\/i><\/a>, terminologia sater\u00e9 para designar os l\u00edderes anci\u00f5es de cada comunidade. \u201cO falecimento deixou a toda a aldeia S\u00e3o Benedito, de 90 pessoas, sob rigorosa\u00a0<a href=\"https:\/\/brasil.elpais.com\/noticias\/cuarentena\/\" target=\"_blank\" rel=\"noopener noreferrer\" data-link-track-dtm=\"\">quarentena<\/a>\u201d, conta, com tristeza, S\u00e9rgio Batista Garcia Wara, membro dessa etnia que habita a Terra Ind\u00edgena Andar\u00e1 Marau, que ocupa parte dos Estados do Amazonas e Par\u00e1.<\/p>\n<p class=\"\">\u201c<a href=\"https:\/\/brasil.elpais.com\/brasil\/2020-04-04\/estamos-assustados-e-fazemos-o-impossivel-para-que-a-aldeia-fique-em-casa.html\" target=\"_blank\" rel=\"noopener noreferrer\" data-link-track-dtm=\"\">A terra ind\u00edgena est\u00e1 em isolamento h\u00e1 quase um m\u00eas<\/a>. Faltam elementos b\u00e1sicos de higiene, como sab\u00e3o, e para se alimentar muita gente est\u00e1 recorrendo \u00e0 pesca e \u00e0 ca\u00e7a, embora estes recursos sejam a cada dia mais escassos\u201d, prossegue Batista. Nas profundezas da selva, a via fluvial \u00e9 a principal op\u00e7\u00e3o de transporte, em muitos casos a \u00fanica, mas as autoridades locais proibiram a navega\u00e7\u00e3o para evitar a propaga\u00e7\u00e3o do v\u00edrus. N\u00e3o obstante, estas restri\u00e7\u00f5es tamb\u00e9m dificultam o abastecimento de alimentos essenciais, entre eles certos medicamentos urgentes.<\/p>\n<p class=\"\">Batista, que trabalha em Parintins (AM), a cidade mais pr\u00f3xima, como diretor do Cons\u00f3rcio de Produtores Sater\u00e9-Maw\u00e9, n\u00e3o p\u00f4de se deslocar \u00e0 aldeia ind\u00edgena e observa a quarentena com seus filhos na cidade, onde j\u00e1 foram confirmados 37 casos positivos de coronav\u00edrus e cinco mortos. O Cons\u00f3rcio vende guaran\u00e1 nativo a redes de com\u00e9rcio justo da\u00a0<a href=\"https:\/\/brasil.elpais.com\/noticias\/francia\/\" target=\"_blank\" rel=\"noopener noreferrer\" data-link-track-dtm=\"\">Fran\u00e7a<\/a>\u00a0e\u00a0<a href=\"https:\/\/brasil.elpais.com\/noticias\/italia\/\" target=\"_blank\" rel=\"noopener noreferrer\" data-link-track-dtm=\"\">It\u00e1lia<\/a>, dois pa\u00edses duramente atingidos pelos efeitos da covid-19, e \u00e9 formado por 336 fam\u00edlias ind\u00edgenas associadas, que se inquietam pelo futuro de sua \u00fanica fonte de renda.<\/p>\n<p>&nbsp;<\/p>\n<h3 class=\"font_secondary color_gray_ultra_dark\"><strong>Povos em isolamento volunt\u00e1rio<\/strong><\/h3>\n<p class=\"\">H\u00e1 na Am\u00e9rica Latina\u00a0<a href=\"https:\/\/elpais.com\/elpais\/2018\/12\/27\/planeta_futuro\/1545911669_731711.html\" target=\"_blank\" rel=\"noopener noreferrer\" data-link-track-dtm=\"\">uma centena de povos origin\u00e1rios em isolamento volunt\u00e1rio<\/a>, ou seja, que n\u00e3o t\u00eam nenhum contato com outra popula\u00e7\u00e3o exterior, segundo a\u00a0<a href=\"https:\/\/www.survival.es\/articulos\/3111-preguntas-respuestas-pueblos-indigenas-aislados\" target=\"_blank\" rel=\"noopener noreferrer\" data-link-track-dtm=\"\">ONG Survival<\/a>. \u201cAs popula\u00e7\u00f5es em isolamento volunt\u00e1rio s\u00e3o extremamente suscet\u00edveis a este tipo de doen\u00e7as virais, porque n\u00e3o t\u00eam imunidade nem para esta nem para nenhuma das enfermidades respirat\u00f3rias que circulam no resto do mundo\u201d, explica o m\u00e9dico Douglas Rodrigues, especializado em sa\u00fade ind\u00edgena. O maior risco do coronav\u00edrus em rela\u00e7\u00e3o a outros v\u00edrus que tamb\u00e9m s\u00e3o desconhecidos para estes povos \u00e9 o potencial de dissemina\u00e7\u00e3o que ele apresenta. \u201cNo caso do\u00a0<a href=\"https:\/\/brasil.elpais.com\/noticias\/coronavirus\/\" target=\"_blank\" rel=\"noopener noreferrer\" data-link-track-dtm=\"\">coronav\u00edrus<\/a>, estamos reagindo como ind\u00edgenas isolados, j\u00e1 que n\u00e3o temos nenhuma mem\u00f3ria imunol\u00f3gica na popula\u00e7\u00e3o e por isso se produziu esta pandemia\u201d, ressalta este profissional da sa\u00fade que trabalha com comunidades amaz\u00f4nicas e faz pesquisas para a Universidade Federal de S\u00e3o Paulo.<\/p>\n<p class=\"\">Rodrigues afirma, taxativo, que a \u00fanica medida para proteger os ind\u00edgenas em isolamento volunt\u00e1rio \u00e9 manter-se \u00e0 dist\u00e2ncia e permitir que continuem isolados. Por\u00e9m, e embora esta recomenda\u00e7\u00e3o pare\u00e7a evidente, a nomea\u00e7\u00e3o do antrop\u00f3logo e mission\u00e1rio cat\u00f3lico Ricardo Lopes Dias para ocupar o cargo de gestor da Coordena\u00e7\u00e3o Geral de Povos Ind\u00edgenas Isolados e Rec\u00e9m Contatados da Funda\u00e7\u00e3o Nacional do \u00cdndio (Funai)\u00a0<a href=\"https:\/\/www.survival.es\/emails\/FUNAI-no-contactados\" target=\"_blank\" rel=\"noopener noreferrer\" data-link-track-dtm=\"\">ativou os alarmes de organiza\u00e7\u00f5es indigenistas como a Survival Internacional<\/a>. Lopes participou durante 10 anos da entidade cat\u00f3lica norte-americana Miss\u00e3o Novas Tribos, atualmente rebatizada como\u00a0<a href=\"https:\/\/ethnos360.org\/\" target=\"_blank\" rel=\"noopener noreferrer\" data-link-track-dtm=\"\">Ethnos360<\/a>, e atuou no vale do Javari, uma das maiores reserva ind\u00edgenas do Brasil, onde se encontra a maior concentra\u00e7\u00e3o de povos origin\u00e1rios isolados.<\/p>\n<p class=\"\">Essa organiza\u00e7\u00e3o, dedicada \u00e0 evangeliza\u00e7\u00e3o de comunidades ind\u00edgenas, tem um especial interesse em chegar aos povos isolados. Em 1987, os mission\u00e1rios estabeleceram contato com a\u00a0<a href=\"https:\/\/www.socioambiental.org\/pt-br\/noticias-socioambientais\/o-contato-da-morte\" target=\"_blank\" rel=\"noopener noreferrer\" data-link-track-dtm=\"\">etnia isolada dos zo\u2019\u00e9<\/a>; poucos anos depois, um ter\u00e7o da popula\u00e7\u00e3o havia morrido de doen\u00e7as como gripe ou mal\u00e1ria, e em 1991 a\u00a0<a href=\"https:\/\/brasil.elpais.com\/noticias\/funai-fundacion-nacional-indio-brasil\/\" target=\"_blank\" rel=\"noopener noreferrer\" data-link-track-dtm=\"\">Funai<\/a>\u00a0determinou a expuls\u00e3o dos mission\u00e1rios da \u00e1rea ind\u00edgena. Embora o Minist\u00e9rio P\u00fablico tenha aberto uma investiga\u00e7\u00e3o sobre a morte desses ind\u00edgenas, o processo acabou arquivado sem demonstrar a responsabilidade direta dos mission\u00e1rios.<\/p>\n<p>&nbsp;<\/p>\n<p style=\"text-align: center;\"><img decoding=\"async\" class=\"aligncenter size-full wp-image-14596\" src=\"https:\/\/www.raisg.org\/wp-content\/uploads\/2020\/04\/menina-sater\u00e9-maw\u00e9.jpg\" alt=\"\" width=\"1127\" height=\"639\" srcset=\"https:\/\/www.raisg.org\/wp-content\/uploads\/2020\/04\/menina-sater\u00e9-maw\u00e9.jpg 1127w, https:\/\/www.raisg.org\/wp-content\/uploads\/2020\/04\/menina-sater\u00e9-maw\u00e9-300x170.jpg 300w, https:\/\/www.raisg.org\/wp-content\/uploads\/2020\/04\/menina-sater\u00e9-maw\u00e9-1024x581.jpg 1024w, https:\/\/www.raisg.org\/wp-content\/uploads\/2020\/04\/menina-sater\u00e9-maw\u00e9-768x435.jpg 768w, https:\/\/www.raisg.org\/wp-content\/uploads\/2020\/04\/menina-sater\u00e9-maw\u00e9-500x283.jpg 500w\" sizes=\"(max-width: 1127px) 100vw, 1127px\" \/><em>Uma menina sater\u00e9-maw\u00e9 da aldeia da Vila Nova, na terra ind\u00edgena Andar\u00e1 Marau, no Amazonas. Este povo ind\u00edgena \u00e9 um dos mais vulner\u00e1veis ao novo coronav\u00edrus.<\/em>\u00a0<span class=\"f_a | color_black margin_left uppercase light\">LUNA G\u00c1MEZ<\/span><\/p>\n<p>&nbsp;<\/p>\n<p class=\"\">Em 3 de mar\u00e7o deste ano, a\u00a0<a href=\"https:\/\/trabalhoindigenista.org.br\/wp-content\/uploads\/2020\/03\/Nota_%C3%A0_Imprensa_Univaja_03._03.2020_ass%C3%A9dio_mission%C3%A1rio-1.pdf\" target=\"_blank\" rel=\"noopener noreferrer\" data-link-track-dtm=\"\">Uni\u00e3o dos Povos Ind\u00edgenas do Vale do Javari (Univaja)\u00a0<\/a>denunciou o recente aumento na presen\u00e7a de mission\u00e1rios tentando contatar povos isolados, captar ind\u00edgenas e \u201cabrir as portas da Terra Ind\u00edgena para a\u00e7\u00f5es nefastas de proselitismo religioso\u201d. A a\u00e7\u00e3o recebeu na sexta-feira, 17 de abril,\u00a0<a href=\"https:\/\/www.survival.es\/noticias\/12382\" target=\"_blank\" rel=\"noopener noreferrer\" data-link-track-dtm=\"\">uma senten\u00e7a favor\u00e1vel por parte da Justi\u00e7a brasileira<\/a>, que proibiu o contato de mission\u00e1rios com etnias isoladas no Vale do Javari.<\/p>\n<h3 class=\"font_secondary color_gray_ultra_dark\"><b>Intromiss\u00f5es arriscadas para a sa\u00fade<\/b><\/h3>\n<p class=\"\">A Amaz\u00f4nia como um todo est\u00e1 se tornando um poss\u00edvel foco de cont\u00e1gios. Especificamente o\u00a0<a href=\"https:\/\/brasil.elpais.com\/noticias\/estado-amazonas\/\" target=\"_blank\" rel=\"noopener noreferrer\" data-link-track-dtm=\"\">Estado do Amazonas<\/a>\u00a0apresenta desde o in\u00edcio da semana uma \u201ccurva acelerada\u201d de cont\u00e1gios, conforme confirmou o governador\u00a0<a href=\"https:\/\/brasil.elpais.com\/brasil\/2020-04-14\/governador-do-amazonas-90-dos-leitos-estao-com-pacientes-de-covid-19-estamos-numa-corrida-contra-o-tempo.html\" target=\"_blank\" rel=\"noopener noreferrer\" data-link-track-dtm=\"\">Wilson Lima<\/a>\u00a0(PSC), alertando para a falta de infraestrutura sanit\u00e1ria nos hospitais p\u00fablicos das cidades, que j\u00e1 est\u00e3o chegando \u00e0 sua satura\u00e7\u00e3o. A situa\u00e7\u00e3o tamb\u00e9m \u00e9 preocupante em outras partes da floresta, como no departamento peruano de Loreto, onde a maior parte da popula\u00e7\u00e3o \u00e9 constitu\u00edda por povos origin\u00e1rios e os servi\u00e7os de sa\u00fade s\u00e3o escassos.<\/p>\n<p class=\"\">Embora a Amaz\u00f4nia seja uma regi\u00e3o de acessos complicados, tamb\u00e9m \u00e9 uma galinha dos ovos de ouro para madeireiros, garimpeiros e outros buscadores de min\u00e9rios que veem na quarentena um momento ideal para explorar clandestinamente as \u00e1reas protegidas. \u201cNossos xam\u00e3s est\u00e3o trabalhando para nos proteger. Voc\u00eas tamb\u00e9m devem fazer o seu trabalho para evitar que a epidemia entre pelos caminhos abertos pelos n\u00e3o ind\u00edgenas\u201d, declara o\u00a0<a href=\"https:\/\/drive.google.com\/file\/d\/12FoAQ7RII-jvk1pf1UFzLWXz1kqdlxTg\/view\" target=\"_blank\" rel=\"noopener noreferrer\" data-link-track-dtm=\"\">comunicado<\/a>\u00a0da Associa\u00e7\u00e3o Hutukara, da\u00a0<a href=\"https:\/\/brasil.elpais.com\/brasil\/2020-04-10\/yanomami-de-15-anos-morre-vitima-do-coronavirus-em-roraima.html\" target=\"_blank\" rel=\"noopener noreferrer\" data-link-track-dtm=\"\">etnia yanomami, que j\u00e1 registrou um caso positivo e um morto na sua comunidade v\u00edtima do coronav\u00edrus SARS-CoV-2.<\/a><\/p>\n<p class=\"\">Este povo ancestral, com 26.780 indiv\u00edduos distribu\u00eddos entre o Brasil e a\u00a0<a href=\"https:\/\/brasil.elpais.com\/noticias\/venezuela\/\" target=\"_blank\" rel=\"noopener noreferrer\" data-link-track-dtm=\"\">Venezuela<\/a>, \u00e9 um dos mais amea\u00e7ados do todo o continente americano pela atividade relacionada \u00e0 minera\u00e7\u00e3o ilegal. Estima-se que em suas terras possa haver 20.000 garimpeiros clandestinos, uma cifra que quase iguala o n\u00famero de ind\u00edgenas. \u201cOs garimpeiros abriram caminhos pelos rios, por ar e por terra na \u00e1rea yanomami. Isto \u00e9 uma grande amea\u00e7a para a nossa sa\u00fade\u201d, alerta a nota desta tribo ind\u00edgena.<\/p>\n<p class=\"\">Ao seu lado, na vizinha\u00a0<a href=\"https:\/\/brasil.elpais.com\/noticias\/guyana\/\" target=\"_blank\" rel=\"noopener noreferrer\" data-link-track-dtm=\"\">Guiana Francesa<\/a>, as popula\u00e7\u00f5es ind\u00edgenas Wayana, Teko e Way\u00e3pi tamb\u00e9m sofrem as amea\u00e7as dos garimpeiros ilegais. Por este motivo, as comunidades que vivem junto ao rio Maroni come\u00e7aram a construir no fim de mar\u00e7o uma barreira para impedir a circula\u00e7\u00e3o fluvial e, especialmente, para bloquear a passagem dos mineradores.<\/p>\n<p class=\"\">\u201cOs buscadores de ouro est\u00e3o se aproveitando do confinamento, sabemos que sua\u00a0<a href=\"https:\/\/brasil.elpais.com\/noticias\/mineria\" target=\"_blank\" rel=\"noopener noreferrer\" data-link-track-dtm=\"\">atividade mineradora<\/a>\u00a0se intensificou nos \u00faltimos dias, porque a \u00e1gua do rio vem muito mais suja\u201d, relata Claudette Labont\u00e9, ind\u00edgena da etnia palikur, coordenadora de assuntos femininos da COICA e presidenta da federa\u00e7\u00e3o Parikweneh. \u201cO Governo franc\u00eas afirma estar em guerra contra a covid-19, mas n\u00f3s, os povos nativos, enfrentamos um duplo combate para continuarmos vivos: o v\u00edrus e os invasores\u201d, acrescenta ela, denunciando o abandono total do Governo franc\u00eas, que nem sequer lhes concede o estatuto de povo ancestral nem os direitos decorrentes disso, como o acesso \u00e0 terra.<\/p>\n<p class=\"\">A \u00fanica medida que o Executivo de Paris estabeleceu foi o confinamento total, o que Labont\u00e9 qualifica como \u201ccegueira pol\u00edtica\u201d, j\u00e1 que n\u00e3o considera as especificidades de suas formas de vida tradicionais. Muitos destes povos ind\u00edgenas vivem em estruturas comunit\u00e1rias, com v\u00e1rias fam\u00edlias em uma mesma oca e a necessidade vital de sair para pescar e assim garantir sua alimenta\u00e7\u00e3o. Labont\u00e9 afirma que as \u00e1reas ind\u00edgenas est\u00e3o sob grande press\u00e3o da explora\u00e7\u00e3o garimpeira. \u201cEstamos nos preparando para uma poss\u00edvel volta da conquista em nome do ouro.\u201d<\/p>\n<p class=\"\">Tamb\u00e9m no\u00a0<a href=\"https:\/\/brasil.elpais.com\/noticias\/ecuador\/\" target=\"_blank\" rel=\"noopener noreferrer\" data-link-track-dtm=\"\">Equador<\/a>\u00a0os mineradores se aproveitam da aten\u00e7\u00e3o dedicada \u00e0 pandemia e do confinamento decretado em muitas regi\u00f5es do pa\u00eds para intensificar suas atividades. \u201cA empresa Terraearth S.A continua trabalhando durante o estado de exce\u00e7\u00e3o sem ter alvar\u00e1s, sem licen\u00e7a ambiental e sem respeitar a emerg\u00eancia sanit\u00e1ria e toque de recolher, pondo em risco os habitantes da prov\u00edncia de Napo\u201d, denunciou no fim de mar\u00e7o,\u00a0<a href=\"https:\/\/twitter.com\/confeniae1\/status\/1244779065657131008?s=09\" target=\"_blank\" rel=\"noopener noreferrer\" data-link-track-dtm=\"\">pelo Twitter<\/a>, a Confedera\u00e7\u00e3o de Nacionalidades Ind\u00edgenas da Amaz\u00f4nia Equatoriana (CONIAE).<\/p>\n<p class=\"\">D\u00edaz, coordenador-geral da COICA e porta-voz dos povos da Amaz\u00f4nia, salienta que neste momento \u201co ouro vale mais que o petr\u00f3leo\u201d e alerta que a maioria dos povos ind\u00edgenas que habitam a selva amaz\u00f4nica est\u00e3o preocupados com sua sobreviv\u00eancia. \u201cTememos que a doen\u00e7a se espalhe e que, junto com a invas\u00e3o de nossas terras e a press\u00e3o da minera\u00e7\u00e3o ilegal, ocorra outro exterm\u00ednio dos povos ind\u00edgenas.\u201d<\/p>\n<p>&nbsp;<\/p>\n<p><a href=\"https:\/\/brasil.elpais.com\/planeta_futuro\/2020-04-23\/a-dupla-ameaca-para-os-povos-da-amazonia.html\">https:\/\/brasil.elpais.com\/planeta_futuro\/2020-04-23\/a-dupla-ameaca-para-os-povos-da-amazonia.html<\/a>[\/vc_column_text][\/vc_column][\/vc_row]<\/p>\n<\/div>","protected":false},"excerpt":{"rendered":"<p>A maioria dos casos de Covid-19 identificados at\u00e9 o momento entre os povos ind\u00edgenas das Am\u00e9ricas se encontra na regi\u00e3o amaz\u00f4nica, sendo 3 no Peru e 42 no Brasil, onde, al\u00e9m disso, quatro ind\u00edgenas j\u00e1 morreram, segundo dados da Secretaria Especial de Sa\u00fade Ind\u00edgena (SESAI). \u201cExigimos que os Governos de cada um dos nossos pa\u00edses reconhe\u00e7am de maneira p\u00fablica sua responsabilidade em rela\u00e7\u00e3o aos povos e nacionalidades ind\u00edgenas como popula\u00e7\u00f5es especialmente vulner\u00e1veis \u00e0 pandemia, e que sejam tomadas todas as medidas necess\u00e1rias, culturalmente apropriadas e efetivas para proteger nossas comunidades e territ\u00f3rios. Em caso de a\u00e7\u00e3o contr\u00e1ria ou omiss\u00e3o, pedimos \u00e0 comunidade internacional que se mantenha em alerta m\u00e1ximo pelo poss\u00edvel cometimento de um ato genocida\u201d, afirma a Coordena\u00e7\u00e3o das Organiza\u00e7\u00f5es Ind\u00edgenas da Bacia Amaz\u00f4nica (COICA, na sigla em espanhol) em um comunicado publicado em 31 de mar\u00e7o.<\/p>\n","protected":false},"author":11,"featured_media":14594,"comment_status":"open","ping_status":"open","sticky":false,"template":"","format":"standard","meta":{"_acf_changed":false,"footnotes":""},"categories":[3],"tags":[],"class_list":["post-14601","post","type-post","status-publish","format-standard","has-post-thumbnail","hentry","category-radar","category-3","description-off"],"acf":[],"_links":{"self":[{"href":"https:\/\/www.raisg.org\/en\/wp-json\/wp\/v2\/posts\/14601","targetHints":{"allow":["GET"]}}],"collection":[{"href":"https:\/\/www.raisg.org\/en\/wp-json\/wp\/v2\/posts"}],"about":[{"href":"https:\/\/www.raisg.org\/en\/wp-json\/wp\/v2\/types\/post"}],"author":[{"embeddable":true,"href":"https:\/\/www.raisg.org\/en\/wp-json\/wp\/v2\/users\/11"}],"replies":[{"embeddable":true,"href":"https:\/\/www.raisg.org\/en\/wp-json\/wp\/v2\/comments?post=14601"}],"version-history":[{"count":1,"href":"https:\/\/www.raisg.org\/en\/wp-json\/wp\/v2\/posts\/14601\/revisions"}],"predecessor-version":[{"id":14603,"href":"https:\/\/www.raisg.org\/en\/wp-json\/wp\/v2\/posts\/14601\/revisions\/14603"}],"wp:featuredmedia":[{"embeddable":true,"href":"https:\/\/www.raisg.org\/en\/wp-json\/wp\/v2\/media\/14594"}],"wp:attachment":[{"href":"https:\/\/www.raisg.org\/en\/wp-json\/wp\/v2\/media?parent=14601"}],"wp:term":[{"taxonomy":"category","embeddable":true,"href":"https:\/\/www.raisg.org\/en\/wp-json\/wp\/v2\/categories?post=14601"},{"taxonomy":"post_tag","embeddable":true,"href":"https:\/\/www.raisg.org\/en\/wp-json\/wp\/v2\/tags?post=14601"}],"curies":[{"name":"wp","href":"https:\/\/api.w.org\/{rel}","templated":true}]}}