{"id":17200,"date":"2020-08-04T23:01:41","date_gmt":"2020-08-05T02:01:41","guid":{"rendered":"https:\/\/www.amazoniasocioambiental.org\/radar\/pueblos-indigenas-de-ecuador-exigen-detener-el-extractivismo\/"},"modified":"2020-08-11T23:05:47","modified_gmt":"2020-08-12T02:05:47","slug":"pueblos-indigenas-de-ecuador-exigen-detener-el-extractivismo","status":"publish","type":"post","link":"https:\/\/www.raisg.org\/en\/radar\/pueblos-indigenas-de-ecuador-exigen-detener-el-extractivismo\/","title":{"rendered":"Pueblos ind\u00edgenas de Ecuador exigen detener el extractivismo"},"content":{"rendered":"<p><img decoding=\"async\" src=\"https:\/\/www.telesurtv.net\/__export\/1596585681883\/sites\/telesur\/img\/2020\/08\/04\/ecuador_cauces_y_suelos_contaminados_por_derrame_de_petrxleo.jpg_1718483347.jpg\" alt=\"Los pueblos ind\u00edgenas exigen reparaci\u00f3n por los da\u00f1os causados por las aver\u00edas de abril pasado, qe achacan a la negligencia.\" \/><\/p>\n<p>Los pueblos ind\u00edgenas exigen reparaci\u00f3n por los da\u00f1os causados por las aver\u00edas de abril pasado, qe achacan a la negligencia. | Foto: Deutsche Welle<\/p>\n<p>TeleSur<br \/>\n4 de agosto, 2020<\/p>\n<div class=\"subtitle\">\n<p>Las comunidades demandan que se detenga la extracci\u00f3n y el bombeo de petr\u00f3leo mientras dure la Covid-19.<\/p>\n<\/div>\n<div class=\"txt_newworld\">\n<p>Organizaciones ind\u00edgenas y de derechos humanos en Ecuador lanzaron este martes la campa\u00f1a internacional \u201cDet\u00e9n la Extracci\u00f3n en la Amazon\u00eda\u201d, que promueve la defensa de sus territorios de vida y acciones estrat\u00e9gicas como exigir la suspensi\u00f3n del bombeo de petr\u00f3leo a trav\u00e9s de los principales oleoductos del pa\u00eds.<\/p>\n<blockquote><p><strong>LEA TAMBI\u00c9N:<\/strong><\/p>\n<p><a href=\"https:\/\/www.telesurtv.net\/news\/trabajadores-guayaquil-protestan-despidos-impagos-20200804-0031.html\" target=\"_blank\" rel=\"noopener noreferrer\">Trabajadores en Guayaquil protestan ante despidos e impagos<\/a><\/p><\/blockquote>\n<p>Como parte de esta iniciativa, las comunidades que habitan junto a los r\u00edos Coca y Napo presentaron decenas de pedidos de medidas cautelares ante el Consejo de Judicatura de Puerto Francisco de Orellana, en el coraz\u00f3n de la regi\u00f3n amaz\u00f3nica del pa\u00eds.<\/p>\n<p>Estas demandas masivas -se prev\u00e9 que se presenten alrededor de 100- responden al avance acelerado de la erosi\u00f3n regresiva del r\u00edo Coca, catalogada como un peligro inminente a los derechos de estas comunidades a vivir en un ambiente sano, a la salud, la alimentaci\u00f3n, el acceso a la informaci\u00f3n y la justicia.<\/p>\n<div id=\"twitter-85\" class=\"ck-twitter\">\n<div class=\"twitter-tweet twitter-tweet-rendered\"><iframe id=\"twitter-widget-0\" class=\"\" title=\"Twitter Tweet\" src=\"https:\/\/platform.twitter.com\/embed\/index.html?dnt=false&amp;embedId=twitter-widget-0&amp;frame=false&amp;hideCard=false&amp;hideThread=false&amp;id=1290691116937940992&amp;lang=es&amp;origin=https%3A%2F%2Fwww.telesurtv.net%2Fnews%2Fpueblos-indigenas-ecuador-exigen-detener-extractivismo-20200804-0050.html&amp;siteScreenName=teleSURtv&amp;theme=light&amp;widgetsVersion=223fc1c4%3A1596143124634&amp;width=550px\" frameborder=\"0\" scrolling=\"no\" allowfullscreen=\"allowfullscreen\" data-tweet-id=\"1290691116937940992\" data-mce-fragment=\"1\"><\/iframe><\/div>\n<\/div>\n<p>A inicios de abril pasado se produjo en esta regi\u00f3n la rotura de los principales oleoductos ecuatorianos: el Sistema de Oleoducto Transecuatoriano (Sote), del Oleoducto de Crudos Pesados (OCP) y el Poliducto Shushufindi\u2013Quito.<\/p>\n<p>La aver\u00eda y posterior derrame de miles de barriles de crudo al suelo y cauces de los r\u00edos afect\u00f3 a m\u00e1s de 100 comunidades ind\u00edgenas con una poblaci\u00f3n de al menos 27.000 personas, de la etnia\u00a0Kichwa.<\/p>\n<p>Las comunidades denunciaron que detr\u00e1s de la rotura estaba la negligencia de las empresas y otras entidades p\u00fablicas, que no adoptaron medidas preventivas pese a que alertaron sobre las consecuencias de la erosi\u00f3n regresiva, unido a la inestabilidad geol\u00f3gica, la actividad s\u00edsmica y volc\u00e1nica de la regi\u00f3n.<\/p>\n<div id=\"twitter-19\" class=\"ck-twitter\">\n<div class=\"twitter-tweet twitter-tweet-rendered\"><iframe id=\"twitter-widget-1\" class=\"\" title=\"Twitter Tweet\" src=\"https:\/\/platform.twitter.com\/embed\/index.html?dnt=false&amp;embedId=twitter-widget-1&amp;frame=false&amp;hideCard=false&amp;hideThread=false&amp;id=1290720773007716352&amp;lang=es&amp;origin=https%3A%2F%2Fwww.telesurtv.net%2Fnews%2Fpueblos-indigenas-ecuador-exigen-detener-extractivismo-20200804-0050.html&amp;siteScreenName=teleSURtv&amp;theme=light&amp;widgetsVersion=223fc1c4%3A1596143124634&amp;width=550px\" frameborder=\"0\" scrolling=\"no\" allowfullscreen=\"allowfullscreen\" data-tweet-id=\"1290720773007716352\" data-mce-fragment=\"1\"><\/iframe><\/div>\n<\/div>\n<p>En aras de evitar futuras aver\u00edas y derrames, las comunidades demandan la inmediata suspensi\u00f3n del bombeo, el establecimiento de planes efectivos de respuesta inmediata, la reparaci\u00f3n ante posibles inundaciones y otros da\u00f1os, y la provisi\u00f3n de agua y prote\u00edna animal de manera estable hasta que los cauces del Coca y el Napo recuperen su normalidad.<\/p>\n<p>Tras la aver\u00eda, las comunidades presentaron una demanda de acci\u00f3n de protecci\u00f3n y medidas cautelares, pero la audiencia judicial contin\u00faa suspendida desde junio pese a que no cuentan con medios de vida dignos para sobrevivir a la Covid-19.<\/p>\n<p>La Coordinadora de Organizaciones Ind\u00edgenas de la Cuenca Amaz\u00f3nica (Coica); la Confederaci\u00f3n de Nacionalidades Ind\u00edgenas del Ecuador (Conaie), la Confederaci\u00f3n de Nacionalidades Ind\u00edgenas de la Amazon\u00eda Ecuatoriana (Confeniae) y la Alianza de Organizaciones por los Derechos Humanos respaldan la campa\u00f1a \u201cDet\u00e9n la Extracci\u00f3n en la Amazon\u00eda\u201d.<\/p>\n<p>Tomado de:<a href=\"https:\/\/www.telesurtv.net\/news\/pueblos-indigenas-ecuador-exigen-detener-extractivismo-20200804-0050.html\"> https:\/\/www.telesurtv.net\/news\/pueblos-indigenas-ecuador-exigen-detener-extractivismo-20200804-0050.html<\/a><\/p>\n<\/div>\n","protected":false},"excerpt":{"rendered":"<p>Las comunidades demandan que se detenga la extracci\u00f3n y el bombeo de petr\u00f3leo mientras dure la Covid-19.<\/p>\n<p>Organizaciones ind\u00edgenas y de derechos humanos en Ecuador lanzaron este martes la campa\u00f1a internacional \u201cDet\u00e9n la Extracci\u00f3n en la Amazon\u00eda\u201d, que promueve la defensa de sus territorios de vida y acciones estrat\u00e9gicas como exigir la suspensi\u00f3n del bombeo de petr\u00f3leo a trav\u00e9s de los principales oleoductos del pa\u00eds.<\/p>\n","protected":false},"author":327,"featured_media":0,"comment_status":"open","ping_status":"open","sticky":false,"template":"","format":"standard","meta":{"_acf_changed":false,"footnotes":""},"categories":[3],"tags":[],"class_list":["post-17200","post","type-post","status-publish","format-standard","hentry","category-radar","category-3","description-off"],"acf":[],"_links":{"self":[{"href":"https:\/\/www.raisg.org\/en\/wp-json\/wp\/v2\/posts\/17200","targetHints":{"allow":["GET"]}}],"collection":[{"href":"https:\/\/www.raisg.org\/en\/wp-json\/wp\/v2\/posts"}],"about":[{"href":"https:\/\/www.raisg.org\/en\/wp-json\/wp\/v2\/types\/post"}],"author":[{"embeddable":true,"href":"https:\/\/www.raisg.org\/en\/wp-json\/wp\/v2\/users\/327"}],"replies":[{"embeddable":true,"href":"https:\/\/www.raisg.org\/en\/wp-json\/wp\/v2\/comments?post=17200"}],"version-history":[{"count":1,"href":"https:\/\/www.raisg.org\/en\/wp-json\/wp\/v2\/posts\/17200\/revisions"}],"predecessor-version":[{"id":17204,"href":"https:\/\/www.raisg.org\/en\/wp-json\/wp\/v2\/posts\/17200\/revisions\/17204"}],"wp:attachment":[{"href":"https:\/\/www.raisg.org\/en\/wp-json\/wp\/v2\/media?parent=17200"}],"wp:term":[{"taxonomy":"category","embeddable":true,"href":"https:\/\/www.raisg.org\/en\/wp-json\/wp\/v2\/categories?post=17200"},{"taxonomy":"post_tag","embeddable":true,"href":"https:\/\/www.raisg.org\/en\/wp-json\/wp\/v2\/tags?post=17200"}],"curies":[{"name":"wp","href":"https:\/\/api.w.org\/{rel}","templated":true}]}}