{"id":18847,"date":"2020-10-09T22:48:46","date_gmt":"2020-10-10T01:48:46","guid":{"rendered":"https:\/\/www.amazoniasocioambiental.org\/radar\/activista-indigena-del-amazonas-pelea-por-salvar-la-selva-y-el-futuro-de-su-tribu\/"},"modified":"2020-10-15T22:50:58","modified_gmt":"2020-10-16T01:50:58","slug":"activista-indigena-del-amazonas-pelea-por-salvar-la-selva-y-el-futuro-de-su-tribu","status":"publish","type":"post","link":"https:\/\/www.raisg.org\/en\/radar\/activista-indigena-del-amazonas-pelea-por-salvar-la-selva-y-el-futuro-de-su-tribu\/","title":{"rendered":"Activista ind\u00edgena del Amazonas pelea por salvar la selva y el futuro de su tribu"},"content":{"rendered":"<p class=\"font_tertiary paragraph\" style=\"text-align: right;\">Bruno Kelly<\/p>\n<p style=\"text-align: right;\">09 de Octubre de 2020<\/p>\n<p>&nbsp;<\/p>\n<p class=\"font_tertiary paragraph\">MANAUS, Brasil, 9 oct (Reuters) &#8211; Samela Sater\u00e9-Maw\u00e9, una estudiante de biolog\u00eda de 24 a\u00f1os, tiene una creencia que la gu\u00eda: si la selva tropical muere, tambi\u00e9n lo har\u00e1 su tribu amaz\u00f3nica.<\/p>\n<p class=\"font_tertiary paragraph\">&#8220;Los pueblos ind\u00edgenas son una extensi\u00f3n de la naturaleza, y la naturaleza es una extensi\u00f3n de nosotros&#8221;, dijo la activista ambiental, que se uni\u00f3 al movimiento &#8220;Fridays for Future&#8221; de Greta Thunberg para salvar la selva.<\/p>\n<div class=\"Ad_1 | ad-wrapper display_flex align_items_center width_full justify_center\">\n<div class=\"\">El activismo ambiental, sostuvo la joven en di\u00e1logo con Reuters, es un nuevo nombre para lo que los Sater\u00e9-Maw\u00e9 han estado haciendo durante siglos.<\/div>\n<\/div>\n<p class=\"font_tertiary paragraph\">Samela publica videos en las redes sociales y participa en los eventos de &#8220;Fridays for Future&#8221; cuando no est\u00e1 estudiando o haciendo mascarillas anti-COVID en un taller de manualidades con otras mujeres ind\u00edgenas en un suburbio de Manaus.<\/p>\n<p class=\"font_tertiary paragraph\">Los cient\u00edficos dicen que el Amazonas, la selva tropical m\u00e1s grande del mundo, absorbe grandes cantidades de di\u00f3xido de carbono y su preservaci\u00f3n es vital para frenar el cambio clim\u00e1tico.<\/p>\n<p class=\"font_tertiary paragraph\">Samela se\u00f1ala que Greta es una inspiraci\u00f3n para ella, pero m\u00e1s lo son sus ra\u00edces en la cultura ind\u00edgena amaz\u00f3nica, de donde deriva su preocupaci\u00f3n por el medio ambiente y la selva, que est\u00e1 amenazada por madereros ilegales, la expansi\u00f3n de las tierras y de la explotaci\u00f3n minera.<\/p>\n<p class=\"font_tertiary paragraph\">Los Sater\u00e9-Maw\u00e9 son habitantes de la selva cuyas tierras ancestrales estaban junto a las cabeceras de los afluentes del Amazonas. Su primer contacto con los europeos fue con los misioneros jesuitas a mediados del siglo XVII.<\/p>\n<div class=\"Ad_3 | ad-wrapper display_flex align_items_center width_full justify_center\">\n<div class=\"\">La explotaci\u00f3n de la selva y las enfermedades tra\u00eddas por los forasteros han llevado a cientos de los 13.350 Sater\u00e9-Maw\u00e9 a mudarse a \u00e1reas urbanas, como hicieron los padres de Samela antes de que ella naciera.<\/div>\n<\/div>\n<p class=\"font_tertiary paragraph\">En la actualidad, su principal fuente de sustento es la semilla de guaran\u00e1, que crece en una enredadera en y es molida hasta convertirla en un polvo que se usa para bebidas energ\u00e9ticas y como suplemento diet\u00e9tico.<\/p>\n<div class=\"Ad_4 | ad-wrapper display_flex align_items_center width_full justify_center\">\n<div class=\"\">Samela dice que la selva est\u00e1 amenazada por el gobierno del presidente de extrema derecha Jair Bolsonaro, que ha aliviado los controles ambientales y planea desarrollar econ\u00f3micamente la Amazon\u00eda. Esto ha animado a los mineros y madereros ilegales a invadir las reservas ind\u00edgenas.<\/div>\n<\/div>\n<p class=\"font_tertiary paragraph\">Este a\u00f1o, los incendios que se inician principalmente para despejar la tierra para el ganado y la agricultura en la estaci\u00f3n seca, aumentaron a un m\u00e1ximo de 10 a\u00f1os en agosto, seg\u00fan datos satelitales del gobierno.<\/p>\n<div class=\"Ad_5 | ad-wrapper display_flex align_items_center width_full justify_center\">\n<div class=\"\">Samela cree que los pueblos ind\u00edgenas son los mejores guardianes de la selva porque dependen de su biodiversidad para sobrevivir y no est\u00e1n motivados por la codicia que impulsa la destrucci\u00f3n ambiental.<\/div>\n<\/div>\n<p class=\"font_tertiary paragraph\">&#8220;Los incendios me ponen muy triste, porque estamos perdiendo mucho territorio (&#8230;) Si la selva desaparece, moriremos&#8221;, se\u00f1al\u00f3.<\/p>\n<p>Tomado de: https:\/\/www.infobae.com\/america\/agencias\/2020\/10\/09\/activista-indigena-del-amazonas-pelea-por-salvar-la-selva-y-el-futuro-de-su-tribu-2\/<\/p>\n","protected":false},"excerpt":{"rendered":"<p>Bruno Kelly 09 de Octubre de 2020 &nbsp; MANAUS, Brasil, 9 oct (Reuters) &#8211; Samela Sater\u00e9-Maw\u00e9, una estudiante de biolog\u00eda de 24 a\u00f1os, tiene una creencia que la gu\u00eda: si la selva tropical muere, tambi\u00e9n lo har\u00e1 su tribu amaz\u00f3nica. &#8220;Los pueblos ind\u00edgenas son una extensi\u00f3n de la naturaleza, y la naturaleza es una extensi\u00f3n&hellip;<\/p>\n","protected":false},"author":321,"featured_media":18844,"comment_status":"open","ping_status":"open","sticky":false,"template":"","format":"standard","meta":{"_acf_changed":false,"footnotes":""},"categories":[3],"tags":[],"class_list":["post-18847","post","type-post","status-publish","format-standard","has-post-thumbnail","hentry","category-radar","category-3","description-off"],"acf":[],"_links":{"self":[{"href":"https:\/\/www.raisg.org\/en\/wp-json\/wp\/v2\/posts\/18847","targetHints":{"allow":["GET"]}}],"collection":[{"href":"https:\/\/www.raisg.org\/en\/wp-json\/wp\/v2\/posts"}],"about":[{"href":"https:\/\/www.raisg.org\/en\/wp-json\/wp\/v2\/types\/post"}],"author":[{"embeddable":true,"href":"https:\/\/www.raisg.org\/en\/wp-json\/wp\/v2\/users\/321"}],"replies":[{"embeddable":true,"href":"https:\/\/www.raisg.org\/en\/wp-json\/wp\/v2\/comments?post=18847"}],"version-history":[{"count":1,"href":"https:\/\/www.raisg.org\/en\/wp-json\/wp\/v2\/posts\/18847\/revisions"}],"predecessor-version":[{"id":18850,"href":"https:\/\/www.raisg.org\/en\/wp-json\/wp\/v2\/posts\/18847\/revisions\/18850"}],"wp:featuredmedia":[{"embeddable":true,"href":"https:\/\/www.raisg.org\/en\/wp-json\/wp\/v2\/media\/18844"}],"wp:attachment":[{"href":"https:\/\/www.raisg.org\/en\/wp-json\/wp\/v2\/media?parent=18847"}],"wp:term":[{"taxonomy":"category","embeddable":true,"href":"https:\/\/www.raisg.org\/en\/wp-json\/wp\/v2\/categories?post=18847"},{"taxonomy":"post_tag","embeddable":true,"href":"https:\/\/www.raisg.org\/en\/wp-json\/wp\/v2\/tags?post=18847"}],"curies":[{"name":"wp","href":"https:\/\/api.w.org\/{rel}","templated":true}]}}