{"id":19317,"date":"2020-10-27T20:59:33","date_gmt":"2020-10-27T23:59:33","guid":{"rendered":"https:\/\/www.amazoniasocioambiental.org\/radar\/comunidades-en-la-amazonia-preparadas-para-el-monitoreo-y-la-gestion-de-incendios-forestales\/"},"modified":"2020-11-08T21:05:18","modified_gmt":"2020-11-09T00:05:18","slug":"comunidades-en-la-amazonia-preparadas-para-el-monitoreo-y-la-gestion-de-incendios-forestales","status":"publish","type":"post","link":"https:\/\/www.raisg.org\/en\/radar\/comunidades-en-la-amazonia-preparadas-para-el-monitoreo-y-la-gestion-de-incendios-forestales\/","title":{"rendered":"Comunidades en la Amazon\u00eda, preparadas para el monitoreo y la gesti\u00f3n de incendios forestales"},"content":{"rendered":"<p style=\"text-align: right;\">WWF<\/p>\n<p style=\"text-align: right;\">27 de Octubre de 2020<\/p>\n<p>&nbsp;<\/p>\n<p>Miembros de las comunidades de Bella Vista y California, en el Parque Departamental y \u00c1rea Natural de Manejo Integrado It\u00e9nez, en el departamento del Beni, junto a guardaparques y autoridades locales, fueron capacitados en el monitoreo y la gesti\u00f3n de incendios forestales.<\/p>\n<p>Los participantes fortalecieron sus habilidades en el monitoreo satelital de incendios dentro del parque y en comunidades m\u00e1s vulnerables al fuego, como Bella Vista y California. Este monitoreo permitir\u00e1 a las autoridades identificar focos de calor y de incendios en tiempo real, para permitir una gesti\u00f3n oportuna de esta emergencia.<\/p>\n<p>Asimismo, se sostuvo una reuni\u00f3n de coordinaci\u00f3n y planificaci\u00f3n para la prevenci\u00f3n de incendios con autoridades de ambas comunidades, con el fin de identificar acciones conjuntas para la prevenci\u00f3n y gesti\u00f3n de los incendios forestales. Tras esta reuni\u00f3n, se hizo la capacitaci\u00f3n de 20 bomberos voluntarios en la atenci\u00f3n del fuego que incluy\u00f3 un simulacro. Por otro lado, como parte de las acciones conjuntas de prevenci\u00f3n, guardaparques del PD ANMI It\u00e9nez, implementaron una campa\u00f1a de socializaci\u00f3n y sensibilizaci\u00f3n con cada agricultor de la zona sobre el control de quemas en sus parcelas para evitar incendios forestales.<\/p>\n<p><em>\u201cWWF-Bolivia trabaja en la Amazon\u00eda hace poco m\u00e1s de 27 a\u00f1os, con el objetivo de preservar este paisaje, muy importante para el pa\u00eds y para el mundo. La deforestaci\u00f3n y los incendios forestales, entre otras causas, ponen en riesgo a esta eco regi\u00f3n, que ya se encuentra cerca de llegar a un punto sin retorno.\u00a0 Si perdemos entre 5% y 8% m\u00e1s de este bosque tropical, la Amazon\u00eda puede pasar a ser un bosque seco. Por eso la importancia de protegerla.\u201d,<\/em> mencion\u00f3 Jos\u00e9 Argando\u00f1a, coordinador del \u00e1rea de Cambio Clim\u00e1tico y Bosques en WWF-Bolivia.<\/p>\n<p>En d\u00edas anteriores 10.000 hect\u00e1reas de bosque fueron impactadas por el fuego en el PD ANMI It\u00e9nez, zona de Bella Vista. El fuego, que estuvo muy cerca de alcanzar la comunidad campesina de Bella Vista, fue controlado con el apoyo de70 a 150 voluntarios pobladores locales que trabajaron junto a las brigadas de protecci\u00f3n y fuerza militar. WWF-Bolivia adem\u00e1s contribuy\u00f3 a este esfuerzo con apoyo log\u00edstico y alimentaci\u00f3n para los voluntarios.<\/p>\n<p>Tomado de: https:\/\/www.wwf.org.bo\/?uNewsID=365010<\/p>\n","protected":false},"excerpt":{"rendered":"<p>WWF 27 de Octubre de 2020 &nbsp; Miembros de las comunidades de Bella Vista y California, en el Parque Departamental y \u00c1rea Natural de Manejo Integrado It\u00e9nez, en el departamento del Beni, junto a guardaparques y autoridades locales, fueron capacitados en el monitoreo y la gesti\u00f3n de incendios forestales. Los participantes fortalecieron sus habilidades en&hellip;<\/p>\n","protected":false},"author":321,"featured_media":19314,"comment_status":"open","ping_status":"open","sticky":false,"template":"","format":"standard","meta":{"_acf_changed":false,"footnotes":""},"categories":[3],"tags":[],"class_list":["post-19317","post","type-post","status-publish","format-standard","has-post-thumbnail","hentry","category-radar","category-3","description-off"],"acf":[],"_links":{"self":[{"href":"https:\/\/www.raisg.org\/en\/wp-json\/wp\/v2\/posts\/19317","targetHints":{"allow":["GET"]}}],"collection":[{"href":"https:\/\/www.raisg.org\/en\/wp-json\/wp\/v2\/posts"}],"about":[{"href":"https:\/\/www.raisg.org\/en\/wp-json\/wp\/v2\/types\/post"}],"author":[{"embeddable":true,"href":"https:\/\/www.raisg.org\/en\/wp-json\/wp\/v2\/users\/321"}],"replies":[{"embeddable":true,"href":"https:\/\/www.raisg.org\/en\/wp-json\/wp\/v2\/comments?post=19317"}],"version-history":[{"count":1,"href":"https:\/\/www.raisg.org\/en\/wp-json\/wp\/v2\/posts\/19317\/revisions"}],"predecessor-version":[{"id":19319,"href":"https:\/\/www.raisg.org\/en\/wp-json\/wp\/v2\/posts\/19317\/revisions\/19319"}],"wp:featuredmedia":[{"embeddable":true,"href":"https:\/\/www.raisg.org\/en\/wp-json\/wp\/v2\/media\/19314"}],"wp:attachment":[{"href":"https:\/\/www.raisg.org\/en\/wp-json\/wp\/v2\/media?parent=19317"}],"wp:term":[{"taxonomy":"category","embeddable":true,"href":"https:\/\/www.raisg.org\/en\/wp-json\/wp\/v2\/categories?post=19317"},{"taxonomy":"post_tag","embeddable":true,"href":"https:\/\/www.raisg.org\/en\/wp-json\/wp\/v2\/tags?post=19317"}],"curies":[{"name":"wp","href":"https:\/\/api.w.org\/{rel}","templated":true}]}}