{"id":19378,"date":"2020-10-29T21:26:35","date_gmt":"2020-10-30T00:26:35","guid":{"rendered":"https:\/\/www.amazoniasocioambiental.org\/radar\/amazonas-indigenas-denuncian-falta-de-gobierno-en-comunidad-coromoto\/"},"modified":"2020-11-08T21:39:46","modified_gmt":"2020-11-09T00:39:46","slug":"amazonas-indigenas-denuncian-falta-de-gobierno-en-comunidad-coromoto","status":"publish","type":"post","link":"https:\/\/www.raisg.org\/en\/radar\/amazonas-indigenas-denuncian-falta-de-gobierno-en-comunidad-coromoto\/","title":{"rendered":"Amazonas | Ind\u00edgenas denuncian falta de gobierno en comunidad Coromoto"},"content":{"rendered":"<p style=\"text-align: right;\">El Pitazo<\/p>\n<p style=\"text-align: right;\">29 de Octubre de 2020<\/p>\n<p>&nbsp;<\/p>\n<p>La falta de gas tiene a las 300 familias de la comunidad cocinando en le\u00f1a. La luz se va hasta por cinco horas y se mantiene intermitente durante todo el d\u00eda. El ambulatorio se cae a pedazos y adem\u00e1s padece la falta de un m\u00e9dico y de medicinas<\/p>\n<p><em>Puerto Ayacucho.-<\/em>\u00a0Sin gas, alimentos, ni medicina, con fallas constantes en el servicio el\u00e9ctrico y deficiencias en el\u00a0<a href=\"https:\/\/elpitazo.net\/economia\/transportistas-de-amazonas-no-aceptan-el-billete-de-500-bolivares\/\" target=\"_blank\" rel=\"noreferrer noopener\" aria-label=\"undefined (abre en una nueva pesta\u00f1a)\">transporte p\u00fablico<\/a>\u00a0por falta de combustible, los<strong>\u00a0ind\u00edgenas de la comunidad Coromoto se quejan y exigen a las autoridades soluci\u00f3n<\/strong>\u00a0a estos problemas que presentan a diario.<\/p>\n<p>Mario Cadales, residente de esta comunidad perteneciente al pueblo jivi, se\u00f1al\u00f3 este jueves 29 de octubre que la\u00a0<strong>falta de un m\u00e9dico y el deterioro del ambulatorio son otras de las realidades\u00a0<\/strong>con las cuales les ha tocado lidiar en medio de las emergencias que se han presentado con personas vulnerables a enfermedades frecuentes.<\/p>\n<p>\u201cTenemos muchos problemas que han sido planteados de todas las formas al Gobierno regional y municipal para que les\u00a0<strong>busquen soluci\u00f3n, pero los gobernantes no han tomado en cuenta nuestras necesidades<\/strong>\u201d, asever\u00f3 Cadales, quien enfatiz\u00f3 que las dificultades siguen sin ser resueltas.<\/p>\n<p>Coment\u00f3 que por lo distante de la comunidad han tenido emergencias que no se han tratado en el ambulatorio porque este <strong>se cae a pedazos y adem\u00e1s padece la falta de un m\u00e9dico y de medicinas<\/strong>. \u201cHemos salido adelante a pesar de los problemas, pero necesitamos que las autoridades nos ayuden. Los servicios est\u00e1n deficientes; hace falta gobierno\u201d, precis\u00f3.<\/p>\n<p>Asimismo, Priscilda Rodr\u00edguez, habitante de la comunidad, dijo que tienen m\u00e1s de tres meses que no reciben la bolsa ni el combo proteico del Comit\u00e9 Local de Abastecimiento y Producci\u00f3n (Clap). Reiter\u00f3 adem\u00e1s que se\u00a0<strong>cumplieron seis meses que no reciben la bombona de gas\u00a0<\/strong>y durante ese tiempo las 300 familias de la comunidad llevan cocinando en le\u00f1a.<\/p>\n<p>Sostuvo tambi\u00e9n que el transporte es un caos porque son pocos los veh\u00edculos que circulan por la zona, siendo los\u00a0<strong>privados que le sacan provecho a la situaci\u00f3n y cobran hasta 2.500 pesos colombianos.<\/strong>\u00a0Revel\u00f3 que\u00a0<a href=\"https:\/\/elpitazo.net\/guayana\/amazonas-15-protestas-por-apagones-se-contabilizan-en-las-ultimas-24-horas\/\" target=\"_blank\" rel=\"noreferrer noopener\" aria-label=\"undefined (abre en una nueva pesta\u00f1a)\">la luz<\/a>\u00a0se va hasta por cinco horas y se mantiene intermitente durante todo el d\u00eda.<\/p>\n<p>\u201cEstamos agotando todas las v\u00edas; si no recibimos respuesta a nuestros problemas, cerraremos la\u00a0<strong>carretera y protestaremos hasta que las autoridades hagan presencia. No nos queda otro camino<\/strong>; hemos tenido mucha paciencia y han pasado seis meses. La situaci\u00f3n se agudiza cada d\u00eda\u201d, manifest\u00f3 la ciudadana.<\/p>\n<div id=\"attachment_19374\" style=\"width: 706px\" class=\"wp-caption aligncenter\"><img fetchpriority=\"high\" decoding=\"async\" aria-describedby=\"caption-attachment-19374\" class=\"wp-image-19374 size-full\" src=\"https:\/\/www.raisg.org\/wp-content\/uploads\/2020\/11\/2.-Comunidades-ind\u00edgenas-encabezan-la-lista-de-protestas-y-cierre-de-carreteras-en-Amazonas-por-la-precariedad-de-los-servicios-p\u00fablicos.-Foto-cortes\u00eda.-696x498-1.jpg\" alt=\"\" width=\"696\" height=\"498\" srcset=\"https:\/\/www.raisg.org\/wp-content\/uploads\/2020\/11\/2.-Comunidades-ind\u00edgenas-encabezan-la-lista-de-protestas-y-cierre-de-carreteras-en-Amazonas-por-la-precariedad-de-los-servicios-p\u00fablicos.-Foto-cortes\u00eda.-696x498-1.jpg 696w, https:\/\/www.raisg.org\/wp-content\/uploads\/2020\/11\/2.-Comunidades-ind\u00edgenas-encabezan-la-lista-de-protestas-y-cierre-de-carreteras-en-Amazonas-por-la-precariedad-de-los-servicios-p\u00fablicos.-Foto-cortes\u00eda.-696x498-1-300x215.jpg 300w, https:\/\/www.raisg.org\/wp-content\/uploads\/2020\/11\/2.-Comunidades-ind\u00edgenas-encabezan-la-lista-de-protestas-y-cierre-de-carreteras-en-Amazonas-por-la-precariedad-de-los-servicios-p\u00fablicos.-Foto-cortes\u00eda.-696x498-1-500x358.jpg 500w\" sizes=\"(max-width: 696px) 100vw, 696px\" \/><p id=\"caption-attachment-19374\" class=\"wp-caption-text\">Habitantes de Coromoto amenazan con cerrar la carretera del eje sur si las autoridades no atienden sus peticiones. Aseguran que no cuentan con gas y la bolsa del Clap, adem\u00e1s de medicinas para el ambulatorio que se cae a pedazos.\u00a0V\u00eda:\u00a0@MickeyVeliz<\/p><\/div>\n<p>Tomado de: https:\/\/elpitazo.net\/guayana\/amazonas-indigenas-denuncian-falta-de-gobierno-en-comunidad-coromoto\/<\/p>\n","protected":false},"excerpt":{"rendered":"<p>El Pitazo 29 de Octubre de 2020 &nbsp; La falta de gas tiene a las 300 familias de la comunidad cocinando en le\u00f1a. La luz se va hasta por cinco horas y se mantiene intermitente durante todo el d\u00eda. El ambulatorio se cae a pedazos y adem\u00e1s padece la falta de un m\u00e9dico y de&hellip;<\/p>\n","protected":false},"author":321,"featured_media":19372,"comment_status":"open","ping_status":"open","sticky":false,"template":"","format":"standard","meta":{"_acf_changed":false,"footnotes":""},"categories":[3],"tags":[],"class_list":["post-19378","post","type-post","status-publish","format-standard","has-post-thumbnail","hentry","category-radar","category-3","description-off"],"acf":[],"_links":{"self":[{"href":"https:\/\/www.raisg.org\/en\/wp-json\/wp\/v2\/posts\/19378","targetHints":{"allow":["GET"]}}],"collection":[{"href":"https:\/\/www.raisg.org\/en\/wp-json\/wp\/v2\/posts"}],"about":[{"href":"https:\/\/www.raisg.org\/en\/wp-json\/wp\/v2\/types\/post"}],"author":[{"embeddable":true,"href":"https:\/\/www.raisg.org\/en\/wp-json\/wp\/v2\/users\/321"}],"replies":[{"embeddable":true,"href":"https:\/\/www.raisg.org\/en\/wp-json\/wp\/v2\/comments?post=19378"}],"version-history":[{"count":1,"href":"https:\/\/www.raisg.org\/en\/wp-json\/wp\/v2\/posts\/19378\/revisions"}],"predecessor-version":[{"id":19380,"href":"https:\/\/www.raisg.org\/en\/wp-json\/wp\/v2\/posts\/19378\/revisions\/19380"}],"wp:featuredmedia":[{"embeddable":true,"href":"https:\/\/www.raisg.org\/en\/wp-json\/wp\/v2\/media\/19372"}],"wp:attachment":[{"href":"https:\/\/www.raisg.org\/en\/wp-json\/wp\/v2\/media?parent=19378"}],"wp:term":[{"taxonomy":"category","embeddable":true,"href":"https:\/\/www.raisg.org\/en\/wp-json\/wp\/v2\/categories?post=19378"},{"taxonomy":"post_tag","embeddable":true,"href":"https:\/\/www.raisg.org\/en\/wp-json\/wp\/v2\/tags?post=19378"}],"curies":[{"name":"wp","href":"https:\/\/api.w.org\/{rel}","templated":true}]}}