{"id":20901,"date":"2020-12-11T00:51:58","date_gmt":"2020-12-11T03:51:58","guid":{"rendered":"https:\/\/www.amazoniasocioambiental.org\/radar\/ancianos-de-comunidad-indigena-ecuatoriana-demandan-a-petrolera-china-por-cambio-climatico\/"},"modified":"2020-12-11T00:51:58","modified_gmt":"2020-12-11T03:51:58","slug":"ancianos-de-comunidad-indigena-ecuatoriana-demandan-a-petrolera-china-por-cambio-climatico","status":"publish","type":"post","link":"https:\/\/www.raisg.org\/en\/radar\/ancianos-de-comunidad-indigena-ecuatoriana-demandan-a-petrolera-china-por-cambio-climatico\/","title":{"rendered":"Ancianos de comunidad ind\u00edgena ecuatoriana demandan a petrolera china por cambio clim\u00e1tico"},"content":{"rendered":"<p><img decoding=\"async\" src=\"https:\/\/www.vistazo.com\/sites\/default\/files\/styles\/threshold-768\/public\/field\/image\/2020\/12\/11\/indigenas_ecuador.jpg?itok=ndxX3ko8\" alt=\" &quot;Queremos que apaguen los mecheros porque est\u00e1n causando cambio clim\u00e1tico, est\u00e1n afectando a nuestros territorios ancestrales&quot;, dijo uno de los demandantes. Foto: EFE\" \/><\/p>\n<p>Vistazo<br \/>\nEcuador<br \/>\n11 de diciembre, 2020<\/p>\n<h4>Queremos que apaguen los mecheros porque est\u00e1n causando cambio clim\u00e1tico, est\u00e1n afectando a nuestros territorios ancestrales&#8221;, dijo uno de los demandantes. Foto: EFE<\/h4>\n<p>Ancianos de una comunidad ind\u00edgena en la\u00a0<strong>Amazon\u00eda de Ecuador<\/strong>\u00a0presentaron el jueves una demanda sin precedentes contra una\u00a0<strong>petrolera china<\/strong>, por da\u00f1os que han provocado cambio clim\u00e1tico en su entorno de la\u00a0<strong>reserva natural del Yasun\u00ed<\/strong>.<\/p>\n<div>Se trata de la primera ocasi\u00f3n en la que se presenta un recurso que pide una\u00a0<strong>acci\u00f3n de protecci\u00f3n\u00a0<\/strong>en el pa\u00eds que vincula directamente el cambio clim\u00e1tico con las actividades petroleras.<\/div>\n<div><\/div>\n<div><strong>Aunque los afectados aseguran que no es la \u00fanica empresa responsable de provocar el cambio clim\u00e1tico, han dirigido la demanda contra la firma de capital chino Petroriental, que explota el denominado bloque 14 del Yasun\u00ed, considerado territorio ancestral waorani.<\/strong><\/div>\n<div><\/div>\n<div>&#8220;La Comunidad Miwaguno presentamos esta demanda en calidad de v\u00edctimas porque hemos visto alterado para siempre nuestro modo de vida. Nuestra subsistencia misma est\u00e1 amenazada como consecuencia del cambio clim\u00e1tico&#8221;, reza una s\u00edntesis del escrito presentado en un<strong>\u00a0tribunal de Francisco de Orellana.<\/strong><\/div>\n<div>\n<div>En el centro de la disputa se encuentra la\u00a0<strong>quema de gas<\/strong>\u00a0asociado al petr\u00f3leo a trav\u00e9s de los denominados mecheros, que emiten a la atm\u00f3sfera\u00a0<strong>di\u00f3xido de carbono<\/strong>, el\u00a0<strong>Gas de Efecto Invernadero\u00a0<\/strong>(GEI) m\u00e1s importante, menciona la demanda.<\/div>\n<div><\/div>\n<div>&#8220;Esta emisi\u00f3n ha alterado la concentraci\u00f3n de GEI en la atm\u00f3sfera, provocando un cambio clim\u00e1tico a nivel global&#8221;, a\u00f1ade.<\/div>\n<div><\/div>\n<div><strong>DEMANDA POR CAMBIO CLIM\u00c1TICO<\/strong><\/div>\n<div><\/div>\n<div>La acci\u00f3n se ha enfocado en el cambio clim\u00e1tico provocado por los mecheros de las explotaciones petroleras, explic\u00f3 a Efe el abogado que representa a los demandantes, Pablo Fajardo.<\/div>\n<div><\/div>\n<div>De ah\u00ed la relevancia de que los que encabezan la demanda sean los ancianos de la comunidad, que pueden dar fe como testigos de ese cambio que se viene produciendo en las \u00faltimas d\u00e9cadas por efecto de las explotaciones.<\/div>\n<div><\/div>\n<div><strong>&#8220;Ellos pueden testificar c\u00f3mo era la vida antes de los mecheros y como es la vida hoy. No es un tema de contaminaci\u00f3n ambiental, es un cambio estructural en la vida y en la selva directamente&#8221;, refiri\u00f3 el letrado.<\/strong><\/div>\n<div><\/div>\n<div>Los &#8220;<strong>pikenanis<\/strong>&#8221; (ancianos waoranis) acudieron a la Justicia ecuatoriana, esta vez para censurar la afectaci\u00f3n al cambio clim\u00e1tico mediante la quema de ese gas nocivo.<\/div>\n<div><\/div>\n<div>&#8220;Queremos que apaguen los mecheros porque est\u00e1n causando cambio clim\u00e1tico, est\u00e1n afectando a nuestros territorios ancestrales&#8221;, declar\u00f3 a Efe uno de los demandantes y l\u00edder de la comunidad de Miwaguno, Juan Enomenga.<\/div>\n<div><\/div>\n<div>Este mayor waorani denunci\u00f3 que del 100 % de lo sembrado en las<strong>\u00a0chacras<\/strong>\u00a0(peque\u00f1as fincas rurales), apenas cosechan el 50 %, a lo que se suma la inseguridad por el agua sucia, que en muchas ocasiones se ven obligados a hervir para poder beber.<\/div>\n<div><\/div>\n<div>&#8220;El viento lleva (el gas) hasta ac\u00e1 y contamina el agua que estamos tomando, porque ac\u00e1 no tenemos agua potable. El olor tambi\u00e9n est\u00e1 llevando a los animales muy lejos&#8221;, describe la situaci\u00f3n.<\/div>\n<div><\/div>\n<div>Su compa\u00f1era y jefa guerrera de la comunidad originaria, Juana Baihua, describe los efectos de la contaminaci\u00f3n y el cambio clim\u00e1tico provocados por la sempiterna llamarada encendida de las explotaciones:<strong>\u00a0&#8220;Dolor de cabeza, cuerpo, est\u00f3mago, tos, diarrea&#8221;<\/strong>.<\/div>\n<div><\/div>\n<div>&#8220;Hace enfermedad, da\u00f1o al cuerpo, por eso estamos demandando. Algunos se sanan y algunos se mueren&#8221;, resume esta dirigente waorani.<\/div>\n<div><\/div>\n<div>Al tratarse de una acci\u00f3n de protecci\u00f3n, la autoridad judicial debe convocar una audiencia en el plazo de ocho d\u00edas para analizar la cuesti\u00f3n en esta primera instancia, aunque los asesores legales no descartan recurrir, si fuera necesario, hasta la<strong>\u00a0Corte Constitucional.<\/strong><\/div>\n<div><\/div>\n<div><strong>PUEBLO GUERRERO<\/strong><\/div>\n<div><\/div>\n<div>Los\u00a0<strong>Waorani<\/strong>, una de las 14 nacionalidades y 18 pueblos originarios reconocidos en Ecuador, no llegan a los 5.000 miembros y se reparten en un amplio territorio que abarca las provincias de Pastaza, Napo y Orellana.<\/div>\n<div><\/div>\n<div>El a\u00f1o pasado obtuvieron en el campo judicial una &#8220;gran victoria, protegiendo m\u00e1s de 180.000 hect\u00e1reas&#8221; del desembarque de las compa\u00f1\u00edas petroleras en sus tierras ancestrales.<\/div>\n<div><\/div>\n<div>Se trata de una naci\u00f3n dedicada a la pesca, la caza, la recolecci\u00f3n de frutos y plantas medicinales que hasta medio siglo atr\u00e1s era completamente n\u00f3mada y que solo con el &#8220;contacto&#8221; de misioneros evangelistas estadounidenses comenz\u00f3 a asentarse en peque\u00f1as comunidades cl\u00e1nicas.<\/div>\n<\/div>\n<p>Tomado de: <a href=\"https:\/\/www.vistazo.com\/seccion\/actualidad-nacional\/ancianos-de-comunidad-indigena-ecuatoriana-demandan-petrolera-china-por\">https:\/\/www.vistazo.com\/seccion\/actualidad-nacional\/ancianos-de-comunidad-indigena-ecuatoriana-demandan-petrolera-china-por<\/a><\/p>\n","protected":false},"excerpt":{"rendered":"<p>Queremos que apaguen los mecheros porque est\u00e1n causando cambio clim\u00e1tico, est\u00e1n afectando a nuestros territorios ancestrales&#8221;, dijo uno de los demandantes. Foto: EFE<\/p>\n<p>Ancianos de una comunidad ind\u00edgena en la\u00a0Amazon\u00eda de Ecuador\u00a0presentaron el jueves una demanda sin precedentes contra una\u00a0petrolera china, por da\u00f1os que han provocado cambio clim\u00e1tico en su entorno de la\u00a0reserva natural del Yasun\u00ed.<\/p>\n<p>Se trata de la primera ocasi\u00f3n en la que se presenta un recurso que pide una\u00a0acci\u00f3n de protecci\u00f3n\u00a0en el pa\u00eds que vincula directamente el cambio clim\u00e1tico con las actividades petroleras.<\/p>\n","protected":false},"author":327,"featured_media":0,"comment_status":"open","ping_status":"open","sticky":false,"template":"","format":"standard","meta":{"_acf_changed":false,"footnotes":""},"categories":[3],"tags":[],"class_list":["post-20901","post","type-post","status-publish","format-standard","hentry","category-radar","category-3","description-off"],"acf":[],"_links":{"self":[{"href":"https:\/\/www.raisg.org\/en\/wp-json\/wp\/v2\/posts\/20901","targetHints":{"allow":["GET"]}}],"collection":[{"href":"https:\/\/www.raisg.org\/en\/wp-json\/wp\/v2\/posts"}],"about":[{"href":"https:\/\/www.raisg.org\/en\/wp-json\/wp\/v2\/types\/post"}],"author":[{"embeddable":true,"href":"https:\/\/www.raisg.org\/en\/wp-json\/wp\/v2\/users\/327"}],"replies":[{"embeddable":true,"href":"https:\/\/www.raisg.org\/en\/wp-json\/wp\/v2\/comments?post=20901"}],"version-history":[{"count":0,"href":"https:\/\/www.raisg.org\/en\/wp-json\/wp\/v2\/posts\/20901\/revisions"}],"wp:attachment":[{"href":"https:\/\/www.raisg.org\/en\/wp-json\/wp\/v2\/media?parent=20901"}],"wp:term":[{"taxonomy":"category","embeddable":true,"href":"https:\/\/www.raisg.org\/en\/wp-json\/wp\/v2\/categories?post=20901"},{"taxonomy":"post_tag","embeddable":true,"href":"https:\/\/www.raisg.org\/en\/wp-json\/wp\/v2\/tags?post=20901"}],"curies":[{"name":"wp","href":"https:\/\/api.w.org\/{rel}","templated":true}]}}