{"id":21127,"date":"2021-01-04T18:37:49","date_gmt":"2021-01-04T21:37:49","guid":{"rendered":"https:\/\/www.amazoniasocioambiental.org\/radar\/amazonia-brasilena-sufrio-103-mil-incendios-en-2020-y-perdio-superficie-como-la-de-jamaica\/"},"modified":"2021-01-11T18:40:16","modified_gmt":"2021-01-11T21:40:16","slug":"amazonia-brasilena-sufrio-103-mil-incendios-en-2020-y-perdio-superficie-como-la-de-jamaica","status":"publish","type":"post","link":"https:\/\/www.raisg.org\/en\/radar\/amazonia-brasilena-sufrio-103-mil-incendios-en-2020-y-perdio-superficie-como-la-de-jamaica\/","title":{"rendered":"Amazon\u00eda brasile\u00f1a sufri\u00f3 103 mil incendios en 2020 y perdi\u00f3 superficie como la de Jamaica"},"content":{"rendered":"<p style=\"text-align: right;\">Bio Chile<\/p>\n<p style=\"text-align: right;\">4 de enero de 2021<\/p>\n<p>&nbsp;<\/p>\n<p><strong>La cifra de incendios forestales en Brasil creci\u00f3 12,7% en 2020<\/strong>\u00a0y registr\u00f3 un m\u00e1ximo en la \u00faltima d\u00e9cada, de acuerdo a n\u00fameros oficiales que pueden aumentar la presi\u00f3n sobre el gobierno de Jair Bolsonaro ante la destrucci\u00f3n de la selva amaz\u00f3nica.<\/p>\n<p><strong>En total, hubo 222.798 incendios forestales en todo el pa\u00eds en 2020<\/strong>, el n\u00famero m\u00e1s elevado desde 2010, de acuerdo a datos de la agencia espacial brasile\u00f1a INPE en su m\u00e1s reciente informe, divulgado por la prensa local el domingo.<\/p>\n<div class=\"lee-tambien-bbcl\">\n<div class=\"lee-tambien-caja\"><strong>Esto incluye m\u00e1s de 103.000 incendios en la Amazon\u00eda brasile\u00f1a<\/strong>, un aumento anual de casi 16%, detall\u00f3 el INPE, que utiliza im\u00e1genes satelitales para seguir los fuegos y la deforestaci\u00f3n.<\/div>\n<\/div>\n<p>Tambi\u00e9n incluye\u00a0<strong>m\u00e1s de 22.000 incendios en la parte brasile\u00f1a del Pantanal<\/strong>, el humedal m\u00e1s grande del planeta, que fue devastado el a\u00f1o pasado con un aumento de m\u00e1s de 120%.<\/p>\n<p><strong>La Amazon\u00eda y el Pantanal son dos de los ecosistemas m\u00e1s valiosos del mundo<\/strong>.<\/p>\n<p>La mayor selva tropical del globo, compartida por nueve pa\u00edses y territorios de Am\u00e9rica del Sur, es considerada\u00a0<strong>vital para detener el cambio clim\u00e1tico<\/strong>\u00a0gracias al di\u00f3xido de carbono que absorbe de la atm\u00f3sfera. Casi el 62% de su extensi\u00f3n se encuentra en territorio brasile\u00f1o.<\/p>\n<p>El Pantanal, m\u00e1s al sur, es un\u00a0<strong>para\u00edso de biodiversidad<\/strong>\u00a0que se extiende desde Brasil hacia Bolivia y Paraguay.<\/p>\n<p>Casi un cuarto del Pantanal brasile\u00f1o fue azotado por incendios en 2020, en medio de la\u00a0<strong>peor sequ\u00eda en casi medio siglo<\/strong>.<\/p>\n<p>Im\u00e1genes de paisajes quemados y restos de animales calcinados impactaron al mundo y generaron\u00a0<strong>cr\u00edticas al gobierno de Bolsonaro por no detener la destrucci\u00f3n<\/strong>.<\/p>\n<p>El presidente, un ultraderechista que se muestra esc\u00e9ptico ante la noci\u00f3n del cambio clim\u00e1tico,\u00a0<strong>tambi\u00e9n enfrenta cr\u00edticas por el agudo aumento de la deforestaci\u00f3n<\/strong>\u00a0amaz\u00f3nica.<\/p>\n<p>De acuerdo a grupos protectores del medio ambiente, el\u00a0<strong>impulso del gobierno a los negocios de agricultura y miner\u00eda<\/strong>\u00a0sumado a los recortes en el presupuesto de agencias ambientales han acelerado la destrucci\u00f3n.<\/p>\n<p>En el a\u00f1o m\u00f3vil a agosto de 2020, la\u00a0<strong>deforestaci\u00f3n afect\u00f3 a una zona mayor a la superficie de Jamaica<\/strong>\u00a0(10.991 km\u00b2), un r\u00e9cord en los \u00faltimos 12 a\u00f1os, siempre de acuerdo a la INPE y su programa Prodes para el seguimiento del problema.<\/p>\n<p>Expertos creen que los incendios en la Amazon\u00eda son iniciados principalmente por personas que buscan\u00a0<strong>espacio para la agricultura y la ganader\u00eda<\/strong>.<\/p>\n<p>La cifra de incendios ya se hab\u00eda\u00a0<strong>elevado 48% en 2019<\/strong>, el primer a\u00f1o de Bolsonaro en el poder.<\/p>\n<p>Tomado de: <a href=\"https:\/\/www.biobiochile.cl\/especial\/aqui-tierra\/noticias\/2021\/01\/04\/amazonia-brasilena-sufrio-103-mil-incendios-en-2020-y-perdio-superficie-como-la-de-jamaica.shtml\">https:\/\/www.biobiochile.cl\/especial\/aqui-tierra\/noticias\/2021\/01\/04\/amazonia-brasilena-sufrio-103-mil-incendios-en-2020-y-perdio-superficie-como-la-de-jamaica.shtml<\/a><\/p>\n<p>&nbsp;<\/p>\n","protected":false},"excerpt":{"rendered":"<p>Bio Chile 4 de enero de 2021 &nbsp; La cifra de incendios forestales en Brasil creci\u00f3 12,7% en 2020\u00a0y registr\u00f3 un m\u00e1ximo en la \u00faltima d\u00e9cada, de acuerdo a n\u00fameros oficiales que pueden aumentar la presi\u00f3n sobre el gobierno de Jair Bolsonaro ante la destrucci\u00f3n de la selva amaz\u00f3nica. En total, hubo 222.798 incendios forestales&hellip;<\/p>\n","protected":false},"author":324,"featured_media":21124,"comment_status":"open","ping_status":"open","sticky":false,"template":"","format":"standard","meta":{"_acf_changed":false,"footnotes":""},"categories":[3],"tags":[],"class_list":["post-21127","post","type-post","status-publish","format-standard","has-post-thumbnail","hentry","category-radar","category-3","description-off"],"acf":[],"_links":{"self":[{"href":"https:\/\/www.raisg.org\/en\/wp-json\/wp\/v2\/posts\/21127","targetHints":{"allow":["GET"]}}],"collection":[{"href":"https:\/\/www.raisg.org\/en\/wp-json\/wp\/v2\/posts"}],"about":[{"href":"https:\/\/www.raisg.org\/en\/wp-json\/wp\/v2\/types\/post"}],"author":[{"embeddable":true,"href":"https:\/\/www.raisg.org\/en\/wp-json\/wp\/v2\/users\/324"}],"replies":[{"embeddable":true,"href":"https:\/\/www.raisg.org\/en\/wp-json\/wp\/v2\/comments?post=21127"}],"version-history":[{"count":1,"href":"https:\/\/www.raisg.org\/en\/wp-json\/wp\/v2\/posts\/21127\/revisions"}],"predecessor-version":[{"id":21129,"href":"https:\/\/www.raisg.org\/en\/wp-json\/wp\/v2\/posts\/21127\/revisions\/21129"}],"wp:featuredmedia":[{"embeddable":true,"href":"https:\/\/www.raisg.org\/en\/wp-json\/wp\/v2\/media\/21124"}],"wp:attachment":[{"href":"https:\/\/www.raisg.org\/en\/wp-json\/wp\/v2\/media?parent=21127"}],"wp:term":[{"taxonomy":"category","embeddable":true,"href":"https:\/\/www.raisg.org\/en\/wp-json\/wp\/v2\/categories?post=21127"},{"taxonomy":"post_tag","embeddable":true,"href":"https:\/\/www.raisg.org\/en\/wp-json\/wp\/v2\/tags?post=21127"}],"curies":[{"name":"wp","href":"https:\/\/api.w.org\/{rel}","templated":true}]}}