{"id":21815,"date":"2021-01-25T12:28:00","date_gmt":"2021-01-25T15:28:00","guid":{"rendered":"https:\/\/www.amazoniasocioambiental.org\/radar\/escalada-de-violencia-en-la-amazonia-peruana-denuncian-que-al-menos-15-lideres-estan-amenazados-y-sin-proteccion\/"},"modified":"2021-02-08T12:32:50","modified_gmt":"2021-02-08T15:32:50","slug":"escalada-de-violencia-en-la-amazonia-peruana-denuncian-que-al-menos-15-lideres-estan-amenazados-y-sin-proteccion","status":"publish","type":"post","link":"https:\/\/www.raisg.org\/en\/radar\/escalada-de-violencia-en-la-amazonia-peruana-denuncian-que-al-menos-15-lideres-estan-amenazados-y-sin-proteccion\/","title":{"rendered":"Escalada de violencia en la Amazon\u00eda peruana: denuncian que al menos 15 l\u00edderes est\u00e1n amenazados y sin protecci\u00f3n"},"content":{"rendered":"<p style=\"text-align: right;\">Mongabay Latam<\/p>\n<p style=\"text-align: right;\">25 de enero de 2021<\/p>\n<p>&nbsp;<\/p>\n<p>A uno le enviaron por celular una serie fotogr\u00e1fica de hombres padeciendo torturas. Debajo del grupo de im\u00e1genes se pod\u00eda leer este mensaje:\u00a0<strong>\u201cSigue con lo que est\u00e1s haciendo y te va a pasar lo mismo\u201d.<\/strong>\u00a0A otro intentaron balearlo afuera del local de la organizaci\u00f3n que lidera, pero el plan fall\u00f3 y los sicarios dispararon contra uno de sus trabajadores. M\u00e1s tarde, la sentencia de muerte le lleg\u00f3 en un papel que dejaron bajo la puerta del mismo local: \u201cEsta ha sido solo una advertencia, luego vendr\u00e1 para tu cabeza\u201d. El tercero recibe constantemente llamadas an\u00f3nimas. Le dicen que conocen d\u00f3nde est\u00e1, cu\u00e1l es su ruta y el lugar al que va. \u00c9l cuenta cada d\u00eda de su vida como un nuevo logro pues teme que pueda ser el \u00faltimo.<\/p>\n<figure id=\"attachment_219761\" class=\"wp-caption alignnone\"><img fetchpriority=\"high\" decoding=\"async\" class=\"wp-image-219761\" src=\"https:\/\/imgs.mongabay.com\/wp-content\/uploads\/sites\/25\/2020\/10\/04012643\/Panfleto-ORAU-e1611589412888.jpeg\" alt=\"\" width=\"710\" height=\"425\" \/><figcaption class=\"wp-caption-text\">An\u00f3nimo con amenazas recibido por l\u00edder ind\u00edgena de Ucayali.<\/figcaption><\/figure>\n<p>Las personas que enfrentan estos episodios de violencia son l\u00edderes ind\u00edgenas en diversas comunidades nativas, de\u00a0<strong>Ucayali y Hu\u00e1nuco<\/strong>, sitiadas por\u00a0<strong>invasores de tierras, taladores ilegales y narcotraficantes.<\/strong>\u00a0Ellos estiman que m\u00e1s de\u00a0<strong>15 mil hect\u00e1reas de bosques<\/strong>\u00a0han sido depredadas por mafias en los pueblos ash\u00e1ninkas, shipibo conibo, awaj\u00fan y cacataibos que dirigen. La\u00a0 lucha por frenar este flagelo los ha puesto en la mira de asesinos a sueldo. Tres palabras se repiten una y otra vez en sus testimonios: perseguidos, hostigados y amenazados. Los sucesos descritos al inicio de este art\u00edculo ocurrieron en octubre y son las se\u00f1ales m\u00e1s crudas del grave riesgo que corren por defender sus territorios.<\/p>\n<p>A finales de diciembre fueron parte de una delegaci\u00f3n, conformada por\u00a0<strong>13 defensores ambientales amenazados,<\/strong>\u00a0que lleg\u00f3 a Lima con el apoyo de varias instituciones aliadas del movimiento ind\u00edgena en la selva central peruana. La visita fue para presentar sus casos en reuniones de alto nivel con el ministro de Justicia y Derechos Humanos, Eduardo Vega; y con el entonces ministro del Interior, Rub\u00e9n Vargas. Tambi\u00e9n, con la presidenta del Congreso de la Rep\u00fablica, Mirtha V\u00e1squez, y con la coordinadora nacional de las Fiscal\u00edas Especializadas en Materia Ambiental, Flor de Mar\u00eda Vega. La comitiva sesion\u00f3 adem\u00e1s con representantes de los viceministerios de Cultura y Ambiente, y de la\u00a0<a href=\"https:\/\/www.gob.pe\/devida\" rel=\"external noopener noreferrer\" data-wpel-link=\"external\">Comisi\u00f3n Nacional para el Desarrollo y Vida sin Drogas<\/a>\u00a0(Devida).<\/p>\n<p>\u201cCansados de la inoperancia de las autoridades regionales, esperamos que las autoridades a nivel nacional nos escuchen\u201d, dice el mayor de los defensores ind\u00edgenas amenazados, que por seguridad nos pide proteger su nombre.<\/p>\n<figure id=\"attachment_222563\" class=\"wp-caption alignnone\"><img decoding=\"async\" class=\"wp-image-222563\" src=\"https:\/\/imgs.mongabay.com\/wp-content\/uploads\/sites\/25\/2021\/01\/23160456\/INDIGENAS-FISCAL-FEMA-1-768x512.jpg\" sizes=\"(max-width: 710px) 100vw, 710px\" srcset=\"https:\/\/imgs.mongabay.com\/wp-content\/uploads\/sites\/25\/2021\/01\/23160456\/INDIGENAS-FISCAL-FEMA-1-768x430.jpg 768w, https:\/\/imgs.mongabay.com\/wp-content\/uploads\/sites\/25\/2021\/01\/23160456\/INDIGENAS-FISCAL-FEMA-1-610x342.jpg 610w, https:\/\/imgs.mongabay.com\/wp-content\/uploads\/sites\/25\/2021\/01\/23160456\/INDIGENAS-FISCAL-FEMA-1.jpg 1016w\" alt=\"\" width=\"710\" height=\"398\" \/><figcaption class=\"wp-caption-text\">La delegaci\u00f3n ind\u00edgena tambi\u00e9n expuso su crisis de seguridad ante la coordinadora nacional de las Fiscal\u00edas Especializadas en Materia Ambiental, Flor de Mar\u00eda Vega. Foto: Amazon Watch.<\/figcaption><\/figure>\n<p>Si bien la crisis de seguridad que viven a diario obedece a un incremento de la criminalidad en los pueblos ind\u00edgenas de la Amazon\u00eda peruana, durante este periodo de pandemia, tambi\u00e9n est\u00e1 relacionada con la falta de mecanismos de protecci\u00f3n efectivos de parte del Estado.<\/p>\n<p>&nbsp;<\/p>\n<h3>Escalada de violencia<\/h3>\n<p>M\u00e1s all\u00e1 de la narraci\u00f3n de los eventos que casi a diario los atormentan, los integrantes de la delegaci\u00f3n expusieron tres temas que constituyen el trasfondo del problema que enfrentan: la presencia creciente del\u00a0<strong>narcotr\u00e1fico y tala ilegal<\/strong>\u00a0en sus pueblos, la\u00a0<strong>falta de titulaci\u00f3n<\/strong>\u00a0de sus comunidades y la\u00a0<strong>desprotecci\u00f3n y abandono<\/strong>\u00a0que sienten por parte del Estado. Algunos de los l\u00edderes ind\u00edgenas reunidos indicaron a Mongabay Latam que este \u00faltimo punto es el principal problema dentro del caos que afrontan. Y ello, precisan, a causa de una lenta y deficiente activaci\u00f3n del Protocolo para garantizar la protecci\u00f3n de personas defensoras de Derechos Humanos.<\/p>\n<figure id=\"attachment_221601\" class=\"wp-caption alignnone\"><img decoding=\"async\" class=\"wp-image-221601\" src=\"https:\/\/imgs.mongabay.com\/wp-content\/uploads\/sites\/25\/2020\/12\/01225211\/SANTA-MARTHA-3-768x512.jpg\" sizes=\"(max-width: 710px) 100vw, 710px\" srcset=\"https:\/\/imgs.mongabay.com\/wp-content\/uploads\/sites\/25\/2020\/12\/01225211\/SANTA-MARTHA-3-768x576.jpg 768w, https:\/\/imgs.mongabay.com\/wp-content\/uploads\/sites\/25\/2020\/12\/01225211\/SANTA-MARTHA-3-610x458.jpg 610w, https:\/\/imgs.mongabay.com\/wp-content\/uploads\/sites\/25\/2020\/12\/01225211\/SANTA-MARTHA-3.jpg 1500w\" alt=\"\" width=\"710\" height=\"533\" \/><figcaption class=\"wp-caption-text\">Las invasiones y despojos de tierras en Santa Martha recrudecieron desde el 2018. Cientos de hect\u00e1reas son utilizadas ahora para el cultivo de coca. Foto: Pedro Tipula \/ Instituto del Bien Com\u00fan.<\/figcaption><\/figure>\n<p>El l\u00edder ind\u00edgena que fue confundido con un trabajador de su organizaci\u00f3n, y se salv\u00f3 de ser acribillado, dijo que present\u00f3 la denuncia y pas\u00f3 por un tedioso interrogatorio policial. Luego, el protocolo fue activado para \u00e9l y la prefectura le otorg\u00f3 una constancia de garant\u00edas personales. Sin embargo, hasta ahora no se ha efectuado una acci\u00f3n concreta frente al peligro que corre.<\/p>\n<p>\u201cLas garant\u00edas son simples papeles donde las autoridades indican que ya saben que estamos amenazados, pero\u00a0<strong>custodia f\u00edsica no existe<\/strong>\u201d, expresa y nos pide mantener en reserva su nombre. Teme que sus agresores puedan identificarlo y buscarlo tras leer sus declaraciones.<\/p>\n<p>Lo mismo piensa el apu que recibe amenazas en su tel\u00e9fono celular. \u00c9l cont\u00f3 su caso ante la polic\u00eda de Pucallpa, el protocolo tambi\u00e9n se activ\u00f3 para su defensa y le dieron garant\u00edas personales. De acuerdo con su relato a Mongabay Latam, fue aislado en un hotel y ah\u00ed tuvo custodia policial por apenas tres d\u00edas. Despu\u00e9s, los agentes que le daban protecci\u00f3n lo dejaron y solo se qued\u00f3 con el documento de garant\u00edas personales en las manos. \u201cO sea me qued\u00e9 con una hoja. Ahora\u00a0<strong>tengo que estar cambi\u00e1ndome de comunidad cada semana<\/strong>\u00a0porque no hay respuestas claras a pesar de las denuncias\u201d, explica.<\/p>\n<p>Al defensor que atosigan con llamadas para describirle cada uno de sus movimientos, la desesperaci\u00f3n lo ha obligado a pedir urgente traslado fuera de su regi\u00f3n. Meses atr\u00e1s recibi\u00f3 un documento de garant\u00edas personales y, con ello, protecci\u00f3n policial. No obstante, se trataba de una\u00a0<strong>custodia solo para sus horas de trabajo<\/strong>. Una situaci\u00f3n que lo ten\u00eda mortificado pues las amenazas empezaron cuando un sujeto lleg\u00f3 a su casa para increparle que sab\u00eda de sus denuncias contra taladores y cultivadores de coca. Es decir, la protecci\u00f3n que m\u00e1s requer\u00eda este l\u00edder ind\u00edgena y su familia era justamente aquella que no ten\u00edan: la de su domicilio.<\/p>\n<p>\u201cNuestras vidas corren peligro pero el Estado no ha hecho nada para protegernos. No queremos ser una estad\u00edstica m\u00e1s\u201d, se\u00f1ala el mayor de los apus amenazados. Y se refiere puntualmente a\u00a0<strong>los<\/strong>\u00a0<strong>asesinatos perpetrados el 2020 contra cinco defensores ambientales del pa\u00eds<\/strong>. En abril, por ejemplo, el atentado contra el apu cacataibo\u00a0<a href=\"https:\/\/es.mongabay.com\/2020\/09\/peru-lideres-indigenas-asesinados-y-amenazados-por-invasores-y-narcotraficantes\/\" data-wpel-link=\"internal\">Arbildo Mel\u00e9ndez<\/a>\u00a0fue el colof\u00f3n de una cadena de amedrentamientos similares a los que han puesto en vilo a los l\u00edderes ind\u00edgenas que participaron en las reuniones de alto nivel. Mel\u00e9ndez era un duro opositor a los traficantes de tierras que asolaban su comunidad, Unipacuyacu, y promov\u00eda con insistencia que el Gobierno Regional de Hu\u00e1nuco otorgue la titulaci\u00f3n a este pueblo.<\/p>\n<figure id=\"attachment_214229\" class=\"wp-caption alignnone\"><img loading=\"lazy\" decoding=\"async\" class=\"wp-image-214229\" src=\"https:\/\/imgs.mongabay.com\/wp-content\/uploads\/sites\/25\/2020\/04\/19140718\/Arbildo-Melendez-jefe-Unipacuyacu-Aidesep-768x502.png\" sizes=\"(max-width: 710px) 100vw, 710px\" srcset=\"https:\/\/imgs.mongabay.com\/wp-content\/uploads\/sites\/25\/2020\/04\/19140718\/Arbildo-Melendez-jefe-Unipacuyacu-Aidesep-768x453.png 768w, https:\/\/imgs.mongabay.com\/wp-content\/uploads\/sites\/25\/2020\/04\/19140718\/Arbildo-Melendez-jefe-Unipacuyacu-Aidesep-610x359.png 610w, https:\/\/imgs.mongabay.com\/wp-content\/uploads\/sites\/25\/2020\/04\/19140718\/Arbildo-Melendez-jefe-Unipacuyacu-Aidesep.png 852w\" alt=\"\" width=\"710\" height=\"418\" \/><figcaption class=\"wp-caption-text\">El l\u00edder ind\u00edgena Arbildo Mel\u00e9ndez fue asesinado el domingo 12 de abril. Foto: Aidesep.<\/figcaption><\/figure>\n<p>En noviembre del 2019, Arbildo Mel\u00e9ndez pidi\u00f3 garant\u00edas personales ante la prefectura de la provincia de Puerto Inca pero no se las dieron. El presidente de la\u00a0<a href=\"https:\/\/www.orau.org.pe\/inicio\/\" rel=\"external noopener noreferrer\" data-wpel-link=\"external\">Organizaci\u00f3n Regional Aidesep Ucayali (ORAU)<\/a>, Berlin Diques, cuenta a Mongabay Latam que intercedi\u00f3 ante la\u00a0<a href=\"https:\/\/www.oas.org\/es\/cidh\/\" rel=\"external noopener noreferrer\" data-wpel-link=\"external\">Comisi\u00f3n Interamericana de Derechos Humanos<\/a>\u00a0(CIDH) para que se exija al pa\u00eds el cumplimiento de la protecci\u00f3n a Mel\u00e9ndez. La ORAU agrupa a 13 federaciones nativas de Ucayali, entre estas a la Fenacoca, que tiene afiliada la comunidad de Unipacuyacu. A fines de enero, Arbildo Mel\u00e9ndez y otros dirigentes ind\u00edgenas tambi\u00e9n informaron sobre las intimidaciones que soportaban al entonces relator especial de las Naciones Unidas para la defensa de los derechos humanos, Michel Forst. El relator entreg\u00f3 una declaraci\u00f3n con recomendaciones y propuestas al Estado para la protecci\u00f3n de los defensores de derechos humanos. Sin embargo, dos meses despu\u00e9s, Mel\u00e9ndez muri\u00f3 baleado, solo y desprotegido, en un bosque de la\u00a0<a href=\"https:\/\/es.mongabay.com\/2020\/12\/trafico-de-tierras-narcotrafico-comunidad-indigena-cacataibo-peru\/\" data-wpel-link=\"internal\">comunidad nativa Santa Martha<\/a>.<\/p>\n<p>Este fue el primero de los cinco asesinatos contra defensores ambientales cometidos en Per\u00fa en el 2020. Luego fueron asesinados los ash\u00e1ninkas Benjam\u00edn R\u00edos (Ucayali) y Gonzalo P\u00edo (Jun\u00edn), y el cacataibo Santiago Vega Chota (Ucayali). Las investigaciones dan cuenta de que en estos tres cr\u00edmenes estuvieron involucrados narcotraficantes. A mediados de setiembre, invasores de tierras mataron al defensor ambiental\u00a0<a href=\"https:\/\/es.mongabay.com\/2020\/09\/peru-asesinan-defensor-ambiental-madre-de-dios\/\" data-wpel-link=\"internal\">Roberto Pacheco<\/a>\u00a0(no ind\u00edgena), en Madre de Dios. Como Arbildo Mel\u00e9ndez, los otros cuatro defensores estaban amenazados. Y al menos tres de ellos hab\u00edan solicitado sin \u00e9xito garant\u00edas para sus vidas. Todos murieron v\u00edctimas de sangrientos ataques en el curso de la pandemia.<\/p>\n<p>Berlin Diques estima que unas\u00a0<strong>15 comunidades nativas de Hu\u00e1nuco y Ucayali<\/strong>, empezando por sus respectivos apus, est\u00e1n bajo amenaza de invasores de tierras y narcotraficantes. Una cifra que calcula que se ha duplicado en relaci\u00f3n con el 2019. En el l\u00edmite de ambas regiones, Diques sit\u00faa a Unipacuyacu, Santa Martha, Sinchi Roca y Yamino como los pueblos en mayor peligro. Los reportes que recibe le indican que en estos sectores, correspondientes a la ORAU, la deforestaci\u00f3n y los sembr\u00edos de coca se han incrementado m\u00e1s durante los \u00faltimos a\u00f1os. \u201cFor\u00e1neos se ubican de manera prepotente en las comunidades para talar y hacer chacras. Cuando un comunero interviene empiezan las amenazas verbales y con armas\u201d, se\u00f1ala.<\/p>\n<figure id=\"attachment_219760\" class=\"wp-caption alignnone\"><img loading=\"lazy\" decoding=\"async\" class=\"wp-image-219760\" src=\"https:\/\/imgs.mongabay.com\/wp-content\/uploads\/sites\/25\/2020\/10\/04012456\/Berlin-Diques-DAR-Peru%CC%81-768x512.jpg\" sizes=\"(max-width: 710px) 100vw, 710px\" srcset=\"https:\/\/imgs.mongabay.com\/wp-content\/uploads\/sites\/25\/2020\/10\/04012456\/Berlin-Diques-DAR-Peru%CC%81-768x512.jpg 768w, https:\/\/imgs.mongabay.com\/wp-content\/uploads\/sites\/25\/2020\/10\/04012456\/Berlin-Diques-DAR-Peru%CC%81-1200x800.jpg 1200w, https:\/\/imgs.mongabay.com\/wp-content\/uploads\/sites\/25\/2020\/10\/04012456\/Berlin-Diques-DAR-Peru%CC%81-1536x1024.jpg 1536w, https:\/\/imgs.mongabay.com\/wp-content\/uploads\/sites\/25\/2020\/10\/04012456\/Berlin-Diques-DAR-Peru%CC%81-610x407.jpg 610w, https:\/\/imgs.mongabay.com\/wp-content\/uploads\/sites\/25\/2020\/10\/04012456\/Berlin-Diques-DAR-Peru%CC%81.jpg 2048w\" alt=\"\" width=\"710\" height=\"473\" \/><figcaption class=\"wp-caption-text\">El apu Berlin Diques calcula que al menos 15 comunidades nativas de Ucayali y Hu\u00e1nuco viven bajo amenaza de taladores y narcotraficantes. Foto: DAR.<\/figcaption><\/figure>\n<p>De acuerdo con el presidente de la\u00a0<a href=\"https:\/\/www.facebook.com\/FECONAU\/\" rel=\"external noopener noreferrer\" data-wpel-link=\"external\">Federaci\u00f3n de Comunidades Nativas de Ucayali y Afluentes<\/a>\u00a0(Feconau), Miguel Guimaraes, de los pueblos que representa tres registran mayor perjuicio por la depredaci\u00f3n de bosques y el narcotr\u00e1fico: Santa Clara de Uchunya, en el distrito de Nueva Requena; Flor de Ucayali, en el distrito de Caller\u00eda; y Alto Tamaya Saweto, en el distrito de Masisea. Estas jurisdicciones pertenecen a la provincia de Coronel Portillo. Guimaraes dice que en\u00a0<a href=\"https:\/\/es.mongabay.com\/2020\/10\/historia-grafica-palma-peru-santa-clara-uchunya\/\" data-wpel-link=\"internal\">Santa Clara de Uchunya<\/a>\u00a0la lucha ind\u00edgena es contra una empresa de palma aceitera que, seg\u00fan calcula, ha deforestado casi\u00a0<strong>siete mil hect\u00e1reas de bosques primarios<\/strong>. Los habitantes de esta comunidad no tienen dudas de que esta compa\u00f1\u00eda promueve la invasi\u00f3n y tala en sus tierras, as\u00ed como las constantes amenazas que reciben.<\/p>\n<p>En Flor de Ucayali el problema no es menor. El apu Guimaraes sostiene que la deforestaci\u00f3n en esa comunidad, y las otras 34 donde la Feconau tiene injerencia, llega a dos mil hect\u00e1reas. El punto neur\u00e1lgico en este sector es la cuenca del r\u00edo Utiquin\u00eda, donde los cultivos de coca y la instalaci\u00f3n de pozas de maceraci\u00f3n casi se han duplicado con respecto al a\u00f1o pasado. \u201cComo esta hay otras cuencas y quebradas tambi\u00e9n invadidas por narcotraficantes que no reconocen nuestro t\u00edtulo de propietarios. Ucayali est\u00e1 pr\u00f3ximo a convertirse en el segundo Vraem (valle de los r\u00edos Apur\u00edmac, Ene y Mantaro, zona que abarca las mayores extensiones de cocales en el Per\u00fa)\u201d, apunta Guimaraes.<\/p>\n<p>Los comuneros de Alto Tamaya-Saweto afirman que aqu\u00ed la actividad de madereros ilegales ha dejado m\u00e1s de 8 mil hect\u00e1reas deforestadas. Una situaci\u00f3n que en los \u00faltimos a\u00f1os se ha agravado con la presencia del narcotr\u00e1fico. En setiembre del 2014, el l\u00edder ind\u00edgena Edwin Chota y otros tres dirigentes de\u00a0<a href=\"https:\/\/es.mongabay.com\/2019\/04\/peru-saweto-tala-ilegal-defensores-ambientales\/\" data-wpel-link=\"internal\">Alto Tamaya-Saweto<\/a>\u00a0fueron asesinados por taladores ilegales y ello devino en una seguidilla de intimidaciones contra sus familias y los ind\u00edgenas que todav\u00eda pugnan por la defensa de esas tierras. El temor empuj\u00f3 a que la hija de uno de los defensores ambientales asesinados con Chota escape del pueblo. Huy\u00f3 con sus hijos porque sabe que los hombres que mataron a su padre est\u00e1n cerca de la comunidad. Ella fue parte de la delegaci\u00f3n de ind\u00edgenas que estuvo en Lima y detall\u00f3 su trance actual en las reuniones de alto nivel.<\/p>\n<figure id=\"attachment_200361\" class=\"wp-caption alignnone\"><img loading=\"lazy\" decoding=\"async\" class=\"wp-image-200361 size-full\" src=\"https:\/\/imgs.mongabay.com\/wp-content\/uploads\/sites\/25\/2018\/09\/25202318\/CHOTA.jpg\" sizes=\"(max-width: 710px) 100vw, 710px\" srcset=\"https:\/\/imgs.mongabay.com\/wp-content\/uploads\/sites\/25\/2018\/09\/25202318\/CHOTA.jpg 710w, https:\/\/imgs.mongabay.com\/wp-content\/uploads\/sites\/25\/2018\/09\/25202318\/CHOTA-610x342.jpg 610w\" alt=\"TERRITORIO. En lo que va del 2018, Osinfor ha identificado cerca de 4 mil metros c\u00fabicos de shihuahuaco de origen ilegal proveniente de la Amazon\u00eda. Foto: Leslie Moreno.\" width=\"710\" height=\"398\" \/><figcaption class=\"wp-caption-text\">En lo que va del 2018, Osinfor ha identificado cerca de 4 mil metros c\u00fabicos de shihuahuaco de origen ilegal proveniente de la Amazon\u00eda. Foto: Leslie Moreno.<\/figcaption><\/figure>\n<p>\u201cEl Estado siempre nos ha dicho que no tiene recursos. Tenemos que viajar m\u00e1s de 10 horas para hacer las denuncias y poner la log\u00edstica para que el fiscal pueda llegar a nuestros lugares. Pero todo el esfuerzo que hacemos queda en nada\u201d, lamenta el apu Guimaraes.<\/p>\n<p>&nbsp;<\/p>\n<h3>Protocolo insuficiente<\/h3>\n<p>El 25 de abril del 2019, el Ministerio de Justicia (Minjus) aprob\u00f3 la creaci\u00f3n del Protocolo para garantizar la protecci\u00f3n de personas defensoras de Derechos Humanos. Una primera herramienta planteada como parte de la elaboraci\u00f3n del Plan Nacional de Derechos Humanos. Edgardo Rodr\u00edguez, director general de Derechos Humanos del Minjus explica que, al inicio, el protocolo gener\u00f3 resistencia en diversos sectores del Estado que no ten\u00edan clara cu\u00e1l era la figura de un defensor, hacia qui\u00e9n deb\u00eda estar dirigida la protecci\u00f3n y mencionaban incluso la posibilidad de que algunos de ellos tengan acusaciones graves. Al haber sido creado por resoluci\u00f3n ministerial del Minjus, el protocolo no vincula a otras instituciones sustanciales para enfrentar a quienes atacan a los defensores (Ministerio del Interior o Fiscal\u00eda). Se trata, m\u00e1s bien, de un instrumento sectorial y esto, para algunas instituciones, es su principal falencia.<\/p>\n<p>Edgardo Rodr\u00edguez detalla que, luego de recibir informaci\u00f3n sobre alguna amenaza, un equipo de coordinaci\u00f3n del Minjus realiza una mesa de trabajo con autoridades y actores vinculados a asociaciones de derechos humanos. El objetivo aqu\u00ed es determinar si, efectivamente, existe una situaci\u00f3n de riesgo y si es preciso activar el protocolo.\u00a0<strong>El plazo para esta evaluaci\u00f3n es de 10 d\u00edas.<\/strong>\u00a0Entonces, se genera una alerta, el Minjus la traslada a la polic\u00eda y pide tres cosas: presencia de agentes en la zona, seguridad personal para el afectado si fuera alto el nivel de alerta y, en caso sea necesario, el traslado de la persona amenazada. El funcionario indica que el paso siguiente es buscar informaci\u00f3n de la\u00a0<a href=\"https:\/\/www.gob.pe\/defensoria-del-pueblo\" rel=\"external noopener noreferrer\" data-wpel-link=\"external\">Defensor\u00eda del Pueblo<\/a>\u00a0sobre zonas seguras y coordinar con algunas organizaciones de la sociedad civil que puedan ayudar con fondos para la seguridad y traslado.<\/p>\n<p>\u201cEl protocolo es un instrumento de pol\u00edtica p\u00fablica bien intencionado pero que tiene una serie de limitaciones y no ha cumplido con sus objetivos trazados. Si bien, el Minjus logra alertar as\u00ed a diferentes entidades del Estado, no obliga a actuar al Ministerio del Interior cuando m\u00e1s se necesita de presencia policial para asegurar condiciones de protecci\u00f3n\u201d, opina \u00c1lvaro M\u00e1squez Salvador, especialista legal del \u00e1rea de Litigio Constitucional y Pueblos Ind\u00edgenas del IDL.<\/p>\n<figure id=\"attachment_220249\" class=\"wp-caption alignnone\"><img loading=\"lazy\" decoding=\"async\" class=\"wp-image-220249\" src=\"https:\/\/imgs.mongabay.com\/wp-content\/uploads\/sites\/25\/2020\/10\/20040842\/palma-peru-6-WhatsApp-Image-2020-09-17-at-2.01.34-AM-768x512.jpeg\" sizes=\"(max-width: 710px) 100vw, 710px\" srcset=\"https:\/\/imgs.mongabay.com\/wp-content\/uploads\/sites\/25\/2020\/10\/20040842\/palma-peru-6-WhatsApp-Image-2020-09-17-at-2.01.34-AM-768x432.jpeg 768w, https:\/\/imgs.mongabay.com\/wp-content\/uploads\/sites\/25\/2020\/10\/20040842\/palma-peru-6-WhatsApp-Image-2020-09-17-at-2.01.34-AM-1536x864.jpeg 1536w, https:\/\/imgs.mongabay.com\/wp-content\/uploads\/sites\/25\/2020\/10\/20040842\/palma-peru-6-WhatsApp-Image-2020-09-17-at-2.01.34-AM-610x343.jpeg 610w, https:\/\/imgs.mongabay.com\/wp-content\/uploads\/sites\/25\/2020\/10\/20040842\/palma-peru-6-WhatsApp-Image-2020-09-17-at-2.01.34-AM.jpeg 1600w\" alt=\"Santa Clara de Uchunya Per\u00fa Palma\" width=\"710\" height=\"399\" \/><figcaption class=\"wp-caption-text\">Efer Silvano Soria (34), actual jefe de la comunidad Santa Clara de Uchunya relata que vive constantemente con inseguridad por las amenazas que ha recibido contra su vida. Foto Iv\u00e1n Flores.<\/figcaption><\/figure>\n<p>Vladimir Pinto, representante de la ONG\u00a0<a href=\"https:\/\/amazonwatch.org\/take-action\/peru-stop-the-oil-spills\" rel=\"external noopener noreferrer\" data-wpel-link=\"external\">Amazon Watch<\/a>\u00a0en el Per\u00fa, anota que el Minjus no puede vigilar que las garant\u00edas se otorguen de manera permanente y, en algunos casos, aquellas no est\u00e1n pensadas en las causas que generan estas amenazas: falta de titulaci\u00f3n o existencia de organizaciones criminales.<\/p>\n<p>En una entrevista con Mongabay Latam, la abogada Alicia Abanto, adjunta de la Defensor\u00eda del Pueblo para el Medio Ambiente, Servicios P\u00fablicos y Pueblos Ind\u00edgenas, consider\u00f3 que hay un avance del Estado en el reconocimiento del problema, pero en los territorios donde ocurren las amenazas\u00a0<strong>la protecci\u00f3n todav\u00eda no es efectiva.<\/strong><\/p>\n<p>Por esta raz\u00f3n, M\u00e1squez sostiene que el protocolo ha sido concebido m\u00e1s para una realidad urbana y que esto es b\u00e1sico para entender por qu\u00e9 hasta ahora no le ha servido a los defensores ind\u00edgenas. \u201cNo hay un presupuesto que permita a las autoridades del Minjus viajar a las comunidades para verificar una situaci\u00f3n\u201d, se\u00f1ala.<\/p>\n<p>La Direcci\u00f3n de Derechos Humanos del Minjus inform\u00f3 que el presupuesto anual para las remuneraciones y viajes del equipo de coordinaci\u00f3n del protocolo (dos o tres personas) es de\u00a0<strong>S\/200 mil<\/strong>. El 2020 solo hubo para viajes antes de la pandemia.<\/p>\n<p>El especialista legal del\u00a0<a href=\"https:\/\/www.idl-reporteros.pe\/\" rel=\"external noopener noreferrer\" data-wpel-link=\"external\">IDL<\/a>\u00a0apunta, adem\u00e1s, que algunos de los requisitos para la activaci\u00f3n del protocolo, como la recopilaci\u00f3n de evidencias que sustenten las agresiones y el consentimiento de las personas involucradas, tampoco son tan sencillos en un contexto rural. M\u00e1s a\u00fan, a\u00f1ade, durante el actual periodo de pandemia en que las comunicaciones con las v\u00edctimas dependen de la conectividad que estas tengan para establecer videoconferencias.<\/p>\n<p>El protocolo fue aprobado en abril del 2019 pero empez\u00f3 a ponerse en pr\u00e1ctica cinco meses despu\u00e9s. Edgardo Rodr\u00edguez explica que el equipo de coordinaci\u00f3n deb\u00eda aprender los mecanismos de evaluaci\u00f3n del riesgo y crear herramientas internas para reci\u00e9n empezar a hacer los viajes. \u201cYa ha comenzado a funcionar (el protocolo) pero la efectividad est\u00e1 condicionada muchas veces a nuestra presencia en la zona\u201d, anota. En efecto, con el brote del Covid-19, y las restricciones de movilizaci\u00f3n para los funcionarios del Estado, la situaci\u00f3n empeor\u00f3. De hecho, los cinco asesinatos contra defensores ambientales que ha dejado el 2020 en la Amazon\u00eda se produjeron durante la pandemia.<\/p>\n<figure id=\"attachment_217931\" class=\"wp-caption alignnone\"><img loading=\"lazy\" decoding=\"async\" class=\"wp-image-217931\" src=\"https:\/\/imgs.mongabay.com\/wp-content\/uploads\/sites\/25\/2020\/08\/08011619\/mineria-ilegal-pariamanu-3-_B9A1422-768x512.jpg\" sizes=\"(max-width: 710px) 100vw, 710px\" srcset=\"https:\/\/imgs.mongabay.com\/wp-content\/uploads\/sites\/25\/2020\/08\/08011619\/mineria-ilegal-pariamanu-3-_B9A1422-768x512.jpg 768w, https:\/\/imgs.mongabay.com\/wp-content\/uploads\/sites\/25\/2020\/08\/08011619\/mineria-ilegal-pariamanu-3-_B9A1422-1200x800.jpg 1200w, https:\/\/imgs.mongabay.com\/wp-content\/uploads\/sites\/25\/2020\/08\/08011619\/mineria-ilegal-pariamanu-3-_B9A1422-610x407.jpg 610w, https:\/\/imgs.mongabay.com\/wp-content\/uploads\/sites\/25\/2020\/08\/08011619\/mineria-ilegal-pariamanu-3-_B9A1422.jpg 1500w\" alt=\"mineria ilegal boca pariamanu\" width=\"710\" height=\"473\" \/><figcaption class=\"wp-caption-text\">Ind\u00edgenas asentados a orillas del Pariamanu, en Madre De Dios (Per\u00fa), son amenazados por mineros ilegales. Foto: SPDA.<\/figcaption><\/figure>\n<p>\u201cNosotros sent\u00edamos que ten\u00edamos que llegar a las zonas, pero lo \u00fanico que pod\u00edamos hacer era tratar de activar a la polic\u00eda local y las garant\u00edas\u201d, declara Rodr\u00edguez. Sin embargo, por lo menos tres de los cinco defensores que este a\u00f1o perdieron la vida a manos de narcotraficantes e invasores de tierras hab\u00edan pedido garant\u00edas para sus vidas. No lo consiguieron.<\/p>\n<p>\u00c1lvaro M\u00e1squez indica que la comunidad de Santa Clara de Uchunya, a trav\u00e9s de la Feconau, ha logrado que se active el protocolo para su defensa. No obstante, se\u00f1ala que el Minjus ha ordenado la evaluaci\u00f3n de riesgo desde setiembre para determinar qu\u00e9 medidas de protecci\u00f3n adoptar y hasta ahora este proceso no ha concluido. El especialista legal remarca que el caso de Santa Clara de Uchunya no es com\u00fan pues no todas las comunidades pueden contactar con las organizaciones ind\u00edgenas que las representan. Y adem\u00e1s, puntualiza,\u00a0<strong>no todos los pueblos saben de la existencia de esta herramienta<\/strong>.<\/p>\n<p>\u201cEl reto est\u00e1 en fortalecer la relaci\u00f3n entre las autoridades ind\u00edgenas y las autoridades locales m\u00e1s cercanas (prefecturas, polic\u00edas y fiscales) para que las medidas de protecci\u00f3n sean eficaces\u201d, considera Alicia Abanto.<\/p>\n<p>&nbsp;<\/p>\n<h3>Mecanismo de protecci\u00f3n como objetivo<\/h3>\n<p>Hasta fines del 2020, el Ministerio de Justicia registr\u00f3\u00a0<strong>24 pedidos<\/strong>\u00a0para la activaci\u00f3n del protocolo de protecci\u00f3n para personas defensoras de derechos humanos. Algunos casos corresponden a las regiones<strong>\u00a0Hu\u00e1nuco, Ucayali, Loreto y Piura.<\/strong>\u00a0En\u00a0<strong>nueve ya se han generado alertas tempranas<\/strong>, o sea coordinaciones con la polic\u00eda, Defensor\u00eda del Pueblo y organizaciones locales para el resguardo del defensor. Los casos restantes todav\u00eda est\u00e1n en la fase de evaluaci\u00f3n de riesgo debido a que, en el contexto de la pandemia, la informaci\u00f3n no ha llegado inmediatamente. En tanto,\u00a0<strong>existen dos casos en que las v\u00edctimas solicitaron traslados fuera de sus regiones.<\/strong><\/p>\n<p>Edgardo Rodr\u00edguez reconoce que el protocolo ha pasado por una etapa en que pudo tener mayor despliegue y otra casi de silenciamiento a causa de la pandemia. Tambi\u00e9n, que la polic\u00eda no tiene un plan de acci\u00f3n definido cuando se activa un procedimiento de alerta. Sin embargo, subray\u00f3 que el Ministerio del Interior (Mininter) emiti\u00f3 en junio una directiva para que todos los prefectos y subprefectos otorguen garant\u00edas ante cualquier caso de amenaza contra defensores. \u201cEso es lo que ha estado funcionando como un primer paso, ya las garant\u00edas no se niegan\u201d, dice. Y agrega que el mismo Mininter tambi\u00e9n deber\u00eda crear una regulaci\u00f3n sectorial para la protecci\u00f3n permanente de defensores en riesgo.<\/p>\n<figure id=\"attachment_220247\" class=\"wp-caption alignnone\"><img loading=\"lazy\" decoding=\"async\" class=\"wp-image-220247\" src=\"https:\/\/imgs.mongabay.com\/wp-content\/uploads\/sites\/25\/2020\/10\/20040834\/palma-peru-4-WhatsApp-Image-2020-09-17-at-2.01.32-AM-1-768x512.jpeg\" sizes=\"(max-width: 710px) 100vw, 710px\" srcset=\"https:\/\/imgs.mongabay.com\/wp-content\/uploads\/sites\/25\/2020\/10\/20040834\/palma-peru-4-WhatsApp-Image-2020-09-17-at-2.01.32-AM-1-768x432.jpeg 768w, https:\/\/imgs.mongabay.com\/wp-content\/uploads\/sites\/25\/2020\/10\/20040834\/palma-peru-4-WhatsApp-Image-2020-09-17-at-2.01.32-AM-1-610x343.jpeg 610w, https:\/\/imgs.mongabay.com\/wp-content\/uploads\/sites\/25\/2020\/10\/20040834\/palma-peru-4-WhatsApp-Image-2020-09-17-at-2.01.32-AM-1.jpeg 1500w\" alt=\"Santa Clara de Uchunya Per\u00fa Palma\" width=\"710\" height=\"399\" \/><figcaption class=\"wp-caption-text\">La fiscal\u00eda y la polic\u00eda realizaron una inspecci\u00f3n el 17 de septiembre del 2020 en el territorio de Santa Clara de Uchunya y encontraron evidencia de tala ilegal al interior de sus tierras. Foto: Iv\u00e1n Flores.<\/figcaption><\/figure>\n<p>Aun con todo ello, el funcionario apunta que los crecientes casos de intimidaciones hicieron que el protocolo ya no sea suficiente como herramienta efectiva y fuera necesario ampliar la estrategia. As\u00ed, tal como estaba previsto en el Plan Nacional de Derechos Humanos, a inicios de octubre se cre\u00f3 el\u00a0<strong>Registro de situaciones de riesgo para personas defensoras de Derechos Humanos<\/strong>, un instrumento de car\u00e1cter preventivo que servir\u00e1 para elaborar el mapeo completo de amenazas y atentados, seg\u00fan se ha previsto. Edgardo Rodr\u00edguez dice que el objetivo hacia el 2021 es estructurar el\u00a0<strong>Mecanismo articulado del Estado peruano para la protecci\u00f3n de personas defensoras de Derechos Humanos<\/strong>. Esta herramienta est\u00e1 proyectada para incluir, con roles definidos, a ministerios claves en la protecci\u00f3n de los defensores (Justicia, Interior, etc.) y otros sectores dispuestos a que esto sea concebido como decreto supremo.<\/p>\n<p>\u201cSi este mecanismo sale como lo tenemos pensado, es decir, con funciones de los distintos sectores, entonces contaremos con una herramienta reforzada y el protocolo dejar\u00e1 de tener vigencia efectiva\u201d, explica.<\/p>\n<p>Por lo pronto, a estos planes de reformulaci\u00f3n del protocolo se sumar\u00e1 un proyecto de ley, del congresista Alberto de Belaunde, sobre defensores ambientales y derechos humanos. La presidenta del Congreso, Mirtha V\u00e1squez, tambi\u00e9n se comprometi\u00f3 a que la bancada del Frente Amplio presente un proyecto de ley que incluir\u00e1 un plan de atenci\u00f3n a los defensores ambientales y reparaci\u00f3n para las v\u00edctimas. Estos fueron algunos de los acuerdos alcanzados durante las reuniones en las que particip\u00f3 la delegaci\u00f3n de l\u00edderes ind\u00edgenas amenazados. El Mininter, por su parte, garantiz\u00f3 una intervenci\u00f3n m\u00e1s efectiva en las zonas de riesgo, con inteligencia policial orientada a la desactivaci\u00f3n de organizaciones criminales. Las comunidades nativas amenazadas aguardan en angustia.<\/p>\n<p>Tomado de: <a href=\"https:\/\/es.mongabay.com\/2021\/01\/amazonia-peru-lideres-indigenas-defensores-ambientales-protocolo\/\">https:\/\/es.mongabay.com\/2021\/01\/amazonia-peru-lideres-indigenas-defensores-ambientales-protocolo\/<\/a><\/p>\n","protected":false},"excerpt":{"rendered":"<p>Mongabay Latam 25 de enero de 2021 &nbsp; A uno le enviaron por celular una serie fotogr\u00e1fica de hombres padeciendo torturas. Debajo del grupo de im\u00e1genes se pod\u00eda leer este mensaje:\u00a0\u201cSigue con lo que est\u00e1s haciendo y te va a pasar lo mismo\u201d.\u00a0A otro intentaron balearlo afuera del local de la organizaci\u00f3n que lidera, pero&hellip;<\/p>\n","protected":false},"author":324,"featured_media":21812,"comment_status":"open","ping_status":"open","sticky":false,"template":"","format":"standard","meta":{"_acf_changed":false,"footnotes":""},"categories":[3],"tags":[],"class_list":["post-21815","post","type-post","status-publish","format-standard","has-post-thumbnail","hentry","category-radar","category-3","description-off"],"acf":[],"_links":{"self":[{"href":"https:\/\/www.raisg.org\/en\/wp-json\/wp\/v2\/posts\/21815","targetHints":{"allow":["GET"]}}],"collection":[{"href":"https:\/\/www.raisg.org\/en\/wp-json\/wp\/v2\/posts"}],"about":[{"href":"https:\/\/www.raisg.org\/en\/wp-json\/wp\/v2\/types\/post"}],"author":[{"embeddable":true,"href":"https:\/\/www.raisg.org\/en\/wp-json\/wp\/v2\/users\/324"}],"replies":[{"embeddable":true,"href":"https:\/\/www.raisg.org\/en\/wp-json\/wp\/v2\/comments?post=21815"}],"version-history":[{"count":1,"href":"https:\/\/www.raisg.org\/en\/wp-json\/wp\/v2\/posts\/21815\/revisions"}],"predecessor-version":[{"id":21817,"href":"https:\/\/www.raisg.org\/en\/wp-json\/wp\/v2\/posts\/21815\/revisions\/21817"}],"wp:featuredmedia":[{"embeddable":true,"href":"https:\/\/www.raisg.org\/en\/wp-json\/wp\/v2\/media\/21812"}],"wp:attachment":[{"href":"https:\/\/www.raisg.org\/en\/wp-json\/wp\/v2\/media?parent=21815"}],"wp:term":[{"taxonomy":"category","embeddable":true,"href":"https:\/\/www.raisg.org\/en\/wp-json\/wp\/v2\/categories?post=21815"},{"taxonomy":"post_tag","embeddable":true,"href":"https:\/\/www.raisg.org\/en\/wp-json\/wp\/v2\/tags?post=21815"}],"curies":[{"name":"wp","href":"https:\/\/api.w.org\/{rel}","templated":true}]}}