{"id":23465,"date":"2021-04-13T19:13:39","date_gmt":"2021-04-13T22:13:39","guid":{"rendered":"https:\/\/www.amazoniasocioambiental.org\/radar\/la-amazonia-perdio-23-millones-de-hectareas-en-2020-su-tercer-peor-registro\/"},"modified":"2021-04-13T19:13:39","modified_gmt":"2021-04-13T22:13:39","slug":"la-amazonia-perdio-23-millones-de-hectareas-en-2020-su-tercer-peor-registro","status":"publish","type":"post","link":"https:\/\/www.raisg.org\/en\/radar\/la-amazonia-perdio-23-millones-de-hectareas-en-2020-su-tercer-peor-registro\/","title":{"rendered":"La Amazon\u00eda perdi\u00f3 2,3 millones de hect\u00e1reas en 2020, su tercer peor registro"},"content":{"rendered":"<p><img decoding=\"async\" src=\"https:\/\/www.juiciocrudo.com\/pics\/540x303\/242a311abf290da4077519a25979ce1c1cc6443d.jpg\" alt=\"La Amazon\u00eda perdi\u00f3 2,3 millones de hect\u00e1reas en 2020, su tercer peor registro \/ Foto: El Oriente\" \/><br \/>\nLa Amazon\u00eda perdi\u00f3 2,3 millones de hect\u00e1reas en 2020, su tercer peor registro \/ Foto: El Oriente<\/p>\n<p>El Oriente<br \/>\nMedio ambiente<br \/>\n13 de abril, 2021<\/p>\n<p>La Amazon\u00eda perdi\u00f3 2,3 millones de hect\u00e1reas de selva en 2020, un 17 % m\u00e1s que el a\u00f1o anterior, lo que supone el tercer peor registro de los \u00faltimos 20 a\u00f1os y el m\u00e1s alto en Bolivia, Ecuador y Per\u00fa, seg\u00fan inform\u00f3 este martes el Proyecto de Monitoreo de la Amazon\u00eda Andina (MAAP).<\/p>\n<p>La superficie de bosques amaz\u00f3nicos perdida durante 2020 entre los nueve pa\u00edses vigilados por el MAAP (Bolivia, Brasil, Colombia, Ecuador, Guayana Francesa, Guyana, Per\u00fa, Surinam y Venezuela) es superior a la extensi\u00f3n entera de un pa\u00eds como El Salvador.<\/p>\n<p>Solo en 2016 y 2017 hubo cifras superiores a la registrada el a\u00f1o pasado, donde a pesar de la pandemia de la covid-19 la deforestaci\u00f3n de los bosques amaz\u00f3nicos se ha recrudecido.<\/p>\n<p>Los pa\u00edses con la mayor cantidad de bosque amaz\u00f3nico primario perdido durante 2020 fueron, por orden, Brasil, Bolivia, Per\u00fa, Colombia, Venezuela, y Ecuador.<\/p>\n<p>M\u00e1s del 65 % de la deforestaci\u00f3n de toda la Amazon\u00eda registrada en 2020 se ubic\u00f3 en Brasil, el pa\u00eds con mayor territorio amaz\u00f3nico, que perdi\u00f3 1,5 millones de hect\u00e1reas, un 13 % m\u00e1s que el a\u00f1o anterior.<\/p>\n<p>La extensi\u00f3n deforestada en Brasil es casi el doble de la superficie total de Puerto Rico, se concentra principalmente en el sur y es la sexta cifra m\u00e1s alta de los \u00faltimos 20 a\u00f1os en el pa\u00eds.<\/p>\n<p>Desde las im\u00e1genes de sat\u00e9lite observadas, las \u00e1reas deforestadas en Brasil fueron primero taladas y luego quemadas, lo que caus\u00f3 grandes incendios por la abundante biomasa recientemente cortada, en una pr\u00e1ctica aparentemente ligada a la expansi\u00f3n de pasto para ganado.<\/p>\n<p><strong>R\u00c9CORDS EN BOLIVIA Y PER\u00da<\/strong><\/p>\n<p>Tanto en Bolivia como en Per\u00fa se registr\u00f3 el r\u00e9cord hist\u00f3rico de deforestaci\u00f3n en sus respectivos territorios amaz\u00f3nicos, con las cifras m\u00e1s altas de las \u00faltimas dos d\u00e9cadas.<\/p>\n<p>En Bolivia se superaron las 240.000 hect\u00e1reas, lo que bati\u00f3 el r\u00e9cord de 2017, principalmente por los incendios acontecidos en el sureste que arrasaron los bosques secos, conocidos como los ecosistemas Chiquitano y Chaco.<\/p>\n<p>El caso de Per\u00fa es similar, pues perdi\u00f3 190.000 hect\u00e1reas de selva virgen, un 18 % m\u00e1s que 2019, lo que supone una cifra nunca antes vista, que supera el anterior r\u00e9cord de 2017.<\/p>\n<p>El principal n\u00facleo de deforestaci\u00f3n en Per\u00fa est\u00e1 en su selva central, entre las regiones de Pasco, Hu\u00e1nuco y Ucayali, principalmente causada por la agricultura migratoria.<\/p>\n<p>All\u00ed los campesinos se apoderan de peque\u00f1as parcelas de una o dos hect\u00e1reas que queman, lo que resta fertilidad a la tierra y al a\u00f1o siguiente se ven obligados a repetir el proceso en otro terreno aleda\u00f1o.<\/p>\n<p><strong>EL SEGUNDO PEOR A\u00d1O PARA COLOMBIA<\/strong><\/p>\n<p>Por su parte, Colombia tuvo el segundo registro m\u00e1s elevado de p\u00e9rdida de bosque primario en su Amazon\u00eda, con casi 140.000 hect\u00e1reas deforestadas, un 53 % m\u00e1s que en 2019, seg\u00fan precis\u00f3 a Efe el investigador del MAAP, Matt Finer.<\/p>\n<p>La p\u00e9rdida de bosques primarios en Colombia se concentr\u00f3 especialmente en un &#8220;arco de deforestaci\u00f3n&#8221; en su zona noroeste de la Amazon\u00eda colombiana que impacta numerosas \u00e1reas protegidas como parques nacionales y reservas ind\u00edgenas.<\/p>\n<p>Por su parte, Ecuador sufri\u00f3 la desaparici\u00f3n de 19.000 hect\u00e1reas de bosques amaz\u00f3nicos, tambi\u00e9n un r\u00e9cord nacional de deforestaci\u00f3n, al superar en un 53 % el registro del a\u00f1o anterior.<\/p>\n<p>El MAAP, una iniciativa de la organizaci\u00f3n Conservaci\u00f3n Amaz\u00f3nica, realiz\u00f3 este an\u00e1lisis basado en datos e im\u00e1genes satelitales de 30 metros de resoluci\u00f3n, producidos por la Universidad de Maryland (Estados Unidos).<\/p>\n<p>La investigaci\u00f3n cuenta con el apoyo del con el apoyo de la NORAD (Agencia Noruega para Cooperaci\u00f3n al Desarrollo, en ingl\u00e9s) y el ICFC (Fondo Internacional para la Conservaci\u00f3n de Canad\u00e1, en ingl\u00e9s).<\/p>\n<p>&nbsp;<\/p>\n<p>Tomado de: <a href=\"https:\/\/www.eloriente.com\/articulo\/la-amazonia-perdio-2-3-millones-de-hectareas-en-2020-su-tercer-peor-registro\/17247?fbclid=IwAR0ov_YtVxZMY9Zm70Ym7GAd8T2ygQ7VwlHjIF7AH3g3m9yOEuMqdYONRnI#utm_source=Facebook&amp;utm_medium=EO_promotions&amp;utm_campaign=articulo&amp;utm_term=traffic&amp;utm_content=amazonia_perdio_2-3-millones\">https:\/\/www.eloriente.com\/articulo\/la-amazonia-perdio-2-3-millones-de-hectareas-en-2020-su-tercer-peor-registro\/17247?fbclid=IwAR0ov_YtVxZMY9Zm70Ym7GAd8T2ygQ7VwlHjIF7AH3g3m9yOEuMqdYONRnI#utm_source=Facebook&amp;utm_medium=EO_promotions&amp;utm_campaign=articulo&amp;utm_term=traffic&amp;utm_content=amazonia_perdio_2-3-millones<\/a><\/p>\n","protected":false},"excerpt":{"rendered":"<p>La Amazon\u00eda perdi\u00f3 2,3 millones de hect\u00e1reas de selva en 2020, un 17 % m\u00e1s que el a\u00f1o anterior, lo que supone el tercer peor registro de los \u00faltimos 20 a\u00f1os y el m\u00e1s alto en Bolivia, Ecuador y Per\u00fa, seg\u00fan inform\u00f3 este martes el Proyecto de Monitoreo de la Amazon\u00eda Andina (MAAP).<\/p>\n<p>La superficie de bosques amaz\u00f3nicos perdida durante 2020 entre los nueve pa\u00edses vigilados por el MAAP (Bolivia, Brasil, Colombia, Ecuador, Guayana Francesa, Guyana, Per\u00fa, Surinam y Venezuela) es superior a la extensi\u00f3n entera de un pa\u00eds como El Salvador.<\/p>\n<p>Solo en 2016 y 2017 hubo cifras superiores a la registrada el a\u00f1o pasado, donde a pesar de la pandemia de la covid-19 la deforestaci\u00f3n de los bosques amaz\u00f3nicos se ha recrudecido.<\/p>\n","protected":false},"author":327,"featured_media":0,"comment_status":"open","ping_status":"open","sticky":false,"template":"","format":"standard","meta":{"_acf_changed":false,"footnotes":""},"categories":[3],"tags":[],"class_list":["post-23465","post","type-post","status-publish","format-standard","hentry","category-radar","category-3","description-off"],"acf":[],"_links":{"self":[{"href":"https:\/\/www.raisg.org\/en\/wp-json\/wp\/v2\/posts\/23465","targetHints":{"allow":["GET"]}}],"collection":[{"href":"https:\/\/www.raisg.org\/en\/wp-json\/wp\/v2\/posts"}],"about":[{"href":"https:\/\/www.raisg.org\/en\/wp-json\/wp\/v2\/types\/post"}],"author":[{"embeddable":true,"href":"https:\/\/www.raisg.org\/en\/wp-json\/wp\/v2\/users\/327"}],"replies":[{"embeddable":true,"href":"https:\/\/www.raisg.org\/en\/wp-json\/wp\/v2\/comments?post=23465"}],"version-history":[{"count":0,"href":"https:\/\/www.raisg.org\/en\/wp-json\/wp\/v2\/posts\/23465\/revisions"}],"wp:attachment":[{"href":"https:\/\/www.raisg.org\/en\/wp-json\/wp\/v2\/media?parent=23465"}],"wp:term":[{"taxonomy":"category","embeddable":true,"href":"https:\/\/www.raisg.org\/en\/wp-json\/wp\/v2\/categories?post=23465"},{"taxonomy":"post_tag","embeddable":true,"href":"https:\/\/www.raisg.org\/en\/wp-json\/wp\/v2\/tags?post=23465"}],"curies":[{"name":"wp","href":"https:\/\/api.w.org\/{rel}","templated":true}]}}