{"id":23712,"date":"2021-04-27T14:44:04","date_gmt":"2021-04-27T17:44:04","guid":{"rendered":"https:\/\/www.amazoniasocioambiental.org\/radar\/arranca-campana-para-plantar-100-000-arboles-en-la-amazonia-de-ecuador\/"},"modified":"2021-04-27T14:44:04","modified_gmt":"2021-04-27T17:44:04","slug":"arranca-campana-para-plantar-100-000-arboles-en-la-amazonia-de-ecuador","status":"publish","type":"post","link":"https:\/\/www.raisg.org\/en\/radar\/arranca-campana-para-plantar-100-000-arboles-en-la-amazonia-de-ecuador\/","title":{"rendered":"Arranca campa\u00f1a para plantar 100.000 \u00e1rboles en la Amazon\u00eda de Ecuador"},"content":{"rendered":"<p><img decoding=\"async\" src=\"https:\/\/cdn.lahora.com.ec\/2021\/04\/27160109\/83afa388596a4ad44a7f270f90b804076982fd77w-696x457.jpg\" \/><br \/>\nReforestaci\u00f3n. Las especies maderables y no maderables que se sembrar\u00e1n son nativas de la Amazon\u00eda, como el cedro, balsa, chonta, morete, guadua, batea, guan\u00e1bana, ajo de monte, caoba, entre otras. (Foto: EFE)<\/p>\n<p>La Hora<br \/>\nEcuador<br \/>\n27 de abril, 2021<\/p>\n<p>&nbsp;<\/p>\n<p><em><strong>\u201cJuntos por la Tierra\u201d tiene el objetivo de sembrar especies aut\u00f3ctonas en cuatro provincias de esta regi\u00f3n, entre abril y junio de 2021.<\/strong><\/em><\/p>\n<p>Cuatro provincias de la Amazon\u00eda ecuatoriana ser\u00e1n beneficiarias, a partir de abril de 2021, de una campa\u00f1a por la que\u00a0<strong>se plantar\u00e1n 100.000 \u00e1rboles<\/strong>\u00a0de especies aut\u00f3ctonas, seg\u00fan inform\u00f3 este 27 de abril el Ministerio de Ambiente y Agua.<\/p>\n<p>Se trata de la iniciativa\u00a0<strong>\u201cJuntos por la Tierra\u201d<\/strong>, impulsada en el marco de las acciones de conservaci\u00f3n y restauraci\u00f3n de los bosques del programa gubernamental PROAmazon\u00eda, con el apoyo adem\u00e1s del Ministerio de Agricultura y Ganader\u00eda y el Programa de las Naciones Unidas para el Desarrollo (PNUD).<\/p>\n<p>La campa\u00f1a busca sensibilizar a la ciudadan\u00eda sobre la\u00a0<strong>importancia de la preservaci\u00f3n de los bosques<\/strong>\u00a0por su contribuci\u00f3n al ambiente, a la salud y la mitigaci\u00f3n de los efectos del cambio clim\u00e1tico, la cual se desarrollar\u00e1 entre abril y junio de 2021.,<\/p>\n<p>Las especies maderables y no maderables que se sembrar\u00e1n son\u00a0<strong>nativas de la Amazon\u00eda,<\/strong>\u00a0como el cedro, balsa, chonta, morete, guadua, batea, guan\u00e1bana, ajo de monte y caoba, entre otras.<\/p>\n<p>\u201cEs grato poder sumarnos a esta\u00a0<strong>campa\u00f1a para conservar la tierra y sus recursos<\/strong>\u00a0y, al mismo tiempo, salvaguardar la vida\u201d, manifest\u00f3, en la inauguraci\u00f3n de la campa\u00f1a, el ministro de Ambiente y Agua, Marcelo Mata, quien remarc\u00f3 la importancia del \u201caporte de la comunidad\u201d para la buena marcha de este tipo de proyectos.<\/p>\n<h4>En cuatro provincias<\/h4>\n<p>El plan se lleva a cabo en las provincias ecuatorianas orientales de\u00a0<strong>Napo, Pastaza, Sucumb\u00edos y Orellana,<\/strong>\u00a0en estrecha coordinaci\u00f3n con las comunidades ind\u00edgenas locales.<\/p>\n<p>A la iniciativa se unieron tres socios estrat\u00e9gicos: fundaci\u00f3n Altr\u00f3pico, HIVOS y el Gobierno Aut\u00f3nomo Descentralizado de Cascales, provincia de Sucumb\u00edos.<\/p>\n<p>\u201cJuntos por la Tierra\u201d vio la luz en 2019 como iniciativa del actor y ambientalista ecuatoriano Roberto Manrique, que buscaba contribuir a la conservaci\u00f3n del pa\u00eds mediante el combate a la crisis clim\u00e1tica.<\/p>\n<p>\u201cEs satisfactorio tener una alianza con el sector p\u00fablico, privado, entre otros, adem\u00e1s de la poblaci\u00f3n, para salir adelante con el deseo y motivaci\u00f3n de sembrar corazones, pues\u00a0<strong>un \u00e1rbol hace una gran diferencia,<\/strong>\u00a0no se diga 100.000\u2033, manifest\u00f3 el actor, en el evento de lanzamiento del proyecto.<\/p>\n<p>Ecuador comprende una porci\u00f3n diminuta de toda la Amazon\u00eda sudamericana, con apenas un 3% del total, pero su importancia radica en que es considerada por los especialistas como la regi\u00f3n m\u00e1s biodiversa de la zona.\u00a0<em>(EFE)<\/em><\/p>\n<p>Tomado de: <a href=\"https:\/\/www.lahora.com.ec\/arranca-campana-para-plantar-100-000-arboles-en-la-amazonia-de-ecuador\/\">https:\/\/www.lahora.com.ec\/arranca-campana-para-plantar-100-000-arboles-en-la-amazonia-de-ecuador\/<\/a><\/p>\n<p>&nbsp;<\/p>\n","protected":false},"excerpt":{"rendered":"<p>\u201cJuntos por la Tierra\u201d tiene el objetivo de sembrar especies aut\u00f3ctonas en cuatro provincias de esta regi\u00f3n, entre abril y junio de 2021.<\/p>\n<p>Cuatro provincias de la Amazon\u00eda ecuatoriana ser\u00e1n beneficiarias, a partir de abril de 2021, de una campa\u00f1a por la que se plantar\u00e1n 100.000 \u00e1rboles de especies aut\u00f3ctonas, seg\u00fan inform\u00f3 este 27 de abril el Ministerio de Ambiente y Agua.<\/p>\n<p>Se trata de la iniciativa \u201cJuntos por la Tierra\u201d, impulsada en el marco de las acciones de conservaci\u00f3n y restauraci\u00f3n de los bosques del programa gubernamental PROAmazon\u00eda, con el apoyo adem\u00e1s del Ministerio de Agricultura y Ganader\u00eda y el Programa de las Naciones Unidas para el Desarrollo (PNUD).<\/p>\n","protected":false},"author":327,"featured_media":0,"comment_status":"open","ping_status":"open","sticky":false,"template":"","format":"standard","meta":{"_acf_changed":false,"footnotes":""},"categories":[3],"tags":[],"class_list":["post-23712","post","type-post","status-publish","format-standard","hentry","category-radar","category-3","description-off"],"acf":[],"_links":{"self":[{"href":"https:\/\/www.raisg.org\/en\/wp-json\/wp\/v2\/posts\/23712","targetHints":{"allow":["GET"]}}],"collection":[{"href":"https:\/\/www.raisg.org\/en\/wp-json\/wp\/v2\/posts"}],"about":[{"href":"https:\/\/www.raisg.org\/en\/wp-json\/wp\/v2\/types\/post"}],"author":[{"embeddable":true,"href":"https:\/\/www.raisg.org\/en\/wp-json\/wp\/v2\/users\/327"}],"replies":[{"embeddable":true,"href":"https:\/\/www.raisg.org\/en\/wp-json\/wp\/v2\/comments?post=23712"}],"version-history":[{"count":0,"href":"https:\/\/www.raisg.org\/en\/wp-json\/wp\/v2\/posts\/23712\/revisions"}],"wp:attachment":[{"href":"https:\/\/www.raisg.org\/en\/wp-json\/wp\/v2\/media?parent=23712"}],"wp:term":[{"taxonomy":"category","embeddable":true,"href":"https:\/\/www.raisg.org\/en\/wp-json\/wp\/v2\/categories?post=23712"},{"taxonomy":"post_tag","embeddable":true,"href":"https:\/\/www.raisg.org\/en\/wp-json\/wp\/v2\/tags?post=23712"}],"curies":[{"name":"wp","href":"https:\/\/api.w.org\/{rel}","templated":true}]}}