{"id":23903,"date":"2021-05-04T17:15:05","date_gmt":"2021-05-04T20:15:05","guid":{"rendered":"https:\/\/www.amazoniasocioambiental.org\/radar\/mordaza-legal-al-menos-156-defensores-ambientales-demandados-por-proteger-su-territorio-en-cuatro-paises-de-latinoamerica\/"},"modified":"2021-05-04T17:15:05","modified_gmt":"2021-05-04T20:15:05","slug":"mordaza-legal-al-menos-156-defensores-ambientales-demandados-por-proteger-su-territorio-en-cuatro-paises-de-latinoamerica","status":"publish","type":"post","link":"https:\/\/www.raisg.org\/en\/radar\/mordaza-legal-al-menos-156-defensores-ambientales-demandados-por-proteger-su-territorio-en-cuatro-paises-de-latinoamerica\/","title":{"rendered":"Mordaza legal: al menos 156 defensores ambientales demandados por proteger su territorio en cuatro pa\u00edses de Latinoam\u00e9rica"},"content":{"rendered":"<p><img decoding=\"async\" src=\"https:\/\/imgs.mongabay.com\/wp-content\/uploads\/sites\/25\/2021\/04\/30151903\/WhatsApp-Image-2021-04-30-at-11.16.16-1200x720.jpeg\" \/><\/p>\n<p>Mongabay<br \/>\nPOR\u00a0<a href=\"https:\/\/es.mongabay.com\/by\/michelle-carrere\/\" rel=\"tag\" data-wpel-link=\"internal\">MICHELLE CARRERE<\/a>,\u00a0<a href=\"https:\/\/es.mongabay.com\/by\/vanessa-romo\/\" rel=\"tag\" data-wpel-link=\"internal\">VANESSA ROMO<\/a><br \/>\n4 MAYO 2021<\/p>\n<p>&nbsp;<\/p>\n<div class=\"bulletpoints\">\n<ul>\n<li><em>Los defensores son denunciados y hasta apresados como parte de su protesta contra proyectos mineros, agroindustriales y energ\u00e9ticos.<\/em><\/li>\n<li><em>En la mayor\u00eda de los casos es el Estado el que los ha denunciado por obstrucci\u00f3n de v\u00edas p\u00fablicas o disturbios, pero tambi\u00e9n por extorsi\u00f3n y terrorismo.<\/em><\/li>\n<li><em>Los expertos se\u00f1alan que la criminalizaci\u00f3n cumple un objetivo: desmovilizar a los defensores mediante el miedo, el agotamiento, la estigmatizaci\u00f3n e incluso la ruina social y financiera.\u00a0<\/em><\/li>\n<\/ul>\n<\/div>\n<p><iframe class=\"iframe-class\" title=\"YouTube video player\" src=\"https:\/\/www.youtube.com\/embed\/f0cj0HfK9Ww\" width=\"720\" height=\"415\" frameborder=\"0\" scrolling=\"yes\" data-mce-fragment=\"1\"><\/iframe><\/p>\n<p>Wbeimar Cetina recuerda con una claridad estremecedora los catorce meses en la C\u00e1rcel de Arauca, en Colombia, aislado y sin poder recibir visitas por la pandemia. Entre esas cuatro paredes recreaba los \u00faltimos momentos vividos con su familia. Tambi\u00e9n volv\u00eda una y otra vez sobre los eventos del 10 de febrero de 2020, el d\u00eda en que\u00a0<strong>un grupo de polic\u00edas armados con fusiles llamaron a la puerta de su casa para llev\u00e1rselo preso.<\/strong>\u00a0Lo acusaron de financiar y ser parte de la guerrilla colombiana. Cetina dice que quien protesta contra la empresa petrolera en Arauca, se convierte de inmediato en un aliado de la subversi\u00f3n.<\/p>\n<p>Siete meses antes, en su Arauca natal,\u00a0<strong>Wbeimar Cetina lider\u00f3 una gran marcha, como presidente de la Federaci\u00f3n Departamental de Juntas de Acci\u00f3n Comunal,<\/strong>\u00a0contra lo que ellos consideran abusos ambientales y laborales de la empresa petrolera Occidental de Colombia (Oxy), la que opera en la zona desde la d\u00e9cada de 1970. \u201cEn este tiempo han acabado con un santuario ind\u00edgena, han desplazado comuneros y hemos denunciado constantemente derrames de crudo\u201d, dice el l\u00edder comunal. La \u00faltima de estas protestas, la de julio 2019, lo llev\u00f3 a prisi\u00f3n.<\/p>\n<p>Junto con Wbeimar Cetina, otros seis l\u00edderes de Arauca est\u00e1n siendo procesados por rebeli\u00f3n y hasta terrorismo por esa misma protesta y cuatro de ellos est\u00e1n en prisi\u00f3n. Esto le cost\u00f3 al dirigente comunal no solo catorce meses de privaci\u00f3n de libertad sino tambi\u00e9n la ruptura del v\u00ednculo familiar. Por eso repite que la c\u00e1rcel le arrebat\u00f3 hasta su hogar. Ahora espera con temor el pronunciamiento de la Fiscal\u00eda sobre la apelaci\u00f3n presentada por la contraparte, pues sabe que su libertad depende de esa decisi\u00f3n.<\/p>\n<p>Lo que ocurri\u00f3 con Wbeimar Cetina no es un caso aislado.\u00a0<strong>Am\u00e9rica Latina es un lugar peligroso para los defensores ambientales<\/strong>\u00a0no solo porque los matan, sino tambi\u00e9n porque los demandan o criminalizan. Seg\u00fan\u00a0<a href=\"https:\/\/www.frontlinedefenders.org\/sites\/default\/files\/fld_global_analysis_2020.pdf\" target=\"_blank\" rel=\"noopener external noreferrer\" data-wpel-link=\"external\">Front Line Defenders<\/a>, este es el tercer ataque m\u00e1s recurrente cuando se habla de las amenazas contra l\u00edderes y lideresas de la regi\u00f3n. La informaci\u00f3n que da cuenta de este problema, sin embargo, se encuentra muy dispersa. Laura Furones, l\u00edder de campa\u00f1a de Global Witness, reconoce que har\u00edan falta muchos m\u00e1s recursos para poder identificar y sistematizar los casos en cada uno de los pa\u00edses de Latinoam\u00e9rica. Un tema adicional \u2014dijo a Mongabay Latam, Mary Lawlor, la Relatora Especial sobre la situaci\u00f3n de los defensores de los derechos humanos de las Naciones Unidas (ONU)\u2014 es el subregistro de actos de criminalizaci\u00f3n de quienes defienden el medio ambiente, tanto a nivel nacional como internacional\u201d.<\/p>\n<p>Mongabay Latam rastre\u00f3 en Ministerios P\u00fablicos, fiscal\u00edas, defensor\u00edas del pueblo y 11 organizaciones de derechos humanos de Colombia, M\u00e9xico, Ecuador y Per\u00fa los casos de defensores ambientales que enfrentan hoy procesos judiciales y construy\u00f3 una\u00a0<strong>base de datos para dibujar el rostro de esta criminalizaci\u00f3n.<\/strong><\/p>\n<p>\u00bfQui\u00e9nes son? \u00bfQu\u00e9 recursos defienden? \u00bfQui\u00e9nes los denuncian y por qu\u00e9?<\/p>\n<h3>Lo que dicen los datos<\/h3>\n<p>Seg\u00fan la Comisi\u00f3n Interamericana de Derechos Humanos (CIDH),\u00a0<a href=\"https:\/\/www.oas.org\/es\/cidh\/informes\/pdfs\/criminalizacion2016.pdf\" target=\"_blank\" rel=\"noopener external noreferrer\" data-wpel-link=\"external\">la criminalizaci\u00f3n<\/a>\u00a0de defensores ambientales ocurre precisamente cuando \u201cel sistema penal de justicia es manipulado\u201d para impedir que estos realicen su labor de defensa de los territorios y del medio ambiente.<\/p>\n<p>Carlos Rivera, abogado del Instituto de Defensa Legal en Per\u00fa (IDL), a\u00f1ade que en estos casos hay dos elementos que deben estar presentes: que la persona denunciada tenga una relaci\u00f3n directa con el reclamo o protesta y que los hechos imputados a la persona sean por la defensa de los intereses de una comunidad. \u201cEsto ayuda en un porcentaje importante \u2014explica Rivera\u2014 a identificar un acto de represi\u00f3n por la condici\u00f3n de dirigente, por haber levantado su voz de protesta o haber expuesto p\u00fablicamente los intereses de alg\u00fan grupo econ\u00f3mico contrarios a su comunidad\u201d.<\/p>\n<figure id=\"attachment_224818\" class=\"wp-caption alignnone\"><img fetchpriority=\"high\" decoding=\"async\" class=\"wp-image-224818\" src=\"https:\/\/imgs.mongabay.com\/wp-content\/uploads\/sites\/25\/2021\/05\/03144328\/WhatsApp-Image-2021-04-28-at-10.11.40-768x512.jpeg\" sizes=\"(max-width: 710px) 100vw, 710px\" srcset=\"https:\/\/imgs.mongabay.com\/wp-content\/uploads\/sites\/25\/2021\/05\/03144328\/WhatsApp-Image-2021-04-28-at-10.11.40-768x432.jpeg 768w, https:\/\/imgs.mongabay.com\/wp-content\/uploads\/sites\/25\/2021\/05\/03144328\/WhatsApp-Image-2021-04-28-at-10.11.40-1536x864.jpeg 1536w, https:\/\/imgs.mongabay.com\/wp-content\/uploads\/sites\/25\/2021\/05\/03144328\/WhatsApp-Image-2021-04-28-at-10.11.40-610x343.jpeg 610w, https:\/\/imgs.mongabay.com\/wp-content\/uploads\/sites\/25\/2021\/05\/03144328\/WhatsApp-Image-2021-04-28-at-10.11.40.jpeg 1599w\" alt=\"\" width=\"710\" height=\"399\" \/><figcaption class=\"wp-caption-text\">El defensor Dixon Torres durante una protesta del caso Arauca, Colombia. Foto: Dixon Torres<\/figcaption><\/figure>\n<p>Siguiendo los criterios de la CIDH y de IDL, Mongabay Latam revis\u00f3 los listados de casos detectados por m\u00e1s de una decena de organizaciones de derechos humanos en Colombia, Per\u00fa, Ecuador y M\u00e9xico. Luego de filtrar la informaci\u00f3n y de corroborarla identificamos que por lo menos\u00a0<strong>156 defensores ambientales tienen procesos judiciales activos<\/strong>\u00a0en estos cuatro pa\u00edses por ejercer su labor como activistas.<\/p>\n<p>La investigaci\u00f3n revel\u00f3 que\u00a0<strong>en Per\u00fa existen 77 casos activos, 36 en Colombia, 22 en M\u00e9xico y 21 en Ecuador.<\/strong>\u00a0Del total de defensores judicializados, 132 son hombres y 24 son mujeres, y 37 de ellos son pobladores ind\u00edgenas de la Amazon\u00eda de Per\u00fa y Ecuador.<\/p>\n<p>La situaci\u00f3n es tan agobiante y peligrosa en algunos casos, que 13 de los demandados han solicitado mantener en reserva sus nombres por miedo a las represalias y la estigmatizaci\u00f3n que viven por ser v\u00edctimas de esta criminalizaci\u00f3n.<\/p>\n<p>Tambi\u00e9n identificamos que los sectores m\u00e1s problem\u00e1ticos que derivan en conflictos ambientales con casos de criminalizaci\u00f3n asociados, son la miner\u00eda y la agroindustria, con<strong>\u00a058 y 34 personas respectivamente que tienen procesos penales activos.<\/strong>\u00a0Los delitos m\u00e1s frecuentes por los que se les acusa son obstrucci\u00f3n de v\u00edas p\u00fablicas, disturbios, da\u00f1o agravado o sabotaje.<\/p>\n<p>\u201cLa criminalizaci\u00f3n de los defensores del medio ambiente en Am\u00e9rica Latina ha sido un problema desde que he trabajado con defensores de derechos humanos\u201d, asegur\u00f3 Lawlor y agreg\u00f3 que \u201cdesde que comenc\u00e9 con el mandato, defensores y la sociedad civil me han se\u00f1alado repetidamente estos casos\u201d.<\/p>\n<p><iframe class=\"iframe-class\" src=\"https:\/\/unidadid.mx\/PruebasViz\/visualizacionAbusosJudiciales\/\" width=\"100%\" height=\"640&gt;&lt;\/iframe\" frameborder=\"0\" scrolling=\"yes\" data-mce-fragment=\"1\"><\/iframe><\/p>\n<p>&nbsp;<\/p>\n<p>&nbsp;<\/p>\n<h3>Miner\u00eda: el sector que m\u00e1s demanda a los defensores<\/h3>\n<p>En la casa de Virginia Pinares, en Cotabambas, sierra de Per\u00fa, se vive en constante tensi\u00f3n desde hace seis a\u00f1os. Ese es el tiempo que ha pasado tras la protesta que encabez\u00f3 junto a otros dirigentes contra la mina de cobre Las Bambas, una de las m\u00e1s grandes del mundo. Seis a\u00f1os en los que los pobladores de las comunidades aleda\u00f1as al proyecto han exigido se detenga el da\u00f1o ambiental al que aseguran est\u00e1n expuestos por el paso constante de camiones que cruzan sus tierras cargados de residuos y minerales. Tambi\u00e9n es el tiempo que lleva Pinares recorriendo un largo camino cada mes para firmar ante un juzgado un documento que certifique que sigue viviendo en el mismo domicilio, una de las reglas de conducta que demanda el juez mientras dure el proceso. Seis a\u00f1os en que no han cesado las denuncias que se abren en su contra y se cierran por falta de fundamentos.<\/p>\n<p><strong>\u201c\u00bfQu\u00e9 has ganado con todo esto?\u201d,<\/strong>\u00a0cuenta que le dice siempre su hija de 13 a\u00f1os. Pinares la escucha, pero resiste en la defensa del territorio, aunque ya no desde un puesto dirigencial.<\/p>\n<p><img decoding=\"async\" class=\"aligncenter wp-image-224827\" src=\"https:\/\/imgs.mongabay.com\/wp-content\/uploads\/sites\/25\/2021\/05\/03153627\/PINARES-1-768x512.jpg\" sizes=\"(max-width: 710px) 100vw, 710px\" srcset=\"https:\/\/imgs.mongabay.com\/wp-content\/uploads\/sites\/25\/2021\/05\/03153627\/PINARES-1-768x407.jpg 768w, https:\/\/imgs.mongabay.com\/wp-content\/uploads\/sites\/25\/2021\/05\/03153627\/PINARES-1-610x323.jpg 610w, https:\/\/imgs.mongabay.com\/wp-content\/uploads\/sites\/25\/2021\/05\/03153627\/PINARES-1.jpg 1000w\" alt=\"\" width=\"710\" height=\"376\" \/><\/p>\n<p><strong>\u201cEsto es lo que causan las judicializaciones\u201d,<\/strong>\u00a0dice David Velazco, abogado de la Fundaci\u00f3n Ecum\u00e9nica para el Desarrollo y la Paz (Fedepaz). Desde la judicializaci\u00f3n a m\u00e1s de 21 dirigentes por la protesta realizada en septiembre de 2015 contra Las Bambas, nadie quiere ser dirigente por miedo a represalias.<\/p>\n<p>MMG Las Bambas, subsidiaria de la china MMG Limited y la contraparte en este conflicto, no respondi\u00f3 hasta el cierre de este reportaje a las preguntas enviadas por Mongabay Latam.<\/p>\n<p>El escenario peruano es particular, no solo porque es el pa\u00eds donde se encuentra la mayor\u00eda de defensores judicializados, 77 personas, sino porque m\u00e1s de la mitad de ellos,\u00a0<strong>44 para ser precisos, enfrentan demandas relacionadas a conflictos con proyectos mineros.<\/strong><\/p>\n<p>El caso de Virginia Pinares es uno de los m\u00e1s emblem\u00e1ticos por la cantidad de procesados que tiene. De los 21 defensores con los que inici\u00f3 el caso, quedan 18 dirigentes con procesos activos que desde el 2015 tienen que enfrentar cargos de usurpaci\u00f3n agravada y asociaci\u00f3n il\u00edcita para delinquir.<\/p>\n<p>Pero tambi\u00e9n otros<strong>\u00a011 defensores est\u00e1n acusados de extorsi\u00f3n, disturbios y violencia contra la autoridad<\/strong>\u00a0tras protestar en 2012 en contra del proyecto Conga de la Minera Yanacocha S.A. Seg\u00fan dicen los defensores, sus fuentes de agua m\u00e1s importante desaparecieron como fue el caso de la laguna Yanacocha. Adem\u00e1s, otras cinco personas enfrentan cargos tras ser acusados de entorpecer el funcionamiento de servicios p\u00fablicos durante las manifestaciones de 2011 en contra de las actividades de la minera canadiense Bear Creek Mining Corporation. El temor de los comuneros era que el proyecto Santa Ana, el cual iba a ser desarrollado por esa compa\u00f1\u00eda, contaminara el agua con el que desarrollaban sus proyectos agr\u00edcolas.<\/p>\n<figure id=\"attachment_187630\" class=\"wp-caption alignnone\"><img decoding=\"async\" class=\"wp-image-187630\" src=\"https:\/\/imgs.mongabay.com\/wp-content\/uploads\/sites\/25\/2016\/11\/18151922\/portada_lasbambas_mineria_mongabay6.jpg\" sizes=\"(max-width: 710px) 100vw, 710px\" srcset=\"https:\/\/imgs.mongabay.com\/wp-content\/uploads\/sites\/25\/2016\/11\/18151922\/portada_lasbambas_mineria_mongabay6.jpg 1600w, https:\/\/imgs.mongabay.com\/wp-content\/uploads\/sites\/25\/2016\/11\/18151922\/portada_lasbambas_mineria_mongabay6-440x330.jpg 440w, https:\/\/imgs.mongabay.com\/wp-content\/uploads\/sites\/25\/2016\/11\/18151922\/portada_lasbambas_mineria_mongabay6-768x576.jpg 768w, https:\/\/imgs.mongabay.com\/wp-content\/uploads\/sites\/25\/2016\/11\/18151922\/portada_lasbambas_mineria_mongabay6-800x600.jpg 800w\" alt=\"\" width=\"710\" height=\"533\" \/><figcaption class=\"wp-caption-text\">Enfrentamiento entre las comunidades campesinas y la polic\u00eda por proyecto Las Bambas en Per\u00fa. Foto: Observatorio de Conflictos Mineros.<\/figcaption><\/figure>\n<p>A esta lista se suman 10 ind\u00edgenas awaj\u00fan que han sido demandados por mineros ilegales en el Cenepa, en la selva norte peruana. El \u00fanico nombre que se puede mencionar es el de\u00a0<a href=\"https:\/\/es.mongabay.com\/2021\/03\/augostina-mayan-defensora-indigenas-awajun-mineros-ilegales-cenepa-peru\/\" data-wpel-link=\"internal\">Agoustina May\u00e1n<\/a>, por su liderazgo p\u00fablico. El acoso constante de los mineros ilegales a los ind\u00edgenas awaj\u00fan los obliga a tener un perfil bajo al resto de dirigentes y mantenerse en el anonimato.<\/p>\n<p>En Ecuador, 14 personas, todos ind\u00edgenas shuar, enfrentan procesos penales por defender la tierra y el agua de las operaciones de dos empresas mineras: Ecuacorriente S.A (ECSA) y Explorcobres S.A, ambas pertenecientes al consorcio chino CRCC-Tongguan.<\/p>\n<p>La mitad de los conflictos mineros que han dejado a su paso defensores criminalizados han ocurrido en la Amazon\u00eda y todas esas v\u00edctimas, 31 en total, son ind\u00edgenas. Seg\u00fan, Lawlor \u201cen muchos pa\u00edses han sido los ind\u00edgenas, los afrodescendientes y los defensores de zonas remotas los que han sido atacados con mayor frecuencia\u201d.<\/p>\n<p>&nbsp;<\/p>\n<h3>Los pueblos ind\u00edgenas que defienden la Amazon\u00eda<\/h3>\n<p>En Nankints, una peque\u00f1a comunidad en la Amazon\u00eda sur del Ecuador, viv\u00edan 32 ind\u00edgenas shuar. Ahora, no queda nada, ni una sola casa, ni un solo vestigio de la vida que all\u00ed tuvieron las ocho familias que se vieron obligadas a refugiarse en poblaciones vecinas. El 11 de agosto de 2016, un piquete de polic\u00edas con una orden judicial desaloj\u00f3 a la comunidad con el argumento de que la tierra en la que hab\u00edan vivido toda su vida era de propiedad de la compa\u00f1\u00eda minera Explorcobres S.A. y, por lo tanto, la estaban invadiendo.<\/p>\n<figure id=\"attachment_209808\" class=\"wp-caption alignnone\"><img loading=\"lazy\" decoding=\"async\" class=\"wp-image-209808\" src=\"https:\/\/imgs.mongabay.com\/wp-content\/uploads\/sites\/25\/2019\/10\/27174636\/DSC_0332-768x512.jpg\" sizes=\"(max-width: 710px) 100vw, 710px\" srcset=\"https:\/\/imgs.mongabay.com\/wp-content\/uploads\/sites\/25\/2019\/10\/27174636\/DSC_0332-768x512.jpg 768w, https:\/\/imgs.mongabay.com\/wp-content\/uploads\/sites\/25\/2019\/10\/27174636\/DSC_0332-1200x800.jpg 1200w, https:\/\/imgs.mongabay.com\/wp-content\/uploads\/sites\/25\/2019\/10\/27174636\/DSC_0332-610x407.jpg 610w, https:\/\/imgs.mongabay.com\/wp-content\/uploads\/sites\/25\/2019\/10\/27174636\/DSC_0332.jpg 2000w\" alt=\"\" width=\"710\" height=\"473\" \/><figcaption class=\"wp-caption-text\">El campamento minero La Esperanza de la empresa con capitales chinos Explorcobres. Foto: Jos\u00e9 Mar\u00eda Le\u00f3n<\/figcaption><\/figure>\n<p>Cuatro a\u00f1os despu\u00e9s, ninguna de las 32 personas ha logrado regresar a lo que fue Nankints. Ni los reclamos ni protestas permitieron cambiar el rumbo que hab\u00eda tomado la peque\u00f1a comunidad shuar, hasta que un d\u00eda los l\u00edderes decidieron dar lo que llamaron \u201cun golpe\u201d al campamento minero que se hab\u00eda instalado en sus tierras.\u00a0<strong>Hoy, 12 ind\u00edgenas shuar, entre l\u00edderes y comuneros, enfrentan proceso judiciales<\/strong>\u00a0por delitos que van desde paralizaci\u00f3n de servicios p\u00fablicos e incitaci\u00f3n a la discordancia entre ciudadanos hasta asesinato.<\/p>\n<p>\u201cNankints es un caso paradigm\u00e1tico de criminalizaci\u00f3n de defensores ambientales porque se anularon las libertades civiles e individuales\u201d, comenta Lenin Sarzosa, abogado de la Confederaci\u00f3n de Nacionalidades Ind\u00edgenas de Ecuador (Conaie). Por esa protesta, cada dirigente contaba con cuatro a cinco expedientes judiciales. Adem\u00e1s, \u201csi exist\u00edan asambleas o actos de protesta, los dirigentes eran notificados de inmediato para acudir a la fiscal\u00eda. La judicializaci\u00f3n se convirti\u00f3 en una herramienta de chantaje constante a defensores\u201d, dice el abogado.<\/p>\n<p><img loading=\"lazy\" decoding=\"async\" class=\"aligncenter wp-image-224826\" src=\"https:\/\/imgs.mongabay.com\/wp-content\/uploads\/sites\/25\/2021\/05\/03153624\/LENIN-1-768x512.jpg\" sizes=\"(max-width: 710px) 100vw, 710px\" srcset=\"https:\/\/imgs.mongabay.com\/wp-content\/uploads\/sites\/25\/2021\/05\/03153624\/LENIN-1-768x407.jpg 768w, https:\/\/imgs.mongabay.com\/wp-content\/uploads\/sites\/25\/2021\/05\/03153624\/LENIN-1-610x323.jpg 610w, https:\/\/imgs.mongabay.com\/wp-content\/uploads\/sites\/25\/2021\/05\/03153624\/LENIN-1.jpg 1000w\" alt=\"\" width=\"710\" height=\"376\" \/><\/p>\n<p>Explorcobres S.A, por su parte, se\u00f1al\u00f3 que \u201cno hemos desalojado arbitrariamente a ninguna familia ni persona shuar, muy por lo contrario, la justicia ecuatoriana ha demostrado que los terrenos invadidos fueron adquiridos legalmente a propietarios mediante escrituras de compraventa\u201d.<\/p>\n<p>Adem\u00e1s, agreg\u00f3 que el campamento minero ha sido v\u00edctima desde el 2006 de \u201cm\u00faltiples ataques armados e incendios\u201d, siendo el \u00faltimo ataque armado en el a\u00f1o 2020. Por esos \u00faltimos hechos, la empresa asegur\u00f3 que inici\u00f3 nuevos procesos legales.<\/p>\n<p>Tanto en los casos de Ecuador como Per\u00fa, los delitos que se les imputa a los pobladores ind\u00edgenas amaz\u00f3nicos son a ra\u00edz de las manifestaciones que las comunidades realizaron en contra de las actividades de empresas privadas o de pol\u00edticas p\u00fablicas que han buscado facilitar el ingreso de proyectos extractivos en la Amazon\u00eda.<\/p>\n<figure id=\"attachment_186761\" class=\"wp-caption alignnone\"><img loading=\"lazy\" decoding=\"async\" class=\"wp-image-186761\" src=\"https:\/\/imgs.mongabay.com\/wp-content\/uploads\/sites\/25\/2016\/09\/03171652\/bagua_conflicto_pueblo-indigena_mongabay-1.jpg\" sizes=\"(max-width: 710px) 100vw, 710px\" srcset=\"https:\/\/imgs.mongabay.com\/wp-content\/uploads\/sites\/25\/2016\/09\/03171652\/bagua_conflicto_pueblo-indigena_mongabay-1.jpg 1600w, https:\/\/imgs.mongabay.com\/wp-content\/uploads\/sites\/25\/2016\/09\/03171652\/bagua_conflicto_pueblo-indigena_mongabay-1-471x330.jpg 471w, https:\/\/imgs.mongabay.com\/wp-content\/uploads\/sites\/25\/2016\/09\/03171652\/bagua_conflicto_pueblo-indigena_mongabay-1-768x539.jpg 768w, https:\/\/imgs.mongabay.com\/wp-content\/uploads\/sites\/25\/2016\/09\/03171652\/bagua_conflicto_pueblo-indigena_mongabay-1-856x600.jpg 856w\" alt=\"\" width=\"710\" height=\"498\" \/><figcaption class=\"wp-caption-text\">Enfrentamiento del Baguazo. Foto: IDL EPA\/STR<\/figcaption><\/figure>\n<p>Otro ejemplo que grafica lo mencionado es el Baguazo, uno de los mayores conflictos ambientales en el Per\u00fa. Este ocurri\u00f3 el 5 de junio 2009, cuando miles de ind\u00edgenas wampis y awaj\u00fan se reunieron en un sector llamado la Curva del Diablo y tomaron una estaci\u00f3n petrolera para protestar en contra de dos decretos legislativos promulgados por el gobierno del expresidente Alan Garc\u00eda y elaborados en el contexto de la firma del Tratado de Libre Comercio con EE.UU.\u00a0<strong>Ambos decretos apuntaban a reducir la capacidad de decisi\u00f3n de los ind\u00edgenas amaz\u00f3nicos<\/strong>\u00a0y campesinos sobre sus tierras frente a la instalaci\u00f3n de proyectos extractivos.<\/p>\n<p>Ese d\u00eda, 10 polic\u00edas y\u00a0<strong>23 civiles murieron durante el enfrentamiento<\/strong>\u00a0y 53 ind\u00edgenas fueron acusados por los delitos de homicidio calificado, desorden p\u00fablico y obstaculizaci\u00f3n a los servicios p\u00fablicos. Hoy, 11 a\u00f1os despu\u00e9s, seis ind\u00edgenas wamp\u00eds y awaj\u00fan mantienen procesos penales activos. Tres de ellos son denunciados por entorpecimiento al funcionamiento de los servicios p\u00fablicos y mot\u00edn por la toma de la estaci\u00f3n petrolera 6 del Oleoducto Norperuano, de la empresa estatal Petroper\u00fa.<\/p>\n<p>\u201cLas protestas sociales no deben tener una respuesta judicial, sino una respuesta pol\u00edtica. Si el Estado hubiese atendido las demandas leg\u00edtimas de los ind\u00edgenas, como lo que pas\u00f3 en el Baguazo, ese enfrentamiento se pudo evitar\u201d, dice Juan Jose Quispe, el abogado de IDL que lleva el caso.<\/p>\n<h3>Los conflictos con la agroindustria<\/h3>\n<p>Despu\u00e9s de la miner\u00eda, la agroindustria es la actividad que tiene m\u00e1s defensores ambientales demandados: 34 casos entre Per\u00fa y Colombia. La mayor\u00eda de estos conflictos involucran a empresas productoras de palma aceitera, uno de los monocultivos responsables de la deforestaci\u00f3n de grandes extensiones de bosque en Am\u00e9rica Latina.<\/p>\n<p><a href=\"https:\/\/es.mongabay.com\/2018\/03\/peru-santa-clara-de-uchunya\/\" data-wpel-link=\"internal\">La historia de la comunidad shipibo Santa Clara de Uchunya, en Per\u00fa, es uno de esos casos<\/a>. Sus dirigentes llevan m\u00e1s de 20 a\u00f1os pidiendo que el Estado les reconozca la ampliaci\u00f3n de su territorio hacia zonas consideradas ancestrales. Mientras tanto, se enfrentan desde el 2014, a invasores de tierras que no solo deforestan los espacios que la comunidad demanda, sino que consiguen constancias de posesi\u00f3n sobre los terrenos. Seg\u00fan se\u00f1alan los l\u00edderes shipibo y su defensa, sobre esas tierras luego se han expandido cultivos de palma.<\/p>\n<p>Algunos de los invasores que han ocupado los territorios que demanda la comunidad, han denunciado a seis ind\u00edgenas shipibo por hurto agravado, lesiones leves y da\u00f1os a la propiedad. \u201cA veces los dirigentes han recibido denuncias de los mismos invasores porque decomisaron una motosierra dentro de propiedad ind\u00edgena\u201d, dice \u00c1lvaro M\u00e1squez, abogado de IDL. \u201cEllos est\u00e1n ejerciendo justicia ind\u00edgena y est\u00e1n amparados por la constituci\u00f3n para hacerlo. Pero no est\u00e1n protegidos contra eso, sino que se les abre procesos para impedir su labor de defensa\u201d, asegura.<\/p>\n<p><img loading=\"lazy\" decoding=\"async\" class=\"alignnone wp-image-224822\" src=\"https:\/\/imgs.mongabay.com\/wp-content\/uploads\/sites\/25\/2021\/05\/03153614\/ALVARO-1-768x512.jpg\" sizes=\"(max-width: 710px) 100vw, 710px\" srcset=\"https:\/\/imgs.mongabay.com\/wp-content\/uploads\/sites\/25\/2021\/05\/03153614\/ALVARO-1-768x407.jpg 768w, https:\/\/imgs.mongabay.com\/wp-content\/uploads\/sites\/25\/2021\/05\/03153614\/ALVARO-1-610x323.jpg 610w, https:\/\/imgs.mongabay.com\/wp-content\/uploads\/sites\/25\/2021\/05\/03153614\/ALVARO-1.jpg 1000w\" alt=\"\" width=\"710\" height=\"376\" \/>El abogado agrega que la contraparte en el conflicto tambi\u00e9n es la empresa Ocho Sur P SAC. Este conflicto se origin\u00f3 por un reclamo tanto de la comunidad como de la empresa por las tierras del fundo Tibecocha, las que actualmente son utilizadas para el cultivo de palma. \u201cLa empresa Ocho Sur P SAC se\u00f1ala que tiene 222 contratos de compra venta como prueba de esta legitimidad sobre las tierras. Sin embargo, estas personas que vendieron esas tierras fueron denunciadas por la comunidad por tr\u00e1fico ilegal de tierras\u201d, dice.<\/p>\n<p>Mientras tanto, a\u00f1ade M\u00e1squez, la comunidad de Santa Clara de Uchunya reclama esas tierras a trav\u00e9s de derechos ancestrales que se le reconocen a los pueblos ind\u00edgenas. \u201cIDL y la comunidad creemos que el criterio lo marca el derecho y este establece que debe preferirse en estos casos el reconocimiento territorial de los pueblos ind\u00edgenas que han estado en esas tierras desde antes de la creaci\u00f3n de la Rep\u00fablica\u201d, se\u00f1ala.<\/p>\n<p>Ocho Sur P SAC, por su parte, asegura que el\u00a0<strong>100% de sus tierras fueron adquiridas en subasta p\u00fablica en una entidad fiduciaria<\/strong>\u00a0del sistema bancario nacional, \u201cla cual hizo un an\u00e1lisis exhaustivo respecto de la situaci\u00f3n legal de las tierras\u201d. Adem\u00e1s, asegura que la empresa no ha aumentado la frontera agr\u00edcola y que \u201ccon la tecnolog\u00eda satelital hoy disponible es completamente posible verificar la verdad de esta declaraci\u00f3n\u201d.<\/p>\n<figure id=\"attachment_220247\" class=\"wp-caption alignnone\"><img loading=\"lazy\" decoding=\"async\" class=\"wp-image-220247\" src=\"https:\/\/imgs.mongabay.com\/wp-content\/uploads\/sites\/25\/2020\/10\/20040834\/palma-peru-4-WhatsApp-Image-2020-09-17-at-2.01.32-AM-1-768x512.jpeg\" sizes=\"(max-width: 710px) 100vw, 710px\" srcset=\"https:\/\/imgs.mongabay.com\/wp-content\/uploads\/sites\/25\/2020\/10\/20040834\/palma-peru-4-WhatsApp-Image-2020-09-17-at-2.01.32-AM-1-768x432.jpeg 768w, https:\/\/imgs.mongabay.com\/wp-content\/uploads\/sites\/25\/2020\/10\/20040834\/palma-peru-4-WhatsApp-Image-2020-09-17-at-2.01.32-AM-1-610x343.jpeg 610w, https:\/\/imgs.mongabay.com\/wp-content\/uploads\/sites\/25\/2020\/10\/20040834\/palma-peru-4-WhatsApp-Image-2020-09-17-at-2.01.32-AM-1.jpeg 1500w\" alt=\"Santa Clara de Uchunya Per\u00fa Palma\" width=\"710\" height=\"399\" \/><figcaption class=\"wp-caption-text\">La fiscal\u00eda y la polic\u00eda realizaron una inspecci\u00f3n el 17 de septiembre del 2020 en el territorio de Santa Clara de Uchunya y encontraron evidencia de tala ilegal al interior de sus tierras. Foto: Iv\u00e1n Flores.<\/figcaption><\/figure>\n<p>\u201cRechazamos toda forma de actividad il\u00edcita, particularmente, cualquier acci\u00f3n que atente contra los derechos humanos de los pueblos ind\u00edgenas\u201d, se\u00f1al\u00f3 la empresa mediante un correo electr\u00f3nico. La empresa asegura que no ha invadido terrenos.<\/p>\n<p>Pero adem\u00e1s de la agroindustria, otros defensores est\u00e1n judicializados por defender el ambiente de la extracci\u00f3n de hidrocarburos, como es el caso de Arauca con el que iniciamos este reportaje, y de ciertos proyectos energ\u00e9ticos como el del\u00a0<strong>Proyecto Integral Morelos,<\/strong>\u00a0en M\u00e9xico. Otros sectores como el de construcci\u00f3n y hasta el textil tambi\u00e9n tienen conflictos ambientales donde los defensores est\u00e1n actualmente criminalizados.<\/p>\n<p>&nbsp;<\/p>\n<h3>La participaci\u00f3n del Estado<\/h3>\n<p>Seg\u00fan el an\u00e1lisis de los datos, en 118 de los 156 casos, las demandas contra los l\u00edderes se originaron por conflictos ambientales con empresas privadas. Sin embargo, en la mitad de esos casos, es el Estado el que los denuncia la mayor\u00eda de las veces por atentar, durante las protestas o manifestaciones, contra el orden p\u00fablico.<\/p>\n<p>Carlos Rivera de IDL se\u00f1ala que existe una relaci\u00f3n consolidada entre particulares, empresas, grupos econ\u00f3micos y el Estado. \u201cEsta surge del modelo econ\u00f3mico en el cual las compa\u00f1\u00edas cuentan con una fuerte relaci\u00f3n institucional en defensa de sus intereses\u201d, apunta el abogado.<\/p>\n<p>El caso de los defensores colombianos en Arauca es probablemente el que muestra de manera m\u00e1s evidente la participaci\u00f3n del Estado en los conflictos. La Fiscal\u00eda General de la Naci\u00f3n firm\u00f3, en 2001, un convenio de cooperaci\u00f3n con la Polic\u00eda Nacional y la petrolera Ecopetrol, para crear las llamadas Estructuras de Apoyo a Hidrocarburos que tienen el prop\u00f3sito de investigar delitos que atenten contra los proyectos de ese sector.<\/p>\n<figure id=\"attachment_224819\" class=\"wp-caption alignnone\"><img loading=\"lazy\" decoding=\"async\" class=\"wp-image-224819\" src=\"https:\/\/imgs.mongabay.com\/wp-content\/uploads\/sites\/25\/2021\/05\/03144332\/WhatsApp-Image-2021-04-28-at-10.12.46-768x512.jpeg\" sizes=\"(max-width: 710px) 100vw, 710px\" srcset=\"https:\/\/imgs.mongabay.com\/wp-content\/uploads\/sites\/25\/2021\/05\/03144332\/WhatsApp-Image-2021-04-28-at-10.12.46-768x512.jpeg 768w, https:\/\/imgs.mongabay.com\/wp-content\/uploads\/sites\/25\/2021\/05\/03144332\/WhatsApp-Image-2021-04-28-at-10.12.46-610x407.jpeg 610w, https:\/\/imgs.mongabay.com\/wp-content\/uploads\/sites\/25\/2021\/05\/03144332\/WhatsApp-Image-2021-04-28-at-10.12.46.jpeg 1080w\" alt=\"\" width=\"710\" height=\"473\" \/><figcaption class=\"wp-caption-text\">Marcha en caso Arauca. Foto: Trochando sin fronteras<\/figcaption><\/figure>\n<p>La raz\u00f3n de esta alianza surge, seg\u00fan explica Oscar Ram\u00edrez, abogado de CSPP, debido a que los grupos armados que existen en el pa\u00eds y que operan al margen de la ley, atentan peri\u00f3dicamente contra empresas del sector minero-energ\u00e9tico robando hidrocarburos, atentando contra la infraestructura e incluso extorsionando a los empresarios. Seg\u00fan la Fiscal\u00eda colombiana, esos convenios \u201chan permitido obtener resultados de gran relevancia contra los grupos armados organizados, las disidencias y distintas organizaciones delictivas vinculadas al apoderamiento de hidrocarburos, terrorismo, secuestro, homicidio y extorsi\u00f3n, entre otros delitos\u201d.<\/p>\n<p>El problema, explica Ram\u00edrez, es que con esa justificaci\u00f3n se termina judicializando a campesinos y defensores del medio ambiente.<\/p>\n<p>Durante 2017 y agosto 2019, estas\u00a0<strong>Estructuras de Apoyo colombianas han investigado y acusado a 22 personas defensoras de la tierra y el medio ambiente<\/strong>\u00a0por su participaci\u00f3n en jornadas de protestas contra las empresas petroleras, asegura el informe de CSPP y agrega que en 15 de esos casos, la Fiscal\u00eda promovi\u00f3 medidas restrictivas de la libertad. Cinco de ellos son del caso de Arauca y de esos, tres, enfrentan acusaciones por terrorismo.<\/p>\n<p>\u201cLa Fiscal\u00eda se\u00f1ala que estas manifestaciones benefician a la insurgencia de las guerrillas. Como Arauca es una de las zonas donde el conflicto armado interno es m\u00e1s \u00e1lgido, se suele imputar a los defensores ambientales que tienen el mismo fin\u201d, precisa Marcela Cruz, abogada de la Fundaci\u00f3n de Derechos Humanos Joel Sierra. \u201cEs una forma efectiva de deslegitimar los procesos sociales en Arauca\u201d, agrega.<\/p>\n<p>Al respecto, la Fiscal\u00eda asegur\u00f3 a este medio \u201ctodas las actuaciones de los fiscales tienen control judicial en las diferentes etapas procesales para velar por la protecci\u00f3n de los derechos humanos y el debido proceso de las personas investigadas\u201d. Adem\u00e1s, asegur\u00f3 que desconoce el origen de las afirmaciones de CSPP as\u00ed como tambi\u00e9n el informe de dicha organizaci\u00f3n.<\/p>\n<figure id=\"attachment_224820\" class=\"wp-caption alignnone\"><img loading=\"lazy\" decoding=\"async\" class=\"wp-image-224820\" src=\"https:\/\/imgs.mongabay.com\/wp-content\/uploads\/sites\/25\/2021\/05\/03144341\/WhatsApp-Image-2021-04-28-at-10.12.21-1-768x512.jpeg\" sizes=\"(max-width: 710px) 100vw, 710px\" srcset=\"https:\/\/imgs.mongabay.com\/wp-content\/uploads\/sites\/25\/2021\/05\/03144341\/WhatsApp-Image-2021-04-28-at-10.12.21-1-768x576.jpeg 768w, https:\/\/imgs.mongabay.com\/wp-content\/uploads\/sites\/25\/2021\/05\/03144341\/WhatsApp-Image-2021-04-28-at-10.12.21-1-610x458.jpeg 610w, https:\/\/imgs.mongabay.com\/wp-content\/uploads\/sites\/25\/2021\/05\/03144341\/WhatsApp-Image-2021-04-28-at-10.12.21-1.jpeg 912w\" alt=\"\" width=\"710\" height=\"533\" \/><figcaption class=\"wp-caption-text\">Marcha en caso Arauca. Foto: Trochando sin fronteras<\/figcaption><\/figure>\n<p>Al mismo tiempo que la relaci\u00f3n entre el sector p\u00fablico y privado se ha consolidado en el tiempo, seg\u00fan coinciden los abogados consultados para este reportaje, tambi\u00e9n \u201cse ha ido pervirtiendo, lesionando, la labor de protecci\u00f3n de los derechos humanos que deber\u00eda tener el Estado\u201d, dice Rivera.<\/p>\n<p>\u201cNosotros vemos que el Estado y la empresa instrumentalizan el derecho penal para perseguir a los defensores, para desmovilizarlos y que no protesten. Para hacer escarnio de ellos frente a los que siguen protestando\u201d, apunta Velazco, el abogado de Fedepaz.<\/p>\n<p>\u201cEl Estado peruano no tiene una pol\u00edtica de criminalizaci\u00f3n de las personas defensoras de derechos humanos\u201d, respondi\u00f3 el Ministerio de Justicia en un correo electr\u00f3nico y precis\u00f3 que \u201cen los casos en que estas son incriminadas de manera ileg\u00edtima, tienen la posibilidad de contar con un patrocinio por parte de los abogados de la defensa p\u00fablica\u201d. El Ministerio P\u00fablico, por su parte, asegur\u00f3 que \u201cen pocos casos las denuncias contra defensores se han judicializado\u201d, y que a trav\u00e9s de la Coordinaci\u00f3n de la Fiscal\u00eda Especializada en derechos humanos se han venido generando documentos dirigidos a los Fiscales \u201ccon la finalidad de hacer de su conocimiento los roles y las acciones que despliegan los defensores de derechos humanos\u201d.<\/p>\n<h3>Las consecuencias de la criminalizaci\u00f3n<\/h3>\n<p>Tras siete a\u00f1os de acoso en su vivienda por parte del Ej\u00e9rcito y la polic\u00eda, el l\u00edder campesino colombiano\u00a0<strong>Dixon Torres decidi\u00f3 dejar sus tierras<\/strong>\u00a0hace dos meses para mudarse con su familia al casco urbano de Arauca. \u201cPr\u00e1cticamente soy un desplazado de la criminalizaci\u00f3n\u201d, cuenta Torres. El dirigente narra que su casa estaba a pocos metros de una base militar y cada vez que pasaba por ella, lo requisaban y tomaban fotograf\u00edas. \u00c9l es uno de los siete l\u00edderes denunciados por las protestas en Arauca en julio de 2019 y a\u00fan no sabe si la Fiscal\u00eda solicitar\u00e1 su detenci\u00f3n.<\/p>\n<p><img loading=\"lazy\" decoding=\"async\" class=\"aligncenter wp-image-224825\" src=\"https:\/\/imgs.mongabay.com\/wp-content\/uploads\/sites\/25\/2021\/05\/03153622\/DIXON-1-768x512.jpg\" sizes=\"(max-width: 710px) 100vw, 710px\" srcset=\"https:\/\/imgs.mongabay.com\/wp-content\/uploads\/sites\/25\/2021\/05\/03153622\/DIXON-1-768x407.jpg 768w, https:\/\/imgs.mongabay.com\/wp-content\/uploads\/sites\/25\/2021\/05\/03153622\/DIXON-1-610x323.jpg 610w, https:\/\/imgs.mongabay.com\/wp-content\/uploads\/sites\/25\/2021\/05\/03153622\/DIXON-1.jpg 1000w\" alt=\"\" width=\"710\" height=\"376\" \/><\/p>\n<p>La criminalizaci\u00f3n no solo genera problemas familiares, provoca rupturas dentro de las organizaciones o\u00a0 reprime a la larga las protestas, hay que considerar tambi\u00e9n la carga econ\u00f3mica que implica afrontar un proceso judicial durante a\u00f1os.<\/p>\n<p>\u201cEn el tema econ\u00f3mico muchas veces es David contra Goliat\u201d, dice Laura Furones de Global Witness. \u201cSi t\u00fa est\u00e1s como persona defensora oponi\u00e9ndote a una minera y la empresa tiene un bufete de abogados detr\u00e1s, frente a tu posible apoyo legal, modesto, no hay quien lo sostenga\u201d, asegura.<\/p>\n<p><strong>El problema de costear un abogado particular es que \u201cse trata de gastos fuertes\u201d,<\/strong>\u00a0dice Pablo Abdo, abogado de Grufides, una organizaci\u00f3n que trabaja por la defensa de los derechos humanos y el medio ambiente en Per\u00fa. \u201cUn abogado para trabajar tu caso cuesta al menos 300 soles (83 USD) para una consulta y 3000 soles (828 USD) para una audiencia\u201d, precisa.<\/p>\n<p>Oscar Ram\u00edrez de la CSPP a\u00f1ade que aunque los defensores ambientales suelen encontrar un apoyo legal en las organizaciones de derechos humanos, esto no siempre ocurre. La gran cantidad de casos sobrepasa las capacidades de las organizaciones de la sociedad civil, comentan los abogados.<\/p>\n<figure id=\"attachment_209807\" class=\"wp-caption alignnone\"><img loading=\"lazy\" decoding=\"async\" class=\"wp-image-209807\" src=\"https:\/\/imgs.mongabay.com\/wp-content\/uploads\/sites\/25\/2019\/10\/27174620\/DSC_0132-768x512.jpg\" sizes=\"(max-width: 710px) 100vw, 710px\" srcset=\"https:\/\/imgs.mongabay.com\/wp-content\/uploads\/sites\/25\/2019\/10\/27174620\/DSC_0132-768x512.jpg 768w, https:\/\/imgs.mongabay.com\/wp-content\/uploads\/sites\/25\/2019\/10\/27174620\/DSC_0132-1200x800.jpg 1200w, https:\/\/imgs.mongabay.com\/wp-content\/uploads\/sites\/25\/2019\/10\/27174620\/DSC_0132-610x407.jpg 610w, https:\/\/imgs.mongabay.com\/wp-content\/uploads\/sites\/25\/2019\/10\/27174620\/DSC_0132.jpg 2000w\" alt=\"\" width=\"710\" height=\"473\" \/><figcaption class=\"wp-caption-text\">Pepe Acacho, defensor ambiental ecuatoriano, pas\u00f3 los \u00faltimos nuevo a\u00f1os de su vida intentando demostrar que era inocente de los delitos de los que lo acusaban. Foto: Jos\u00e9 Mar\u00eda Le\u00f3n.<\/figcaption><\/figure>\n<p>Esta ausencia de defensa desde el inicio del caso puede llevar a algunos defensores a prisi\u00f3n antes de ser sentenciados. Mongabay Latam pudo verificar que\u00a0<strong>doce defensores en Colombia, Per\u00fa y M\u00e9xico est\u00e1n actualmente privados de su libertad<\/strong>\u00a0mientras su proceso sigue abierto.<\/p>\n<p>Abdo se\u00f1ala que esta serie de consecuencias provocan que los defensores queden socialmente estigmatizados. \u201cNo se trata de un proceso donde se hace una investigaci\u00f3n de 20 d\u00edas o dos meses y la cuesti\u00f3n queda en el olvido\u201d, dice. \u201cLos dirigentes en Las Bambas ya tienen seis a\u00f1os yendo a firmar todos los meses, no pueden trasladarse ni mudarse sin avisar al juzgado\u201d, comenta el abogado David Velazco.<\/p>\n<p>En el caso Nankints, en Ecuador, cuenta Sarzosa, hay algunos demandados\u00a0 que prefieren aislarse totalmente para no seguir recibiendo represalias. \u201cEso deja a las organizaciones desarticuladas y devastadas, sin ninguna posibilidad de continuar con sus procesos de resistencia y vida misma\u201d, agrega.<\/p>\n<p><strong>\u201cEsta es una herramienta para acallarnos\u201d, dice\u00a0 Dixon Torres.<\/strong><\/p>\n<p>En la mayor\u00eda de los casos, explican los expertos, no es necesario esperar por el desenlace de los juicios para lograr el objetivo de amedrentar a los defensores. \u201cSabemos que estamos trabajando con pa\u00edses que tienen altas tasas de impunidad, entonces nadie espera que ese juicio llegue a alg\u00fan punto\u201d, dice Francisca Stuardo de Global Witness. El verdadero disuasivo, seg\u00fan Stuardo, est\u00e1n en lo que ocurre en el camino, en las consecuencias y problemas que se desencadenan cuando empiezan a llegar las demandas.<\/p>\n<p>\u201cSe quiere ablandar, llevar al extremo a la persona, al l\u00edder, para que desista de lo que hace, doblegarlo, someterlo, un sometimiento lento, pero eficiente\u201d, cuenta Wbeimar Cetina. El sabe de eso porque hoy, estando en libertad, ni siquiera puede volver a su casa. \u201cMi hogar se acab\u00f3\u201d, dice. Aun as\u00ed, Cetina no renuncia y asegura firme en su voz de dirigente: \u201cnosotros mantenemos nuestro ideal de defensa del territorio y de la vida\u201d.<\/p>\n<p>Mongabay Latam busc\u00f3 entrevistas a representantes del Ministerio P\u00fablico de Ecuador as\u00ed como de las empresas Occidental de Colombia, Ecuacorriente S.A, Minera Yanacocha S.A., Bear Creek Mining Corporation y MMG Las Bambas, sin embargo, hasta la publicaci\u00f3n de este reportaje no enviaron respuestas a nuestras preguntas.<\/p>\n<p><em><strong>*Gabriela Quevedo Casta\u00f1eda\u00a0<\/strong>colabor\u00f3 en la sistematizaci\u00f3n y an\u00e1lisis de los datos.<\/em><\/p>\n<p><em><strong>*Imagen principal:<\/strong>\u00a0Ilustraci\u00f3n Kipu Visual\u00a0<\/em><\/p>\n<p><em><strong>*<\/strong><\/em><em><strong>Visualizaci\u00f3n:<\/strong>\u00a0Roc\u00edo Arias y Daniel G\u00f3mez.<\/em><\/p>\n<p>Tomado de: <a href=\"https:\/\/es.mongabay.com\/2021\/05\/mordaza-legal-al-menos-156-defensores-ambientales-demandados-por-proteger-su-territorio\/\">https:\/\/es.mongabay.com\/2021\/05\/mordaza-legal-al-menos-156-defensores-ambientales-demandados-por-proteger-su-territorio\/<\/a><\/p>\n","protected":false},"excerpt":{"rendered":"<p>Los defensores son denunciados y hasta apresados como parte de su protesta contra proyectos mineros, agroindustriales y energ\u00e9ticos.<br \/>\nEn la mayor\u00eda de los casos es el Estado el que los ha denunciado por obstrucci\u00f3n de v\u00edas p\u00fablicas o disturbios, pero tambi\u00e9n por extorsi\u00f3n y terrorismo.<br \/>\nLos expertos se\u00f1alan que la criminalizaci\u00f3n cumple un objetivo: desmovilizar a los defensores mediante el miedo, el agotamiento, la estigmatizaci\u00f3n e incluso la ruina social y financiera.\u00a0<\/p>\n","protected":false},"author":327,"featured_media":0,"comment_status":"open","ping_status":"open","sticky":false,"template":"","format":"standard","meta":{"_acf_changed":false,"footnotes":""},"categories":[3],"tags":[],"class_list":["post-23903","post","type-post","status-publish","format-standard","hentry","category-radar","category-3","description-off"],"acf":[],"_links":{"self":[{"href":"https:\/\/www.raisg.org\/en\/wp-json\/wp\/v2\/posts\/23903","targetHints":{"allow":["GET"]}}],"collection":[{"href":"https:\/\/www.raisg.org\/en\/wp-json\/wp\/v2\/posts"}],"about":[{"href":"https:\/\/www.raisg.org\/en\/wp-json\/wp\/v2\/types\/post"}],"author":[{"embeddable":true,"href":"https:\/\/www.raisg.org\/en\/wp-json\/wp\/v2\/users\/327"}],"replies":[{"embeddable":true,"href":"https:\/\/www.raisg.org\/en\/wp-json\/wp\/v2\/comments?post=23903"}],"version-history":[{"count":0,"href":"https:\/\/www.raisg.org\/en\/wp-json\/wp\/v2\/posts\/23903\/revisions"}],"wp:attachment":[{"href":"https:\/\/www.raisg.org\/en\/wp-json\/wp\/v2\/media?parent=23903"}],"wp:term":[{"taxonomy":"category","embeddable":true,"href":"https:\/\/www.raisg.org\/en\/wp-json\/wp\/v2\/categories?post=23903"},{"taxonomy":"post_tag","embeddable":true,"href":"https:\/\/www.raisg.org\/en\/wp-json\/wp\/v2\/tags?post=23903"}],"curies":[{"name":"wp","href":"https:\/\/api.w.org\/{rel}","templated":true}]}}