{"id":27484,"date":"2021-10-20T12:14:49","date_gmt":"2021-10-20T15:14:49","guid":{"rendered":"https:\/\/www.amazoniasocioambiental.org\/radar\/indigenas-exigen-justicia-por-derrame-de-petroleo-en-2020\/"},"modified":"2021-10-20T12:14:49","modified_gmt":"2021-10-20T15:14:49","slug":"indigenas-exigen-justicia-por-derrame-de-petroleo-en-2020","status":"publish","type":"post","link":"https:\/\/www.raisg.org\/en\/radar\/indigenas-exigen-justicia-por-derrame-de-petroleo-en-2020\/","title":{"rendered":"Ind\u00edgenas exigen justicia por derrame de petr\u00f3leo en 2020"},"content":{"rendered":"<h3><span class=\"cutline-text\">Uno de los carteles que se mostraron durante la protesta.<\/span>(\u00a0<span class=\"byline-image\">Foto: EFE\/Jos\u00e9 J\u00e1come<\/span><\/h3>\n<h3>El plant\u00f3n se hizo en Quito para exigir a la Corte Constitucional que fije fecha para la audiencia de un proceso de reparaci\u00f3n.<\/h3>\n<p>ECUAVISA<br \/>\n20 de octubre, 2021<\/p>\n<p>&nbsp;<\/p>\n<p>Ind\u00edgenas de la\u00a0<b>amazon\u00eda ecuatoriana<\/b>\u00a0y organizaciones de\u00a0<b>derechos humanos<\/b>\u00a0realizaron hoy un\u00a0<b>plant\u00f3n en Quito<\/b>\u00a0para exigir a la\u00a0<b>Corte Constitucional\u00a0<\/b>que fije fecha para la audiencia de un proceso de reparaci\u00f3n de unas\u00a0<b>27.000 personas afectadas<\/b>\u00a0por un\u00a0<b>derrame de petr\u00f3leo en 2020.<\/b><\/p>\n<p>Seg\u00fan el equipo legal que promueve la causa, la\u00a0<b>Corte<\/b>\u00a0les inform\u00f3 que la\u00a0<b>Acci\u00f3n Extraordinaria de Protecci\u00f3n<\/b>\u00a0fue &#8220;<b>seleccionada como causa de tratamiento prioritario<\/b>&#8220;.<\/p>\n<p>Sin embargo, hasta el momento denuncian no haber sido escuchados y de hecho, hoy tampoco fueron recibidos por las<b>\u00a0autoridades judiciales<\/b>.<\/p>\n<p><b>Sylvia Bonilla<\/b>, miembro del equipo jur\u00eddico, se quej\u00f3 en una rueda de prensa ante la<b>\u00a0Corte<\/b>\u00a0que en la\u00a0<b>Amazon\u00eda<\/b>\u00a0ocurren &#8220;dos derrames de petr\u00f3leo cada dos semanas&#8221; y es la\u00a0<b>Corte<\/b>\u00a0la encargada de &#8220;establecer est\u00e1ndares claros para que se repare a las comunidades, para que esto no vuelva a ocurrir&#8221;.<\/p>\n<p>Al grito de &#8220;\u00a1<b>Queremos agua, no petr\u00f3leo<\/b>!&#8221;, los participantes en la concentraci\u00f3n, varias decenas entre ambientalistas, defensores de derechos humanos e ind\u00edgenas, responsabilizaron a las autoridades por el derrame que afect\u00f3 a las riberas de los\u00a0<b>r\u00edos Coca, Napo y Quijos<\/b>\u00a0a lo largo de unos 360 kil\u00f3metros.<\/p>\n<p>Adem\u00e1s de\u00a0<b>218 hect\u00e1reas en 108 comunidades de las provincias de Sucumb\u00edos y Orellana<\/b>, seg\u00fan la informaci\u00f3n de<b>\u00a0OCP<\/b>,\u00a0<b>Petroecuador\u00a0<\/b>y el\u00a0<b>Ministerio de Energ\u00eda\u00a0<\/b>y\u00a0<b>Recursos no Renovables<\/b>.<\/p>\n<p>A la concentraci\u00f3n acudi\u00f3 el presidente de la\u00a0<b>Confederaci\u00f3n de Nacionalidades Ind\u00edgenas (Conaie)<\/b>,\u00a0<b>Leonidas Iza<\/b>, quien respald\u00f3 la causa de los pueblos amaz\u00f3nicos y denunci\u00f3 que &#8220;c\u00f3mo es posible que nos quiten la posibilidad de vivir, de trabajar y de alimentarnos&#8221;, y que &#8220;cuando salimos a protestar nos llamen violentos&#8221;.<\/p>\n<p>Los\u00a0<b>participantes exigieron tambi\u00e9n a la Corte que convoque la audiencia en territorio<\/b>\u00a0para que los habitantes afectados puedan testimoniar sobre lo ocurrido.<\/p>\n<div class=\"notasrelacionadas c_002_001\">\n<div class=\"teaser-viewer-title\">El derrame ocurri\u00f3 en <b>abril de 2020\u00a0<\/b>cuando debido a un desplazamiento de tierras, se rompieron las tuber\u00edas de dos oleoductos que trasladan el petr\u00f3leo en crudo desde los\u00a0<b>yacimientos en la Amazon\u00eda\u00a0<\/b>hasta los puertos en la costa.<\/div>\n<\/div>\n<p>La rotura provoc\u00f3 un\u00a0<b>vertido del remanente de crudo entre el lugar del accidente y las \u00faltimas v\u00e1lvulas<\/b>,\u00a0<b>unos 15.000 barriles seg\u00fan distintas estimaciones<\/b>, que afectaron a decenas de comunidades y comunas.<\/p>\n<p>La<b>\u00a0dirigente de la comunidad de Itaya, Carolina Tanguila<\/b>, insisti\u00f3 hoy en la<b>\u00a0vulneraci\u00f3n de derechos<\/b>\u00a0que ha implicado la contaminaci\u00f3n del agua y la p\u00e9rdida de cultivos y peces por la contaminaci\u00f3n.<\/p>\n<p>&#8220;<b>Estamos viviendo dos pandemias: el coronavirus y el derrame de petr\u00f3leo<\/b>&#8220;, asegur\u00f3 en\u00a0<b>declaraciones en kichwa<\/b>\u00a0que fueron traducidas en la rueda de prensa.<\/p>\n<p>Los\u00a0<b>dirigentes ind\u00edgenas<\/b>\u00a0insistieron en que, pese a los que sostienen las compa\u00f1\u00edas involucradas, no han existido medidas de &#8220;contenci\u00f3n y reparaci\u00f3n&#8221; y que las acciones emprendidas han sido de car\u00e1cter &#8220;paliativo&#8221;.<\/p>\n<p>En abril, al cumplirse un a\u00f1o del suceso,<b>\u00a0OCP<\/b>\u00a0y\u00a0<b>Petroecuador<\/b>\u00a0aseguraron que entregaron a los habitantes locales\u00a0<b>1,7 millones de litros de agua y 26.000 kits de alimentos<\/b>, y que brigadas de salud les atendieron durante unos cuatro meses.<\/p>\n<p>&nbsp;<\/p>\n<p>Tomado de: <a href=\"https:\/\/www.ecuavisa.com\/noticias\/ecuador\/indigenas-exigen-justicia-por-derrame-de-petroleo-en-2020-AD959561\">https:\/\/www.ecuavisa.com\/noticias\/ecuador\/indigenas-exigen-justicia-por-derrame-de-petroleo-en-2020-AD959561<\/a><\/p>\n","protected":false},"excerpt":{"rendered":"<p>Ind\u00edgenas de la amazon\u00eda ecuatoriana y organizaciones de derechos humanos realizaron hoy un plant\u00f3n en Quito para exigir a la Corte Constitucional que fije fecha para la audiencia de un proceso de reparaci\u00f3n de unas 27.000 personas afectadas por un derrame de petr\u00f3leo en 2020.<\/p>\n<p>Seg\u00fan el equipo legal que promueve la causa, la Corte les inform\u00f3 que la Acci\u00f3n Extraordinaria de Protecci\u00f3n fue &#8220;seleccionada como causa de tratamiento prioritario&#8221;.<\/p>\n<p>Sin embargo, hasta el momento denuncian no haber sido escuchados y de hecho, hoy tampoco fueron recibidos por las autoridades judiciales.<\/p>\n","protected":false},"author":327,"featured_media":27480,"comment_status":"open","ping_status":"open","sticky":false,"template":"","format":"standard","meta":{"_acf_changed":false,"footnotes":""},"categories":[3],"tags":[],"class_list":["post-27484","post","type-post","status-publish","format-standard","has-post-thumbnail","hentry","category-radar","category-3","description-off"],"acf":[],"_links":{"self":[{"href":"https:\/\/www.raisg.org\/en\/wp-json\/wp\/v2\/posts\/27484","targetHints":{"allow":["GET"]}}],"collection":[{"href":"https:\/\/www.raisg.org\/en\/wp-json\/wp\/v2\/posts"}],"about":[{"href":"https:\/\/www.raisg.org\/en\/wp-json\/wp\/v2\/types\/post"}],"author":[{"embeddable":true,"href":"https:\/\/www.raisg.org\/en\/wp-json\/wp\/v2\/users\/327"}],"replies":[{"embeddable":true,"href":"https:\/\/www.raisg.org\/en\/wp-json\/wp\/v2\/comments?post=27484"}],"version-history":[{"count":0,"href":"https:\/\/www.raisg.org\/en\/wp-json\/wp\/v2\/posts\/27484\/revisions"}],"wp:featuredmedia":[{"embeddable":true,"href":"https:\/\/www.raisg.org\/en\/wp-json\/wp\/v2\/media\/27480"}],"wp:attachment":[{"href":"https:\/\/www.raisg.org\/en\/wp-json\/wp\/v2\/media?parent=27484"}],"wp:term":[{"taxonomy":"category","embeddable":true,"href":"https:\/\/www.raisg.org\/en\/wp-json\/wp\/v2\/categories?post=27484"},{"taxonomy":"post_tag","embeddable":true,"href":"https:\/\/www.raisg.org\/en\/wp-json\/wp\/v2\/tags?post=27484"}],"curies":[{"name":"wp","href":"https:\/\/api.w.org\/{rel}","templated":true}]}}