{"id":28308,"date":"2021-11-11T14:58:42","date_gmt":"2021-11-11T17:58:42","guid":{"rendered":"https:\/\/www.amazoniasocioambiental.org\/radar\/cop26-brasil-precisa-reduzir-ilegalidade-para-ampliar-investimentos-sustentaveis-na-amazonia\/"},"modified":"2021-11-12T14:59:29","modified_gmt":"2021-11-12T17:59:29","slug":"cop26-brasil-precisa-reduzir-ilegalidade-para-ampliar-investimentos-sustentaveis-na-amazonia","status":"publish","type":"post","link":"https:\/\/www.raisg.org\/en\/radar\/cop26-brasil-precisa-reduzir-ilegalidade-para-ampliar-investimentos-sustentaveis-na-amazonia\/","title":{"rendered":"COP26: Brasil precisa reduzir ilegalidade para ampliar investimentos sustent\u00e1veis na Amaz\u00f4nia"},"content":{"rendered":"<p style=\"text-align: right;\"><strong>InfoAmaz\u00f4nia <\/strong><span class=\"byline\"><span class=\"author vcard\"><br \/>\n<strong><a class=\"url fn n\" href=\"https:\/\/infoamazonia.org\/author\/aldem-bourscheit\/\">Aldem Bourscheit<\/a><\/strong><br \/>\n<strong>11 de novembro de 2021 <\/strong><br \/>\n<strong>Amaz\u00f4nia brasileira<\/strong><\/span><\/span><\/p>\n<p>&nbsp;<\/p>\n<h3 style=\"text-align: center;\"><em>Rede de entidades privadas e civis elenca sugest\u00f5es para que pa\u00eds alie desenvolvimento socioecon\u00f4mico e conserva\u00e7\u00e3o na floresta tropical<\/em><\/h3>\n<p>&nbsp;<\/p>\n<p>Empres\u00e1rios, investidores e ambientalistas refor\u00e7aram na Confer\u00eancia das Na\u00e7\u00f5es Unidas sobre Mudan\u00e7a Clim\u00e1tica (COP26) que a Amaz\u00f4nia s\u00f3 atrair\u00e1 mais e melhores investimentos quando cessar a extra\u00e7\u00e3o ilegal de recursos naturais. Entidades privadas listaram sugest\u00f5es para aliar desenvolvimento socioecon\u00f4mico e conserva\u00e7\u00e3o na floresta. Uma delas \u00e9 ampliar os crit\u00e9rios socioambientais para que produtos estejam livres de desmatamento e destrui\u00e7\u00e3o de florestas, o que come\u00e7a a ganhar escala no com\u00e9rcio internacional<\/p>\n<p>\u201cMais de 90% do desmatamento na Amaz\u00f4nia brasileira \u00e9 ilegal e quase metade desse total \u00e9 criminoso, dentro de terras ind\u00edgenas e unidades de conserva\u00e7\u00e3o. Na regi\u00e3o tamb\u00e9m h\u00e1 cerca de 14 milh\u00f5es de hectares de <span class=\"tooltip-block\">Cadastros Ambientais Rurais<\/span><\/p>\n<div class=\"tooltip-block--content\">Registro eletr\u00f4nico obrigat\u00f3rio, feito por autodeclara\u00e7\u00e3o e voltado \u00e0 regulariza\u00e7\u00e3o ambiental de im\u00f3veis rurais de todo o pa\u00eds.<\/div>\n<p><a href=\"https:\/\/plenamata.eco\/verbete\/cadastro-ambiental-rural-car\/\" target=\"_blank\" rel=\"noreferrer noopener\">(+)<\/a> em \u00e1reas protegidas. Esse n\u00e3o \u00e9 um ambiente seguro para atrair investimentos sustent\u00e1veis\u201d, ressaltou Andr\u00e9 Guimar\u00e3es, diretor-executivo do Instituto de Pesquisa Ambiental da Amaz\u00f4nia (Ipam), na palestra \u201c<a href=\"https:\/\/www.brazilclimatehub.org\/events\/investindo-na-conservacao-da-amazonia-inovacoes-de-mercado-para-escalar-impacto\/\" target=\"_blank\" rel=\"noreferrer noopener\">Investindo na Conserva\u00e7\u00e3o da Amaz\u00f4nia: Inova\u00e7\u00f5es de Mercado para Escalar Impacto<\/a>\u201d, realizada no Brazil Climate Hub.<\/p>\n<blockquote><p><strong>Mais de 90% do desmatamento na Amaz\u00f4nia brasileira \u00e9 ilegal e quase metade desse total \u00e9 criminoso, dentro de terras ind\u00edgenas e unidades de conserva\u00e7\u00e3o. Na regi\u00e3o tamb\u00e9m h\u00e1 cerca de 14 milh\u00f5es de hectares de Cadastros Ambientais Rurais em \u00e1reas protegidas. Esse n\u00e3o \u00e9 um ambiente seguro para atrair investimentos sustent\u00e1veis.<\/strong><\/p>\n<p><strong><cite>Andr\u00e9 Guimar\u00e3es, diretor-executivo do Ipam<\/cite><\/strong><\/p><\/blockquote>\n<p>Preservar a floresta e outros biomas reduzir\u00e1 os riscos de aplica\u00e7\u00f5es financeiras diante das altera\u00e7\u00f5es globais do clima e outros fatores socioambientais, disse Jenny Xia, analista de riscos clim\u00e1ticos da Wellington Management, companhia de Boston (Estados Unidos) que gerencia US$ 1,4 trilh\u00e3o em investimentos (R$ 7,7 trilh\u00f5es). \u201cEmpresas incorporam cada vez mais an\u00e1lises de riscos clim\u00e1ticos e a rastreabilidade das cadeias de suprimentos no momento de investir. \u00c1reas sob maior risco clim\u00e1tico tendem a receber menos recursos. E o desmatamento amplia secas e queimadas e prejudica ainda mais as comunidades que dependem da floresta\u201d, destacou.<\/p>\n<p>Essa consci\u00eancia pode come\u00e7ar no mercado consumidor. Dario Guarita Neto, representante da fornecedora de madeiras certificadas Amata e da investidora Ecoa Capital, ressalta que consumidores \u2013 sejam eles pessoas f\u00edsicas, governos e empresas \u2013 ser\u00e3o maiores aliados na preserva\u00e7\u00e3o da Amaz\u00f4nia quando exigirem <a href=\"https:\/\/sejalegalcomaamazonia.org.br\/\">produtos com origem legalizada<\/a>. \u201cIsso traz grandes oportunidades para que mercados conectados \u00e0 preserva\u00e7\u00e3o da floresta ganhem escala. Isso tamb\u00e9m pode levar o padr\u00e3o de consumo da sociedade brasileira a patamares sustent\u00e1veis. Nossos investidores querem atuar onde a lei \u00e9 aplicada\u201d, destacou o empres\u00e1rio.<\/p>\n<p>Ilona Szab\u00f3, diretora-executiva do Instituto Igarap\u00e9, concorda e acrescenta que as empresas deveriam ser responsabilizadas por comprar produtos manchados pelo desmatamento. \u201cCerca de 17% da carne e 20% da soja exportadas do Brasil <a href=\"https:\/\/www1.folha.uol.com.br\/ambiente\/2020\/07\/desmatamento-pode-contaminar-20-da-soja-e-17-da-carne-exportadas-a-europa.shtml\">est\u00e3o contaminadas por desmatamento ilegal<\/a>. Parte da cadeia de commodities se alimenta de crimes socioambientais. Esse \u00e9 um custo da explora\u00e7\u00e3o de recursos naturais na Amaz\u00f4nia e em outras regi\u00f5es. Investidores nesses setores deveriam ser responsabilizados pelos impactos do que financiam\u201d, defendeu.<\/p>\n<blockquote><p><strong>O documento abra\u00e7a a complexidade da regi\u00e3o. Manteremos o fervor da conversa para que a sociedade participe deste debate sobre a Amaz\u00f4nia<\/strong><\/p>\n<p><strong><cite>Roberto Waack, presidente do Conselho do Instituto Arapya\u00fa<\/cite><\/strong><\/p><\/blockquote>\n<p>Atentos aos riscos para neg\u00f3cios provocados pela crise do clima, pelos impactos da produ\u00e7\u00e3o de commodities e da explora\u00e7\u00e3o de recursos naturais na Amaz\u00f4nia, empresas globais j\u00e1 endureceram crit\u00e9rios ambientais e sociais para manter o com\u00e9rcio com o Brasil. As companhias que compram 60% da soja que chega ao Reino Unido declararam que, at\u00e9 2025, <a href=\"https:\/\/uksoymanifesto.uk\/\" target=\"_blank\" rel=\"noreferrer noopener\">deixar\u00e3o de adquirir o gr\u00e3o produzido em \u00e1reas desmatadas<\/a> ou convertidas de pastagens para lavouras ap\u00f3s janeiro de 2020. Em outubro, repetidas falhas brasileiras na prote\u00e7\u00e3o da biodiversidade e da Amaz\u00f4nia <a href=\"https:\/\/noticias.uol.com.br\/colunas\/jamil-chade\/2021\/10\/20\/por-amazonia-deputados-europeus-bloqueiam-acordo-com-brasil.htm\" target=\"_blank\" rel=\"noreferrer noopener\">emperraram um acordo<\/a> comercial negociado h\u00e1 duas d\u00e9cadas entre Mercosul e Uni\u00e3o Europeia.<\/p>\n<p>Corpora\u00e7\u00f5es ligadas ao Conselho Empresarial Brasileiro para o Desenvolvimento Sustent\u00e1vel (CEBDS) tamb\u00e9m defendem a\u00e7\u00f5es mais efetivas dos governos para que o pa\u00eds tenha um ambiente de neg\u00f3cios alinhado ao enfrentamento da crise clim\u00e1tica, da preserva\u00e7\u00e3o de ambientes naturais como a Amaz\u00f4nia e da prote\u00e7\u00e3o de popula\u00e7\u00f5es ancestrais, tradicionais e rurais. \u201cN\u00f3s n\u00e3o s\u00f3 sabemos combater as mudan\u00e7as clim\u00e1ticas como j\u00e1 temos as solu\u00e7\u00f5es. O setor empresarial brasileiro tem adotado a\u00e7\u00f5es corporativas concretas, como o pre\u00e7o interno de carbono e as metas de neutraliza\u00e7\u00e3o, assim como est\u00e1 liderando iniciativas de pol\u00edticas clim\u00e1ticas p\u00fablicas com instrumentos de mercado e inclus\u00e3o social\u201d, <a href=\"https:\/\/cebds.org\/nossos-clippings\/mais-de-100-empresas-brasileiras-assinam-compromisso-com-o-combate-as-mudancas-climaticas\/?gclid=Cj0KCQiA-K2MBhC-ARIsAMtLKRsWYhKaEqCYT74qfZrpaV9JyC21KEWM6y2cP78F2C7wTGfdvt90JeMaAszeEALw_wcB#.YYvTHPnMIdU\" target=\"_blank\" rel=\"noreferrer noopener\">destacou em carta a presidente do CEBDs, Marina Grossi<\/a>.<\/p>\n<p>Mais de 400 entidades privadas e ambientalistas, cientistas e bancos levaram \u00e0 COP26 sugest\u00f5es para que a Amaz\u00f4nia tenha um desenvolvimento ancorado em economias que mantenham a floresta viva. O documento \u201c<a href=\"https:\/\/concertacaoamazonia.com.br\/\" target=\"_blank\" rel=\"noreferrer noopener\">Uma Agenda pelo Desenvolvimento da Amaz\u00f4nia<\/a>\u201d amarra quest\u00f5es clim\u00e1ticas e de desenvolvimento, conserva\u00e7\u00e3o, direitos de ind\u00edgenas e quilombolas.<\/p>\n<p>As a\u00e7\u00f5es s\u00e3o focadas em 4 \u00e1reas, que eles chamam de \u201cQuatro Amaz\u00f4nias\u201d: \u00e1reas conservadas, em transi\u00e7\u00e3o,\u00a0 j\u00e1 convertidas (em pastagens ou lavouras) e urbanas. \u201cO documento abra\u00e7a a complexidade da regi\u00e3o. Manteremos o fervor da conversa para que a sociedade participe deste debate sobre a Amaz\u00f4nia\u201d, ressaltou Roberto Waack, presidente do Conselho do Instituto Arapya\u00fa.<\/p>\n<div class=\"content-box\">\n<div>\n<h3 class=\"content-box--title\"><strong>Algumas das solu\u00e7\u00f5es para a Amaz\u00f4nia<\/strong><\/h3>\n<p>\u2013 Pol\u00edticas e programas direcionados \u00e0 popula\u00e7\u00e3o jovem, com est\u00edmulo \u00e0 economia criativa e solid\u00e1ria com a floresta;<br \/>\n\u2013 Est\u00edmulo \u00e0 bioeconomia, com a revis\u00e3o das m\u00e9tricas de desempenho econ\u00f4mico para incorporar o capital natural e agregar mais valor aos produtos do extrativismo;<br \/>\n\u2013 Incentivo \u00e0 economia regenerativa, \u00e0s solu\u00e7\u00f5es baseadas na natureza e ao pagamento por servi\u00e7os ambientais que garantam a subsist\u00eancia dos povos da floresta;<br \/>\n\u2013 Conten\u00e7\u00e3o da grilagem, do desmatamento e das ilegalidades com maior fiscaliza\u00e7\u00e3o, implementa\u00e7\u00e3o do C\u00f3digo Florestal e destina\u00e7\u00e3o de terras p\u00fablicas \u00e0 conserva\u00e7\u00e3o.<\/p>\n<p>Fonte: <a href=\"https:\/\/concertacaoamazonia.com.br\/\" target=\"_blank\" rel=\"noreferrer noopener\">Uma Concerta\u00e7\u00e3o para a Amaz\u00f4nia<\/a><\/p>\n<\/div>\n<\/div>\n<p>Um dos pontos destacados na agenda s\u00e3o as <a href=\"https:\/\/wribrasil.org.br\/pt\/blog\/2019\/10\/como-solucoes-baseadas-na-natureza-podem-preparar-cidades-para-mudanca-do-clima\" target=\"_blank\" rel=\"noreferrer noopener\">solu\u00e7\u00f5es baseadas na natureza<\/a> para conter os efeitos da crise clim\u00e1tica nas cidades. Um estudo veiculado <a href=\"https:\/\/www.sciencedirect.com\/science\/article\/abs\/pii\/S259033222100542X\" target=\"_blank\" rel=\"noreferrer noopener\">na revista One Earth<\/a> avaliou que aproveitar esses servi\u00e7os naturais \u00e9 mais barato e pode prolongar a vida \u00fatil de projetos de infraestrutura em litorais, margens de rios e outras \u00e1reas na mira de tempestades e enchentes. Uma an\u00e1lise da ONG Uni\u00e3o Internacional para a Conserva\u00e7\u00e3o da Natureza refor\u00e7a que a humanidade s\u00f3 alcan\u00e7ar\u00e1 um desenvolvimento sustent\u00e1vel e combater\u00e1 a crise do clima <a href=\"https:\/\/portals.iucn.org\/library\/sites\/library\/files\/documents\/2021-029-En.pdf\" target=\"_blank\" rel=\"noreferrer noopener\">ampliando a \u00e1rea protegida global<\/a>.<\/p>\n<p>Diante de comprova\u00e7\u00f5es como essas, a ex-ministra do Meio Ambiente Izabella Teixeira refor\u00e7ou que \u201csolu\u00e7\u00f5es do passado n\u00e3o t\u00eam futuro\u201d se quisermos uma Amaz\u00f4nia e um Brasil com novos valores. Destacou que o mundo ter\u00e1 muito a fazer ap\u00f3s a COP26, que tenta aparar arestas entre os pa\u00edses para manter o aquecimento global m\u00e9dio abaixo dos 2\u00baC. \u201c\u00c9 evidente que n\u00e3o basta mais falar s\u00f3 entre governos. A sociedade ter\u00e1 que estar preparada para se engajar, tomar decis\u00f5es e se responsabilizar por elas\u201d, destacou.<\/p>\n<p><strong>Texto original dispon\u00edvel em: <a href=\"https:\/\/infoamazonia.org\/2021\/11\/11\/cop26-brasil-investimentos-sustentaveis-amazonia\/\">https:\/\/infoamazonia.org\/2021\/11\/11\/cop26-brasil-investimentos-sustentaveis-amazonia\/<\/a><\/strong><\/p>\n<p>&nbsp;<\/p>\n","protected":false},"excerpt":{"rendered":"<p>InfoAmaz\u00f4nia Aldem Bourscheit 11 de novembro de 2021 Amaz\u00f4nia brasileira &nbsp; Rede de entidades privadas e civis elenca sugest\u00f5es para que pa\u00eds alie desenvolvimento socioecon\u00f4mico e conserva\u00e7\u00e3o na floresta tropical &nbsp; Empres\u00e1rios, investidores e ambientalistas refor\u00e7aram na Confer\u00eancia das Na\u00e7\u00f5es Unidas sobre Mudan\u00e7a Clim\u00e1tica (COP26) que a Amaz\u00f4nia s\u00f3 atrair\u00e1 mais e melhores investimentos quando&hellip;<\/p>\n","protected":false},"author":333,"featured_media":28303,"comment_status":"open","ping_status":"open","sticky":false,"template":"","format":"standard","meta":{"_acf_changed":false,"footnotes":""},"categories":[3],"tags":[],"class_list":["post-28308","post","type-post","status-publish","format-standard","has-post-thumbnail","hentry","category-radar","category-3","description-off"],"acf":[],"_links":{"self":[{"href":"https:\/\/www.raisg.org\/en\/wp-json\/wp\/v2\/posts\/28308","targetHints":{"allow":["GET"]}}],"collection":[{"href":"https:\/\/www.raisg.org\/en\/wp-json\/wp\/v2\/posts"}],"about":[{"href":"https:\/\/www.raisg.org\/en\/wp-json\/wp\/v2\/types\/post"}],"author":[{"embeddable":true,"href":"https:\/\/www.raisg.org\/en\/wp-json\/wp\/v2\/users\/333"}],"replies":[{"embeddable":true,"href":"https:\/\/www.raisg.org\/en\/wp-json\/wp\/v2\/comments?post=28308"}],"version-history":[{"count":1,"href":"https:\/\/www.raisg.org\/en\/wp-json\/wp\/v2\/posts\/28308\/revisions"}],"predecessor-version":[{"id":28311,"href":"https:\/\/www.raisg.org\/en\/wp-json\/wp\/v2\/posts\/28308\/revisions\/28311"}],"wp:featuredmedia":[{"embeddable":true,"href":"https:\/\/www.raisg.org\/en\/wp-json\/wp\/v2\/media\/28303"}],"wp:attachment":[{"href":"https:\/\/www.raisg.org\/en\/wp-json\/wp\/v2\/media?parent=28308"}],"wp:term":[{"taxonomy":"category","embeddable":true,"href":"https:\/\/www.raisg.org\/en\/wp-json\/wp\/v2\/categories?post=28308"},{"taxonomy":"post_tag","embeddable":true,"href":"https:\/\/www.raisg.org\/en\/wp-json\/wp\/v2\/tags?post=28308"}],"curies":[{"name":"wp","href":"https:\/\/api.w.org\/{rel}","templated":true}]}}