{"id":28899,"date":"2021-11-25T14:00:34","date_gmt":"2021-11-25T17:00:34","guid":{"rendered":"https:\/\/www.amazoniasocioambiental.org\/radar\/ecuador-usd-21557-millones-a-fondo-para-el-desarrollo-sostenible-amazonico\/"},"modified":"2021-11-25T14:00:34","modified_gmt":"2021-11-25T17:00:34","slug":"ecuador-usd-21557-millones-a-fondo-para-el-desarrollo-sostenible-amazonico","status":"publish","type":"post","link":"https:\/\/www.raisg.org\/en\/radar\/ecuador-usd-21557-millones-a-fondo-para-el-desarrollo-sostenible-amazonico\/","title":{"rendered":"ECUADOR: USD 215,57 millones a Fondo para el Desarrollo Sostenible Amaz\u00f3nico"},"content":{"rendered":"<p><img decoding=\"async\" src=\"https:\/\/www.elcomercio.com\/wp-content\/uploads\/2021\/11\/petroecuador-700x391.jpg\" \/><br \/>\nPetroecuador EP entreg\u00f3 USD 215,57 millones al Fondo para el Desarrollo Sostenible Amaz\u00f3nico entre enero y septiembre de 2021. Foto: Archivo EL COMERCIO<\/p>\n<p>&nbsp;<\/p>\n<p>El Comercio<br \/>\nEcuador<br \/>\n25 de noviembre<\/p>\n<div class=\"entry__author\">Redacci\u00f3n Negocios (I)<\/div>\n<div class=\"entry__content\">\n<p><strong>El Ministerio de Energ\u00eda<\/strong>\u00a0entreg\u00f3 USD\u00a0215,57 millones al<strong>\u00a0Fondo para el Desarrollo Sostenible Amaz\u00f3nico<\/strong>\u00a0en el periodo comprendido entre\u00a0enero y\u00a0septiembre de 2021, recursos provenientes de la\u00a0comercializaci\u00f3n del\u00a0<strong>petr\u00f3leo<\/strong>.<\/p>\n<p>Esta cifra fue revelada por el ministro\u00a0de Energ\u00eda y Recursos Naturales No Renovables,<strong>\u00a0Juan Carlos Bermeo Calder\u00f3n,\u00a0<\/strong>durante su comparecencia en el pleno de la Comisi\u00f3n de Biodiversidad de la Asamblea Nacional.<\/p>\n<div data-id=\"9V22iM3RVdQxc8SaoNsJBm74RfVdtLEVqSbMo1Ms1QpfuxYrj68U\">\n<div class=\"orp-player-wrapper orp-aspectRateFixed orp-player-ipm orp-player-ipm-hidden orp-force-hide-player\"><\/div>\n<\/div>\n<p>La entrega de estos recursos se enmarca en lo que dispone la\u00a0<strong>Ley Org\u00e1nica de Planificaci\u00f3n Integral de la Circunscripci\u00f3n Territorial Amaz\u00f3nica.\u00a0<\/strong><\/p>\n<p>Seg\u00fan el art\u00edculo 60 de la\u00a0<strong>Ley Amaz\u00f3nica<\/strong>, el Fondo se financiar\u00e1 con una asignaci\u00f3n equivalente al 4% del precio de venta por\u00a0cada barril de petr\u00f3leo que se extraiga en la Circunscripci\u00f3n Territorial Especial Amaz\u00f3nica y que se comercialice en los mercados interno y externo.<\/p>\n<p>Esta\u00a0<strong>asignaci\u00f3n\u00a0<\/strong>en ning\u00fan caso ser\u00e1 inferior a dos d\u00f3lares por cada barril de petr\u00f3leo.<\/p>\n<p>En Ecuador no existe comercio interno de crudo, destac\u00f3 la\u00a0<strong>autoridad petrolera<\/strong>, por lo que se calcul\u00f3 solamente sobre el valor los vol\u00famenes y valores de la\u00a0<strong>exportaci\u00f3n\u00a0<\/strong>de petr\u00f3leo<\/p>\n<p>\u201cEn el pa\u00eds, el petr\u00f3leo producido se carga en\u00a0<strong>refiner\u00edas\u00a0<\/strong>o se exporta no hay venta interna de\u00a0<strong>crudo<\/strong>\u201d, asegur\u00f3 Bermeo.<\/p>\n<p>El monto, por concepto de la Ley Amaz\u00f3nica, lo liquida el\u00a0<strong>Ministerio de Energ\u00eda<\/strong>\u00a0a trav\u00e9s de Petroecuador, como entidad competente para la comercializaci\u00f3n de hidrocarburos. Luego se transfiere al Banco Central y este, a su vez, distribuye los recursos a los Gobiernos Aut\u00f3nomos Descentralizados de la Amazon\u00eda.<\/p>\n<\/div>\n<p>&nbsp;<\/p>\n<p>Tomado de: <a href=\"https:\/\/www.elcomercio.com\/actualidad\/petroecuador-fondo-desarrollo-sostenible-amazonia.html\">https:\/\/www.elcomercio.com\/actualidad\/petroecuador-fondo-desarrollo-sostenible-amazonia.html<\/a><\/p>\n","protected":false},"excerpt":{"rendered":"<p>Redacci\u00f3n Negocios (I)<br \/>\nEl Ministerio de Energ\u00eda entreg\u00f3 USD 215,57 millones al Fondo para el Desarrollo Sostenible Amaz\u00f3nico en el periodo comprendido entre enero y septiembre de 2021, recursos provenientes de la comercializaci\u00f3n del petr\u00f3leo. <\/p>\n<p>Esta cifra fue revelada por el ministro de Energ\u00eda y Recursos Naturales No Renovables, Juan Carlos Bermeo Calder\u00f3n, durante su comparecencia en el pleno de la Comisi\u00f3n de Biodiversidad de la Asamblea Nacional. <\/p>\n<p>La entrega de estos recursos se enmarca en lo que dispone la Ley Org\u00e1nica de Planificaci\u00f3n Integral de la Circunscripci\u00f3n Territorial Amaz\u00f3nica. <\/p>\n<p>Seg\u00fan el art\u00edculo 60 de la Ley Amaz\u00f3nica, el Fondo se financiar\u00e1 con una asignaci\u00f3n equivalente al 4% del precio de venta por cada barril de petr\u00f3leo que se extraiga en la Circunscripci\u00f3n Territorial Especial Amaz\u00f3nica y que se comercialice en los mercados interno y externo. <\/p>\n","protected":false},"author":327,"featured_media":0,"comment_status":"open","ping_status":"open","sticky":false,"template":"","format":"standard","meta":{"_acf_changed":false,"footnotes":""},"categories":[3],"tags":[],"class_list":["post-28899","post","type-post","status-publish","format-standard","hentry","category-radar","category-3","description-off"],"acf":[],"_links":{"self":[{"href":"https:\/\/www.raisg.org\/en\/wp-json\/wp\/v2\/posts\/28899","targetHints":{"allow":["GET"]}}],"collection":[{"href":"https:\/\/www.raisg.org\/en\/wp-json\/wp\/v2\/posts"}],"about":[{"href":"https:\/\/www.raisg.org\/en\/wp-json\/wp\/v2\/types\/post"}],"author":[{"embeddable":true,"href":"https:\/\/www.raisg.org\/en\/wp-json\/wp\/v2\/users\/327"}],"replies":[{"embeddable":true,"href":"https:\/\/www.raisg.org\/en\/wp-json\/wp\/v2\/comments?post=28899"}],"version-history":[{"count":0,"href":"https:\/\/www.raisg.org\/en\/wp-json\/wp\/v2\/posts\/28899\/revisions"}],"wp:attachment":[{"href":"https:\/\/www.raisg.org\/en\/wp-json\/wp\/v2\/media?parent=28899"}],"wp:term":[{"taxonomy":"category","embeddable":true,"href":"https:\/\/www.raisg.org\/en\/wp-json\/wp\/v2\/categories?post=28899"},{"taxonomy":"post_tag","embeddable":true,"href":"https:\/\/www.raisg.org\/en\/wp-json\/wp\/v2\/tags?post=28899"}],"curies":[{"name":"wp","href":"https:\/\/api.w.org\/{rel}","templated":true}]}}