{"id":3012,"date":"2015-05-26T09:54:47","date_gmt":"2015-05-26T12:54:47","guid":{"rendered":"https:\/\/www.amazoniasocioambiental.org\/radar\/hidreletricas-na-amazonia-brasileira-questoes-ambientais-e-sociais\/"},"modified":"2018-01-26T17:17:01","modified_gmt":"2018-01-26T19:17:01","slug":"hidreletricas-na-amazonia-brasileira-questoes-ambientais-e-sociais","status":"publish","type":"post","link":"https:\/\/www.raisg.org\/en\/radar\/hidreletricas-na-amazonia-brasileira-questoes-ambientais-e-sociais\/","title":{"rendered":"Hidrel\u00e9tricas na Amaz\u00f4nia brasileira: Quest\u00f5es Ambientais e Sociais"},"content":{"rendered":"<div class=\"wpb-content-wrapper\"><p>[vc_row][vc_column][vc_column_text]Este artigo resume os planos de constru\u00e7\u00e3o de hidrel\u00e9tricas na Amaz\u00f4nia brasileira e examina os impactos sobre o meio ambiente e os conflitos sociais, tanto do ponto de vista das li\u00e7\u00f5es das barragens j\u00e1 existentes quanto dos prov\u00e1veis efeitos de barragens planejadas. O efeito dessas obras sobre o desmatamento e a perda de ecossistemas terrestres e aqu\u00e1ticos \u00e9 revisado para Tucuru\u00ed, Balbina, Samuel, as barragens do Rio Madeira, Belo Monte e as barragens planejadas no rio Xingu e na bacia do Tapaj\u00f3s. Uma ret\u00f3rica chave que contribui \u00e0 propuls\u00e3o da expans\u00e3o hidrel\u00e9trica \u00e9 examinada e questionada: a teoria de que barragens na Amaz\u00f4nia ajudam na luta contra mudan\u00e7a clim\u00e1tica.<\/p>\n<p>Philip M. Fearnside, INPA. out\/2013. Revisado:julho\/2014[\/vc_column_text][\/vc_column][\/vc_row]<\/p>\n<\/div>","protected":false},"excerpt":{"rendered":"<p>[vc_row][vc_column][vc_column_text]Este artigo resume os planos de constru\u00e7\u00e3o de hidrel\u00e9tricas na Amaz\u00f4nia brasileira e examina os impactos sobre o meio ambiente e os conflitos sociais, tanto do ponto de vista das li\u00e7\u00f5es das barragens j\u00e1 existentes quanto dos prov\u00e1veis efeitos de barragens planejadas. O efeito dessas obras sobre o desmatamento e a perda de ecossistemas terrestres&hellip;<\/p>\n","protected":false},"author":11,"featured_media":0,"comment_status":"open","ping_status":"open","sticky":false,"template":"","format":"standard","meta":{"_acf_changed":false,"footnotes":""},"categories":[3],"tags":[],"class_list":["post-3012","post","type-post","status-publish","format-standard","hentry","category-radar","category-3","description-off"],"acf":[],"_links":{"self":[{"href":"https:\/\/www.raisg.org\/en\/wp-json\/wp\/v2\/posts\/3012","targetHints":{"allow":["GET"]}}],"collection":[{"href":"https:\/\/www.raisg.org\/en\/wp-json\/wp\/v2\/posts"}],"about":[{"href":"https:\/\/www.raisg.org\/en\/wp-json\/wp\/v2\/types\/post"}],"author":[{"embeddable":true,"href":"https:\/\/www.raisg.org\/en\/wp-json\/wp\/v2\/users\/11"}],"replies":[{"embeddable":true,"href":"https:\/\/www.raisg.org\/en\/wp-json\/wp\/v2\/comments?post=3012"}],"version-history":[{"count":0,"href":"https:\/\/www.raisg.org\/en\/wp-json\/wp\/v2\/posts\/3012\/revisions"}],"wp:attachment":[{"href":"https:\/\/www.raisg.org\/en\/wp-json\/wp\/v2\/media?parent=3012"}],"wp:term":[{"taxonomy":"category","embeddable":true,"href":"https:\/\/www.raisg.org\/en\/wp-json\/wp\/v2\/categories?post=3012"},{"taxonomy":"post_tag","embeddable":true,"href":"https:\/\/www.raisg.org\/en\/wp-json\/wp\/v2\/tags?post=3012"}],"curies":[{"name":"wp","href":"https:\/\/api.w.org\/{rel}","templated":true}]}}