{"id":32826,"date":"2022-01-26T13:59:12","date_gmt":"2022-01-26T16:59:12","guid":{"rendered":"https:\/\/dev.amazoniasocioambiental.org\/radar\/risco-a-soberania-nacional-na-amazonia-e-falacia-do-governo-diz-izabella-teixeira\/"},"modified":"2022-04-26T16:48:24","modified_gmt":"2022-04-26T19:48:24","slug":"risco-a-soberania-nacional-na-amazonia-e-falacia-do-governo-diz-izabella-teixeira","status":"publish","type":"post","link":"https:\/\/www.raisg.org\/en\/radar\/risco-a-soberania-nacional-na-amazonia-e-falacia-do-governo-diz-izabella-teixeira\/","title":{"rendered":"Risco \u00e0 soberania nacional na Amaz\u00f4nia \u00e9 fal\u00e1cia do governo, diz Izabella Teixeira"},"content":{"rendered":"<p style=\"text-align: right;\"><strong>Infoamaz\u00f4nia<\/strong><br \/>\n<strong>Amazonas &#8211; Mentira tem pre\u00e7o<\/strong><br \/>\n<strong>26 de janeiro de 2022<\/strong><br \/>\n<strong>Amaz\u00f4nia brasileira<\/strong><\/p>\n<p>&nbsp;<\/p>\n<h3 style=\"text-align: center;\"><em>Em entrevista, ex-ministra do Meio Ambiente aponta quais justificativas do governo Bolsonaro considera descabidas e comenta sobre conte\u00fados falsos distribu\u00eddos em redes sociais e refor\u00e7ados no discurso oficial<\/em><\/h3>\n<p>O discurso b\u00e9lico substituiu a l\u00f3gica protecionista. Desde o in\u00edcio do mandato, o presidente Jair Bolsonaro (PL) espalhou, como fogo, declara\u00e7\u00f5es pol\u00eamicas sobre o risco de invas\u00e3o estrangeira na floresta amaz\u00f4nica. Apesar de nunca apresentar prova concreta de tais perigos, a tese vem sendo repercutida em canais de extrema direita no Youtube. \u201cO Brasil \u00e9 um pa\u00eds pac\u00edfico, mas n\u00e3o pode continuar\u201d foi uma das frases, ditas a cadetes em uma cerim\u00f4nia no Rio de Janeiro, em 2019,\u00a0 e que j\u00e1 alcan\u00e7ou um milh\u00e3o de visualiza\u00e7\u00f5es e 39 mil curtidas.<br \/>\nCom a experi\u00eancia de quem j\u00e1 comandou o Minist\u00e9rio do Meio Ambiente (MMA), de 2010 a 2016, Izabella Teixeira, uma das principais articuladoras do Acordo de Paris,\u00a0 recha\u00e7a o discurso do atual governo de que os principais riscos para a Amaz\u00f4nia v\u00eam de fora. Para ela, a tese da soberania nacional \u00e9 uma \u2018paranoia pol\u00edtica\u2019. \u201cQuando voc\u00ea n\u00e3o estrutura respostas eficientes da presen\u00e7a e da a\u00e7\u00e3o do Estado, fica criando imagens, por <em>fake news<\/em> ou n\u00e3o, de que estamos sendo amea\u00e7ados\u201d, disse em entrevista ao projeto<strong> Amazonas \u2013 Mentira Tem Pre\u00e7o.<\/strong><\/p>\n<figure class=\"wp-block-image size-large\"><img fetchpriority=\"high\" decoding=\"async\" class=\"aligncenter wp-image-124432\" src=\"https:\/\/infoamazonia.org\/wp-content\/uploads\/2022\/01\/Foto_-Thiago-Bezerra-1024x683.jpg\" sizes=\"(max-width: 1024px) 100vw, 1024px\" srcset=\"https:\/\/infoamazonia.org\/wp-content\/uploads\/2022\/01\/Foto_-Thiago-Bezerra-1024x683.jpg 1024w, https:\/\/infoamazonia.org\/wp-content\/uploads\/2022\/01\/Foto_-Thiago-Bezerra-300x200.jpg 300w, https:\/\/infoamazonia.org\/wp-content\/uploads\/2022\/01\/Foto_-Thiago-Bezerra-768x512.jpg 768w, https:\/\/infoamazonia.org\/wp-content\/uploads\/2022\/01\/Foto_-Thiago-Bezerra-1536x1024.jpg 1536w, https:\/\/infoamazonia.org\/wp-content\/uploads\/2022\/01\/Foto_-Thiago-Bezerra-1200x800.jpg 1200w, https:\/\/infoamazonia.org\/wp-content\/uploads\/2022\/01\/Foto_-Thiago-Bezerra-1568x1045.jpg 1568w, https:\/\/infoamazonia.org\/wp-content\/uploads\/2022\/01\/Foto_-Thiago-Bezerra-400x267.jpg 400w, https:\/\/infoamazonia.org\/wp-content\/uploads\/2022\/01\/Foto_-Thiago-Bezerra.jpg 1920w\" alt=\"\" width=\"1024\" height=\"683\" \/><figcaption>Governo precisa abandonar o discurso naftalina e parar de espalhar inverdades sobre a Amaz\u00f4nia, diz Izabella Teixeira. Foto: Thiago Bezerra.<\/figcaption><\/figure>\n<p>Na hist\u00f3ria criada pelo presidente e repercutida por integrantes do governo, como o vice-presidente Hamilton Mour\u00e3o, o Brasil \u00e9 \u201cexemplo de conserva\u00e7\u00e3o ambiental\u201d, apesar de o Instituto Nacional de Pesquisas Espaciais (Inpe), \u00f3rg\u00e3o do governo reconhecido internacionalmente, mostrar que <a href=\"https:\/\/www.gov.br\/inpe\/pt-br\/assuntos\/ultimas-noticias\/divulgacao-de-dados-prodes.pdf\">o desmatamento bateu o terceiro recorde consecutivo<\/a>. Em 2021, terceiro ano do governo Bolsonaro, <a href=\"https:\/\/infoamazonia.org\/2021\/11\/19\/desmatamento-amazonia-aumento-maior-15-anos-prodes\/\">a derrubada de floresta cresceu 21,97%, maior \u00edndice desde 2006<\/a>.<br \/>\n\u201cComo voc\u00ea faz a dissuas\u00e3o disso? Ter [sic] For\u00e7as Armadas preparadas\u201d, disse Bolsonaro, em uma live em 2020. Na vers\u00e3o do presidente, o Brasil n\u00e3o precisa de outros pa\u00edses, como os Estados Unidos e Fran\u00e7a, para proteger a floresta. Com alta de desmatamento e de <a href=\"https:\/\/infoamazonia.org\/2021\/09\/09\/estudos-relacao-direta-desmatamento-queimadas-amazonia\/\">queimadas<\/a>, o governo Bolsonaro abriu m\u00e3o do bilion\u00e1rio Fundo Amaz\u00f4nia, mantido desde 2008 por uma coaliz\u00e3o estrangeira para a prote\u00e7\u00e3o da floresta. \u00c0 \u00e9poca, afirmou que nenhum pa\u00eds compraria a Amaz\u00f4nia.<br \/>\nEm uma outra <a href=\"https:\/\/www1.folha.uol.com.br\/cotidiano\/2021\/11\/governo-adota-fake-green-e-nao-aproveita-empresariado-na-cop-diz-negociadora-do-acordo-de-paris.shtml\">entrevista recente, desta vez \u00e0 Folha de S. Paulo<\/a>, Izabella, que n\u00e3o \u00e9 filiada a nenhum partido pol\u00edtico, chamou a estrat\u00e9gia do governo Bolsonaro de <em>fake green<\/em>: uma adapta\u00e7\u00e3o da express\u00e3o <em>fake news<\/em>, para exemplificar os discursos fantasiosos do governo relacionados \u00e0 tem\u00e1tica ambiental.<br \/>\nA ex-ministra, copresidente do Painel de Recursos Naturais da ONU na COP26 (na Esc\u00f3cia), destaca que o pa\u00eds deixou de ter a\u00e7\u00f5es efetivas no combate ao desmatamento e perdeu import\u00e2ncia na diplomacia internacional. \u00c0 \u00e9poca que Izabella esteve \u00e0 frente do MMA, o Brasil presenciou <a href=\"http:\/\/www.inpe.br\/noticias\/noticia.php?Cod_Noticia=4583\">avan\u00e7os no combate ao desmatamento<\/a> e redu\u00e7\u00e3o das taxas. Por outro lado, entidades da sociedade civil criticaram, na gest\u00e3o de Izabella, mudan\u00e7as no C\u00f3digo Florestal, dentre outros pontos.<br \/>\nDecis\u00f5es e hist\u00f3rias erradas contadas pelo governo, afirma Izabella, impactaram negativamente popula\u00e7\u00f5es urbanas, comunidades rurais, tradicionais e ind\u00edgenas; institui\u00e7\u00f5es cient\u00edficas; institutos que trabalham no combate e repress\u00e3o \u00e0s atividades ilegais na floresta; e, assim, a imagem internacional do Brasil. \u201cEsse governo veio com o sinal contr\u00e1rio e politicamente vem se posicionando com falsos argumentos, questionando a diplomacia e as institui\u00e7\u00f5es cient\u00edficas aliadas \u00e0 Amaz\u00f4nia\u201d, diz.<br \/>\nAntes visto como lideran\u00e7a mundial na \u00e1rea ambiental, o Brasil passou a vil\u00e3o e hoje atua como n\u00e3o <em>blocker<\/em> [agir como n\u00e3o bloqueador] em decis\u00f5es-chave. <strong>\u201cEnquanto o governo ficar com essas teorias e neurose, voc\u00ea n\u00e3o consegue abrir espa\u00e7os pol\u00edticos e exercer a lideran\u00e7a que o Brasil deve exercer como detentor da maior floresta tropical do mundo.<\/strong>\u201d Em entrevista, Izabella afirma que o governo precisa abandonar o \u201cdiscurso natflatina\u201d para o Brasil voltar a exercer a lideran\u00e7a perdida. Confira os principais pontos da conversa:<br \/>\n<strong>InfoAmazonia: Desde o in\u00edcio do governo, o presidente Jair Bolsonaro afirma que a soberania nacional est\u00e1 em risco, tese compartilhada por integrantes da gest\u00e3o e apoiadores \u2013 incluindo alguns punidos recentemente pelo TSE por espalhar mentiras. A soberania realmente est\u00e1 em risco?\u00a0<\/strong><br \/>\n<em>Izabella Teixeira: <\/em>Existe uma paranoia pol\u00edtica de que o Brasil precisa se preparar para uma invas\u00e3o de outros pa\u00edses na Amaz\u00f4nia. Quando voc\u00ea n\u00e3o estrutura respostas eficientes da presen\u00e7a e a\u00e7\u00e3o do Estado, fica criando imagens, por fake news ou n\u00e3o, de que estamos sendo amea\u00e7ados. Temos 151 anos de fronteiras pac\u00edficas no Brasil. Voc\u00ea quer me dizer agora que todo mundo vai invadir o Brasil? Do ponto de vista do Direito Internacional, todos os acordos multilaterais que envolvem a quest\u00e3o ambiental, desde 1972, t\u00eam cl\u00e1usulas espec\u00edficas de soberania. E o Brasil \u00e9 signat\u00e1rio desses acordos. Uma invas\u00e3o seria um processo disruptivo dessa ordem, \u00e9 como declarar guerra. Para mim, esse \u00e9 o primeiro ponto de fragilidade dessa tese, porque da mesma maneira que os militares juram defender o interesse da p\u00e1tria e a paz, os diplomatas brasileiros tamb\u00e9m fazem o mesmo juramento. No mundo contempor\u00e2neo tecnol\u00f3gico, com\u00a0 sat\u00e9lites passando 24 horas por dia, as pessoas fotografam e veem o que quiserem. O Brasil tem que renovar seus conceitos sobre soberania e entender como fazer uso desse instrumental para a prote\u00e7\u00e3o do territ\u00f3rio, para ter pol\u00edticas robustas e institui\u00e7\u00f5es fortes. As estruturas militares t\u00eam compet\u00eancia institucional para trabalhar com intelig\u00eancia, banir e enfrentar o crime.<\/p>\n<div id=\"attachment_30572\" style=\"width: 1376px\" class=\"wp-caption alignnone\"><img decoding=\"async\" aria-describedby=\"caption-attachment-30572\" class=\"wp-image-30572 size-full\" src=\"https:\/\/dev.amazoniasocioambiental.org\/wp-content\/uploads\/2022\/01\/Screenshot-2022-01-26-at-13-54-36-NOTICIAS.png\" alt=\"\" width=\"1366\" height=\"607\" srcset=\"https:\/\/www.raisg.org\/wp-content\/uploads\/2022\/01\/Screenshot-2022-01-26-at-13-54-36-NOTICIAS.png 1366w, https:\/\/www.raisg.org\/wp-content\/uploads\/2022\/01\/Screenshot-2022-01-26-at-13-54-36-NOTICIAS-300x133.png 300w, https:\/\/www.raisg.org\/wp-content\/uploads\/2022\/01\/Screenshot-2022-01-26-at-13-54-36-NOTICIAS-1024x455.png 1024w, https:\/\/www.raisg.org\/wp-content\/uploads\/2022\/01\/Screenshot-2022-01-26-at-13-54-36-NOTICIAS-768x341.png 768w\" sizes=\"(max-width: 1366px) 100vw, 1366px\" \/><p id=\"caption-attachment-30572\" class=\"wp-caption-text\">Mapa do monitor da plataforma PlenaMata mostra a taxa anual de desmatamento de 1998 a 2021 (de amarelo a vermelho). D\u00ea zoom para ver detalhes das \u00e1reas desmatadas<\/p><\/div>\n<div><\/div>\n<h6><em>\u00a0<\/em><\/h6>\n<p><strong>Nesse sentido, o que significa defender a soberania nacional?<\/strong><br \/>\nSignifica exercer responsabilidade completa sobre o seu territ\u00f3rio, proteger e cuidar da Amaz\u00f4nia e do meio ambiente. Voc\u00ea n\u00e3o declara soberania, voc\u00ea exerce. No entanto, a Amaz\u00f4nia est\u00e1 sendo invadida pelo crime organizado. Na Guiana Francesa, h\u00e1 presos por garimpo brasileiros. Ent\u00e3o n\u00f3s exportamos o crime. Cad\u00ea a capacidade brasileira de controlar os seus? Quer falar de soberania afetando o territ\u00f3rio dos outros? N\u00e3o \u00e9 criando fantasias e fragilizando institui\u00e7\u00f5es que voc\u00ea vai lidar com esse problema. As den\u00fancias que temos, muitas fruto de investiga\u00e7\u00f5es do Minist\u00e9rio P\u00fablico Federal, mostram que o Brasil que quer exercer soberania n\u00e3o cuida do seu territ\u00f3rio e, por n\u00e3o cuidar, permite ou favorece que o crime organizado atue no pa\u00eds. O brasileiro deve ter consci\u00eancia e se posicionar \u2013 todos n\u00f3s, mesmo fora da Amaz\u00f4nia \u2013 pelo fim do desmatamento, do garimpo ilegal e do assalto a recursos naturais. O Brasil tem que liderar uma for\u00e7a para conter o crime ambiental organizado na Pan-Amaz\u00f4nia.<br \/>\n<strong>Em diversas ocasi\u00f5es, Bolsonaro afirmou que o Brasil \u00e9 refer\u00eancia tanto na preserva\u00e7\u00e3o ambiental da Amaz\u00f4nia quanto no campo dos direitos humanos. Essas informa\u00e7\u00f5es procedem?\u00a0<\/strong><br \/>\nO Brasil, at\u00e9 esse governo, exerceu esfor\u00e7os cont\u00ednuos e progressivos para lidar com o desmatamento. Esse governo veio com o sinal contr\u00e1rio e politicamente est\u00e1 se posicionando com falsos argumentos, questionando a diplomacia e as institui\u00e7\u00f5es cient\u00edficas aliadas \u00e0 Amaz\u00f4nia. Toda a gest\u00e3o socioambiental brasileira era pautada em tr\u00eas pilares: ci\u00eancia, sociedade civil e rela\u00e7\u00f5es internacionais. O governo Bolsonaro destruiu tudo. Ele <a href=\"https:\/\/www.sinaldefumaca.com\/wp-content\/uploads\/2021\/10\/sdf-relatorio-pt-final-30em3.pdf\">desmontou os sistemas de governan\u00e7as ambientais<\/a>, fragilizou as institui\u00e7\u00f5es p\u00fablicas ambientais e de direitos humanos, acabou com os espa\u00e7os democr\u00e1ticos de di\u00e1logo com a sociedade civil e tem posi\u00e7\u00f5es que sinalizam retrocesso na agenda. O governo s\u00f3 discute com alguns segmentos da sociedade e empresariado, que s\u00e3o aqueles que o apoiam. \u00c9 um pa\u00eds que implodiu a rela\u00e7\u00e3o federativa com os governadores n\u00e3o s\u00f3 na \u00e1rea da sa\u00fade, mas na \u00e1rea ambiental tamb\u00e9m. \u00c9 um pa\u00eds que est\u00e1 provocando desmatamento crescente n\u00e3o s\u00f3 na Amaz\u00f4nia. A gente tem desmatamento em terra p\u00fablica, por que o governo n\u00e3o fala sobre isso? O or\u00e7amento do Ibama e do ICMBio [institutos governamentais de combate e preven\u00e7\u00e3o] deste ano <a href=\"https:\/\/valor.globo.com\/politica\/noticia\/2021\/08\/16\/senado-acelera-votacao-de-projetos-sensiveis-a-agenda-ambiental.ghtml\">foi restaurado pela senadora K\u00e1tia Abreu <\/a>(ruralista). O Brasil \u00e9 o pa\u00eds que, junto com Tuvalu e Venezuela, apresenta <a href=\"https:\/\/www1.folha.uol.com.br\/mercado\/2021\/06\/pandemia-de-covid-19-criou-reves-nos-objetivos-de-desenvolvimento-sustentavel.shtml?utm_source=facebook&amp;utm_medium=social-media&amp;utm_campaign=uol&amp;utm_content=geral&amp;fbclid=IwAR2fCaESlsWmnOSb4XhHqcxok9Vny1rnjNpr4Uc2F3RU2lwpDcoQzLpoOQQ\">os maiores retrocessos no \u00edndice de sustentabilidade.<\/a><\/p>\n<figure class=\"wp-block-pullquote\">\n<blockquote><p><em>\u201cDesmatamento \u00e9 indica\u00e7\u00e3o de um pa\u00eds pobre, inseguro, que n\u00e3o cumpre direitos humanos. \u00c9 um compromisso muito maior que n\u00e3o deixar a floresta cair\u201d<\/em><br \/>\n<cite>Izabella teixeira, ex-ministra do meio Ambiente<\/cite><\/p><\/blockquote>\n<\/figure>\n<p><strong>Na Confer\u00eancia das Na\u00e7\u00f5es Unidas sobre as Mudan\u00e7as Clim\u00e1ticas, o Brasil assumiu o compromisso de zerar o desmatamento ilegal at\u00e9 2028 e as emiss\u00f5es da gases poluentes at\u00e9 2030.\u00a0 Mas nos tr\u00eas anos de governo Bolsonaro, foram batidos recordes de desmatamento. Alcan\u00e7ar essas metas \u00e9 fact\u00edvel?\u00a0\u00a0<\/strong><br \/>\nO Brasil pode zerar o desmatamento, tem leis e institui\u00e7\u00f5es capazes, mas, se depender da lideran\u00e7a que est\u00e1 a\u00ed, n\u00e3o vai fazer. O pa\u00eds combate o desmatamento desde 1989. Quando compusemos a meta em 2015, o Brasil tinha 15% das emiss\u00f5es associadas ao desmatamento e uma trajet\u00f3ria de redu\u00e7\u00e3o at\u00e9 atingir um plat\u00f4, que \u00e9 o momento que voc\u00ea chega em uma estrutura de enfrentamento ao crime, que n\u00e3o \u00e9 t\u00e3o trivial e precisa de outros arranjos e dinheiro para lidar com isso. <a href=\"https:\/\/www.hrw.org\/pt\/news\/2021\/07\/21\/379293\">O trabalho da for\u00e7a-tarefa do Minist\u00e9rio P\u00fablico Federal mostra como o desmatamento est\u00e1 interconectado a outros crimes<\/a>. E, obviamente, isso percorre interesses dos estados e munic\u00edpios, envolve for\u00e7as pol\u00edticas, mil\u00edcias e muito dinheiro. Ningu\u00e9m faz desmatamento barato, ent\u00e3o voc\u00ea tem que desmontar quadrilhas e os arranjos financeiros que bancam isso, porque associada ao desmatamento o Brasil tem uma brutal sonega\u00e7\u00e3o fiscal. Quando a gente colocou at\u00e9 2030, ach\u00e1vamos que ia acabar em meados de 2022 ou 2023. O que \u00e9 acabar? Chegar perto de 3 mil quil\u00f4metros quadrados, que \u00e9 a meta. <a href=\"https:\/\/brasil.elpais.com\/brasil\/2021-11-13\/desmatamento-recorde-derruba-mais-a-moral-do-brasil-na-cop26-que-teve-pouca-margem-para-travar-negociacoes.html\">Esse governo implodiu isso.<\/a> Desmatamento \u00e9 indica\u00e7\u00e3o de um pa\u00eds pobre, inseguro, que n\u00e3o cumpre direitos humanos. \u00c9 um compromisso muito maior que n\u00e3o deixar a floresta cair. O desmatamento \u00e9 uma grande agenda do que tem que ficar para tr\u00e1s, mas o governo Bolsonaro, por tudo que fez at\u00e9 agora, n\u00e3o tem nem condi\u00e7\u00f5es de pensar desse jeito.<br \/>\n<strong>Mas o governo afirma ter uma nova pol\u00edtica ambiental.<\/strong><br \/>\nN\u00e3o tem uma nova pol\u00edtica no campo. Na verdade, \u00e9 uma <em>fake police<\/em>. Acabar com o desmatamento significa gerar investimento sustent\u00e1vel, emprego para quem vive nas cidades, desenvolvimento regional com a floresta em p\u00e9 e protegida, uma vis\u00e3o que o Brasil ainda n\u00e3o conseguiu construir e que tem que repactuar. <a href=\"https:\/\/radios.ebc.com.br\/reporter-nacional-amazonia\/2019\/04\/estados-da-regiao-amazonica-tem-idh-m-abaixo-do-indice-brasileiro\">A Amaz\u00f4nia \u00e9 uma das maiores riquezas do planeta e as popula\u00e7\u00f5es t\u00eam os menores \u00cdndices de Desenvolvimento Humano (IDHs<\/a>). Est\u00e1 errado e tem gente que, no s\u00e9culo 21, menospreza essa perspectiva.<br \/>\n<strong>Como o mundo enxerga o compromisso do Brasil em rela\u00e7\u00e3o \u00e0 prote\u00e7\u00e3o das florestas, dos povos ind\u00edgenas e das comunidades tradicionais?\u00a0<\/strong><br \/>\nO Brasil \u00e9 um pa\u00eds que perdeu suas alian\u00e7as, seus espa\u00e7os pol\u00edticos, suas parcerias e \u00e9 visto com grande desconfian\u00e7a na \u00e1rea ambiental. Uma desconfian\u00e7a profunda que n\u00e3o existia. O Brasil era o pa\u00eds que pautava e liderava, e hoje precisa agir como <em>\u2018n\u00e3o blocker\u2019<\/em> para ter algum tipo de credibilidade. \u00c9 um pa\u00eds que rompeu a tradi\u00e7\u00e3o com a coopera\u00e7\u00e3o internacional e implodiu o Fundo Amaz\u00f4nia. Por mais que o Brasil esteja acertando em algumas coisas, e est\u00e1 porque tem institui\u00e7\u00f5es funcionando, n\u00e3o h\u00e1 credibilidade para se juntar ao Brasil nesse mundo.<\/p>\n<figure class=\"wp-block-image size-large\"><img decoding=\"async\" class=\"wp-image-124451 aligncenter\" src=\"https:\/\/infoamazonia.org\/wp-content\/uploads\/2022\/01\/50223708588_948a60e922_o-1024x683.jpg\" sizes=\"(max-width: 1024px) 100vw, 1024px\" srcset=\"https:\/\/infoamazonia.org\/wp-content\/uploads\/2022\/01\/50223708588_948a60e922_o-1024x683.jpg 1024w, https:\/\/infoamazonia.org\/wp-content\/uploads\/2022\/01\/50223708588_948a60e922_o-300x200.jpg 300w, https:\/\/infoamazonia.org\/wp-content\/uploads\/2022\/01\/50223708588_948a60e922_o-768x512.jpg 768w, https:\/\/infoamazonia.org\/wp-content\/uploads\/2022\/01\/50223708588_948a60e922_o-1536x1024.jpg 1536w, https:\/\/infoamazonia.org\/wp-content\/uploads\/2022\/01\/50223708588_948a60e922_o-1200x800.jpg 1200w, https:\/\/infoamazonia.org\/wp-content\/uploads\/2022\/01\/50223708588_948a60e922_o-1568x1046.jpg 1568w, https:\/\/infoamazonia.org\/wp-content\/uploads\/2022\/01\/50223708588_948a60e922_o-400x267.jpg 400w, https:\/\/infoamazonia.org\/wp-content\/uploads\/2022\/01\/50223708588_948a60e922_o.jpg 1999w\" alt=\"\" width=\"1024\" height=\"683\" \/><figcaption>Queimada em \u00e1rea de desmatamento no munic\u00edpio de Apu\u00ed, AM. Foto: Bruno Kelly\/Amaz\u00f4nia Real <span class=\"image-credit\">Credit: Bruno Kelly\/Amaz\u00f4nia Real<\/span> <span class=\"image-credit\"><span class=\"credit-label-wrapper\">Credit:<\/span> Bruno Kelly\/Amaz\u00f4nia Real<\/span><\/figcaption><\/figure>\n<p><strong>A boiada est\u00e1 passando?\u00a0<\/strong><br \/>\nA boiada j\u00e1 passou. Porque quando ela passa, arrebenta tudo. Essas teorias de conspira\u00e7\u00e3o sobre a Amaz\u00f4nia interessam ao exerc\u00edcio de pequenos poderes, colocando o medo para n\u00e3o trabalhar nas solu\u00e7\u00f5es. Na \u00e1rea ambiental, voc\u00ea tem dois lados da moeda: ou voc\u00ea est\u00e1 do lado do problema ou da solu\u00e7\u00e3o. \u00c9 como na agenda clim\u00e1tica. Ou voc\u00ea est\u00e1 do lado do problema e emite, ou voc\u00ea est\u00e1 do lado da solu\u00e7\u00e3o e mitiga.<br \/>\n<strong>O governo federal afirma que o problema ambiental no Brasil existe s\u00f3 nas \u201cnarrativas\u201d da imprensa, nacional e estrangeira. \u00c9 isso mesmo?<\/strong><br \/>\nO desmatamento continua, as queimadas est\u00e3o crescendo, a polui\u00e7\u00e3o das cidades e dos rios est\u00e1 aumentando, a escassez de energia est\u00e1 presente, <a href=\"https:\/\/economia.uol.com.br\/noticias\/estadao-conteudo\/2021\/10\/07\/governo-de-sp-reconhece-crise-hidrica-e-anuncia-investimentos.htm\">S\u00e3o Paulo est\u00e1 com uma nova crise de \u00e1gua<\/a>. Eu acabei de pagar minha conta de luz e aumentou um absurdo. Isso \u00e9 uma narrativa? O governo tem uma miopia profunda sobre a realidade pol\u00edtica e ambiental do pa\u00eds e esquece que o mundo conhece o Brasil. O governo brasileiro \u00e9 contra o Brasil. Para justificar o mecanismo de afrouxamento de controle do Estado ou a inefici\u00eancia de muitos atores para lidar com isso, projeta uma s\u00e9rie de teses com base no medo, em criar um risco e induzir as pessoas a uma paranoia de internacionaliza\u00e7\u00e3o da Amaz\u00f4nia. O mundo mudou e o Brasil precisa mudar esse discurso natfalina. O Brasil de hoje quer adotar solu\u00e7\u00f5es do passado que n\u00e3o t\u00eam futuro. Do ponto de vista do governo, o Brasil \u00e9 um pa\u00eds ineficiente, que n\u00e3o sabe fazer nem construir, trabalha muito pouco e gosta de vilanizar e polemizar para n\u00e3o colocar os holofotes nas suas inefici\u00eancias. Enquanto o governo ficar com essas teorias e neurose, voc\u00ea n\u00e3o consegue abrir espa\u00e7os pol\u00edticos e exercer a lideran\u00e7a que o Brasil deve ter como detentor da maior floresta tropical do mundo.<br \/>\n<strong>Qual \u00e9 a narrativa que o Brasil precisa?\u00a0<\/strong><br \/>\nAs narrativas s\u00e3o sempre sobre o futuro, n\u00e3o sobre o passado. E o Brasil precisa abandonar os discursos equivocados, de que \u2018somos a maior agricultura do mundo e n\u00f3s preservamos\u2019, porque temos mais de <a href=\"https:\/\/economia.uol.com.br\/noticias\/redacao\/2021\/08\/06\/recuperar-pastos-pode-aumentar-rebanho-de-gado-no-brasil-sem-desmatamento.htm#:~:text=Segundo%20o%20Instituto%20Brasileiro%20de,214%2C7%20milh%C3%B5es%20de%20animais.\">100 milh\u00f5es de hectares de \u00e1reas degradadas<\/a>. Voc\u00ea continua desmatando em \u00e1rea que n\u00e3o \u00e9 produtiva, mesmo sabendo, gra\u00e7as \u00e0 ci\u00eancia, que \u00e9 um erro. Voc\u00ea tamb\u00e9m n\u00e3o pode ficar em um discurso que tem que desmatar porque tem o direito legal de desmatar. Estou querendo dizer o seguinte: como o Brasil vai ser mais competitivo em um mundo de baixo carbono? Quais s\u00e3o os desafios da ind\u00fastria brasileira? Como lidar com a conserva\u00e7\u00e3o? Porque ningu\u00e9m vai conseguir fazer isso sem \u00e1gua, sem os servi\u00e7os ambientais, com <a href=\"https:\/\/infoamazonia.org\/2021\/10\/25\/fogo-alcancou-terras-indigenas-povos-isolados\/\">queimadas vulnerabilizando<\/a> o tempo inteiro, com a pobreza das pessoas, com escassez de recursos naturais.<br \/>\nO Brasil est\u00e1 perdendo um tempo precios\u00edssimo porque as crises globais est\u00e3o todas a\u00ed vindo e n\u00f3s lidando com tudo isso como se estiv\u00e9ssemos naquela musiquinha da d\u00e9cada de 70: \u201990 milh\u00f5es em a\u00e7\u00e3o, salve a sele\u00e7\u00e3o\u2019. Eu vou usar essa analogia com o futebol para explicar onde nos metemos. O Brasil de quase 250 milh\u00f5es de pessoas levou de 7X1. Temos talentos para estar na elite no futebol, podemos corrigir o rumo e nunca mais levar um 7\u00d71. Mas precisamos lembrar que levamos para que n\u00e3o se repita. Tudo o que est\u00e1 colocado sobre o Brasil hoje [na \u00e1rea socioambiental]\u00a0\u00e9 um grande equ\u00edvoco. Essas pessoas n\u00e3o conhecem o Brasil, elas n\u00e3o amam o Brasil. Porque se amassem estariam cuidando, e n\u00e3o destruindo, fragmentando, polarizando. Voc\u00ea v\u00ea uma crian\u00e7a com um olhar triste segurando um fuzil <a href=\"https:\/\/www.metropoles.com\/brasil\/bolsonaro-e-denunciado-a-onu-apos-posar-com-crianca-segurando-fuzil-de-brinquedo\"><em>[a cena, com Bolsonaro, ocorreu em outubro de 2021]<\/em><\/a>. O que \u00e9 isso? O que estou tentando dizer \u00e9 que tem outros 7\u00d71 vindo para o Brasil se ele n\u00e3o acordar.<\/p>\n<h2 id=\"h-verifique-voce-mesmo-os-recordes-de-desmatamento-no-brasil\"><strong>Verifique voc\u00ea mesmo os recordes de desmatamento no Brasil\u00a0<\/strong><\/h2>\n<p>Confira sites em que voc\u00ea, com poucos cliques, consegue facilmente acessar informa\u00e7\u00f5es sobre o avan\u00e7o da derrubada de florestas<br \/>\n<strong>Instituto do Homem e Meio Ambiente da Amaz\u00f4nia (Imazon)<\/strong>: \u00e9 uma organiza\u00e7\u00e3o de pesquisa focada em promover conserva\u00e7\u00e3o e desenvolvimento sustent\u00e1vel na regi\u00e3o amaz\u00f4nica. Acesse os <a href=\"https:\/\/imazon.org.br\/categorias\/boletim-do-desmatamento\/\">boletins mensais de desmatamento aqui.\u00a0<\/a><br \/>\n<strong>Instituto Nacional de Pesquisas Espaciais (INPE):<\/strong> reconhecido internacionalmente, \u00e9 vinculado ao Minist\u00e9rio de Ci\u00eancia, Tecnologia e Inova\u00e7\u00f5es. \u00c9 dele o Terrabrasilis, sistema do Prodes e do Deter que monitora, por sat\u00e9lites, o desmatamento por corte raso na Amaz\u00f4nia Legal. <a href=\"http:\/\/terrabrasilis.dpi.inpe.br\/app\/dashboard\/deforestation\/biomes\/legal_amazon\/rates\">Confira os dados de 2021.<\/a><br \/>\n<strong>MapBiomas: <\/strong>\u00e9 uma plataforma din\u00e2mica de acesso a dados e mapas do Brasil desenvolvida por uma rede colaborativa de especialistas. Voc\u00ea pode descobrir a situa\u00e7\u00e3o do desmatamento em todas as regi\u00f5es e tamb\u00e9m outros dados relacionados. <a href=\"https:\/\/plataforma.brasil.mapbiomas.org\/\">Acesse a plataforma aqui<\/a>.<\/p>\n<div class=\"wp-block-buttons\">\n<div class=\"wp-block-button has-custom-width wp-block-button__width-100 has-custom-font-size is-style-fill has-small-font-size\"><a class=\"wp-block-button__link has-white-color has-text-color has-background\" href=\"https:\/\/mentiratempreco.infoamazonia.org\/\">Essa reportagem integra o especial jornal\u00edstico AMAZONAS \u2013 MENTIRA TEM PRE\u00c7O,\u00a0produzido pela FALA e pelo InfoAmazonia. Para ver a investiga\u00e7\u00e3o completa, clique aqui.\u00a0\u00a0<\/a><\/div>\n<\/div>\n<div><\/div>\n<div><strong>Texto original dispon\u00edvel em: <a href=\"https:\/\/infoamazonia.org\/2022\/01\/26\/izabella-teixeira-soberania-nacional-fake-news-desmatamento\/\">https:\/\/infoamazonia.org\/2022\/01\/26\/izabella-teixeira-soberania-nacional-fake-news-desmatamento\/<\/a><\/strong><\/div>\n","protected":false},"excerpt":{"rendered":"<p>Infoamaz\u00f4nia Amazonas &#8211; Mentira tem pre\u00e7o 26 de janeiro de 2022 Amaz\u00f4nia brasileira &nbsp; Em entrevista, ex-ministra do Meio Ambiente aponta quais justificativas do governo Bolsonaro considera descabidas e comenta sobre conte\u00fados falsos distribu\u00eddos em redes sociais e refor\u00e7ados no discurso oficial O discurso b\u00e9lico substituiu a l\u00f3gica protecionista. Desde o in\u00edcio do mandato, o&hellip;<\/p>\n","protected":false},"author":333,"featured_media":0,"comment_status":"open","ping_status":"open","sticky":false,"template":"","format":"standard","meta":{"_acf_changed":false,"footnotes":""},"categories":[],"tags":[],"class_list":["post-32826","post","type-post","status-publish","format-standard","hentry","description-off"],"acf":[],"_links":{"self":[{"href":"https:\/\/www.raisg.org\/en\/wp-json\/wp\/v2\/posts\/32826","targetHints":{"allow":["GET"]}}],"collection":[{"href":"https:\/\/www.raisg.org\/en\/wp-json\/wp\/v2\/posts"}],"about":[{"href":"https:\/\/www.raisg.org\/en\/wp-json\/wp\/v2\/types\/post"}],"author":[{"embeddable":true,"href":"https:\/\/www.raisg.org\/en\/wp-json\/wp\/v2\/users\/333"}],"replies":[{"embeddable":true,"href":"https:\/\/www.raisg.org\/en\/wp-json\/wp\/v2\/comments?post=32826"}],"version-history":[{"count":1,"href":"https:\/\/www.raisg.org\/en\/wp-json\/wp\/v2\/posts\/32826\/revisions"}],"predecessor-version":[{"id":32830,"href":"https:\/\/www.raisg.org\/en\/wp-json\/wp\/v2\/posts\/32826\/revisions\/32830"}],"wp:attachment":[{"href":"https:\/\/www.raisg.org\/en\/wp-json\/wp\/v2\/media?parent=32826"}],"wp:term":[{"taxonomy":"category","embeddable":true,"href":"https:\/\/www.raisg.org\/en\/wp-json\/wp\/v2\/categories?post=32826"},{"taxonomy":"post_tag","embeddable":true,"href":"https:\/\/www.raisg.org\/en\/wp-json\/wp\/v2\/tags?post=32826"}],"curies":[{"name":"wp","href":"https:\/\/api.w.org\/{rel}","templated":true}]}}