{"id":34162,"date":"2022-07-13T23:57:39","date_gmt":"2022-07-14T02:57:39","guid":{"rendered":"https:\/\/www.raisg.org\/radar\/180-mil-hogares-de-las-zonas-mas-vulnerables-de-la-amazonia-ingresan-a-la-base-de-datos-del-registro-social\/"},"modified":"2022-07-19T00:01:39","modified_gmt":"2022-07-19T03:01:39","slug":"180-mil-hogares-de-las-zonas-mas-vulnerables-de-la-amazonia-ingresan-a-la-base-de-datos-del-registro-social","status":"publish","type":"post","link":"https:\/\/www.raisg.org\/en\/radar\/180-mil-hogares-de-las-zonas-mas-vulnerables-de-la-amazonia-ingresan-a-la-base-de-datos-del-registro-social\/","title":{"rendered":"180 mil hogares de las zonas m\u00e1s vulnerables de la Amazon\u00eda ingresan a la base de datos del Registro Social"},"content":{"rendered":"<p>&nbsp;<\/p>\n<p>PRIMICIAS<br \/>\n13 de julio, 2022<\/p>\n<p>Durante seis meses, funcionarios de la Unidad del Registro Social recorrieron la Amazon\u00eda para levantar informaci\u00f3n sobre las condiciones en las que vive esa poblaci\u00f3n.<\/p>\n<p>La Unidad del Registro Social inform\u00f3 que 180.000 hogares de la Amazon\u00eda fueron incluidos en su base de datos, con el objetivo de que puedan ser beneficiarios de los bonos que entrega el Gobierno.<\/p>\n<p>En un comunicado de prensa, la entidad asegur\u00f3 que durante seis meses recorri\u00f3 las seis provincias de la Amazon\u00eda para conocer las condiciones en las que vive este sector de la poblaci\u00f3n.<\/p>\n<p>Su directora Ejecutiva, Diana Apraes, se\u00f1al\u00f3 que \u201cla prioridad es atender a la poblaci\u00f3n m\u00e1s vulnerable a trav\u00e9s de la recopilaci\u00f3n de informaci\u00f3n que permita generar pol\u00edticas sociales\u201d.<small><br \/>\n<\/small><\/p>\n<p>Seg\u00fan datos del Registro Social, actualmente entrega m\u00e1s de 102.000 ayudas sociales a la ciudadan\u00eda de la regi\u00f3n amaz\u00f3nica que provienen de los ministerios de Inclusi\u00f3n Econ\u00f3mica y de Vivienda.<\/p>\n<p>Para la ejecuci\u00f3n de este proyecto, la entidad cont\u00f3 con especialistas de pueblos y nacionalidades ind\u00edgenas.<\/p>\n<p>Ellos participaron en los acercamientos con las comunidades y en la traducci\u00f3n de la informaci\u00f3n de las diferentes lenguas de la regi\u00f3n amaz\u00f3nica para que los datos recopilados reflejen la realidad de la poblaci\u00f3n.<\/p>\n<p><small>Para hacer uso de este contenido cite la fuente y haga un enlace a la nota original en Primicias.ec:\u00a0<a href=\"https:\/\/www.primicias.ec\/noticias\/sociedad\/hogares-amazonia-ingresan-registro-social\/\">https:\/\/www.primicias.ec\/noticias\/sociedad\/hogares-amazonia-ingresan-registro-social\/<\/a><\/small><\/p>\n<p>Tomado de: <a href=\"https:\/\/www.primicias.ec\/noticias\/sociedad\/hogares-amazonia-ingresan-registro-social\/\">https:\/\/www.primicias.ec\/noticias\/sociedad\/hogares-amazonia-ingresan-registro-social\/<\/a><\/p>\n","protected":false},"excerpt":{"rendered":"<p>Durante seis meses, funcionarios de la Unidad del Registro Social recorrieron la Amazon\u00eda para levantar informaci\u00f3n sobre las condiciones en las que vive esa poblaci\u00f3n.<\/p>\n<p>La Unidad del Registro Social inform\u00f3 que 180.000 hogares de la Amazon\u00eda fueron incluidos en su base de datos, con el objetivo de que puedan ser beneficiarios de los bonos que entrega el Gobierno.<\/p>\n<p>En un comunicado de prensa, la entidad asegur\u00f3 que durante seis meses recorri\u00f3 las seis provincias de la Amazon\u00eda para conocer las condiciones en las que vive este sector de la poblaci\u00f3n.\u00a0<\/p>\n","protected":false},"author":327,"featured_media":34165,"comment_status":"open","ping_status":"open","sticky":false,"template":"","format":"standard","meta":{"_acf_changed":false,"footnotes":""},"categories":[3],"tags":[],"class_list":["post-34162","post","type-post","status-publish","format-standard","has-post-thumbnail","hentry","category-radar","category-3","description-off"],"acf":[],"_links":{"self":[{"href":"https:\/\/www.raisg.org\/en\/wp-json\/wp\/v2\/posts\/34162","targetHints":{"allow":["GET"]}}],"collection":[{"href":"https:\/\/www.raisg.org\/en\/wp-json\/wp\/v2\/posts"}],"about":[{"href":"https:\/\/www.raisg.org\/en\/wp-json\/wp\/v2\/types\/post"}],"author":[{"embeddable":true,"href":"https:\/\/www.raisg.org\/en\/wp-json\/wp\/v2\/users\/327"}],"replies":[{"embeddable":true,"href":"https:\/\/www.raisg.org\/en\/wp-json\/wp\/v2\/comments?post=34162"}],"version-history":[{"count":1,"href":"https:\/\/www.raisg.org\/en\/wp-json\/wp\/v2\/posts\/34162\/revisions"}],"predecessor-version":[{"id":34169,"href":"https:\/\/www.raisg.org\/en\/wp-json\/wp\/v2\/posts\/34162\/revisions\/34169"}],"wp:featuredmedia":[{"embeddable":true,"href":"https:\/\/www.raisg.org\/en\/wp-json\/wp\/v2\/media\/34165"}],"wp:attachment":[{"href":"https:\/\/www.raisg.org\/en\/wp-json\/wp\/v2\/media?parent=34162"}],"wp:term":[{"taxonomy":"category","embeddable":true,"href":"https:\/\/www.raisg.org\/en\/wp-json\/wp\/v2\/categories?post=34162"},{"taxonomy":"post_tag","embeddable":true,"href":"https:\/\/www.raisg.org\/en\/wp-json\/wp\/v2\/tags?post=34162"}],"curies":[{"name":"wp","href":"https:\/\/api.w.org\/{rel}","templated":true}]}}