{"id":34409,"date":"2022-07-26T15:28:58","date_gmt":"2022-07-26T18:28:58","guid":{"rendered":"https:\/\/www.raisg.org\/radar\/kawsak-sacha-propuesta-indigena-de-ecuador-que-da-derechos-a-la-naturaleza\/"},"modified":"2022-07-29T15:32:55","modified_gmt":"2022-07-29T18:32:55","slug":"kawsak-sacha-propuesta-indigena-de-ecuador-que-da-derechos-a-la-naturaleza","status":"publish","type":"post","link":"https:\/\/www.raisg.org\/en\/radar\/kawsak-sacha-propuesta-indigena-de-ecuador-que-da-derechos-a-la-naturaleza\/","title":{"rendered":"&#8216;Kawsak Sacha&#8217;, propuesta ind\u00edgena de Ecuador que da derechos a la naturaleza"},"content":{"rendered":"<p>&nbsp;<\/p>\n<p><span id=\"m73-72-74\" class=\"image-description \">El Pueblo Originario de Sarayaku.<\/span><strong id=\"m78-77-79\" class=\"author \">FUNDACIONALDEA.ORG<\/strong><\/p>\n<p>El Universo<br \/>\n26 de julio de 2022<\/p>\n<p>&nbsp;<\/p>\n<h2 id=\"m44-43-45\" class=\"article-epigraph \">Esta iniciativa busca replicar en otros territorios ind\u00edgenas de la Amazon\u00eda el paso ya dado hace 4 a\u00f1os por Sarayaku, comunidad ind\u00edgena pionera en la defensa de su territorio<\/h2>\n<p>El primer Encuentro de Saberes de los Pueblos Originarios para el &#8216;Kawsak Sacha&#8217; (Selva Viviente), que comenz\u00f3 este martes en la comunidad ind\u00edgena de Sarayaku, en la Amazon\u00eda de Ecuador, propuso declarar a los territorios de los pueblos originarios como seres vivos, conscientes y sujetos de derecho.<\/p>\n<p>Esta iniciativa busca replicar en otros territorios ind\u00edgenas de la Amazon\u00eda el paso ya dado hace 4 a\u00f1os por Sarayaku, comunidad ind\u00edgena pionera en la defensa de su territorio, que en 2018 declar\u00f3 a sus cerca de 150.000 hect\u00e1reas como &#8220;Kawsak Sacha&#8221;.La declaratoria &#8220;Kawsak Sacha&#8221; tiene como objetivo, preservar y conservar de manera sostenible los espacios territoriales, la relaci\u00f3n material y espiritual que all\u00ed establecen los pueblos originarios con la &#8220;Selva Viviente&#8221; y los otros seres que la habitan.<\/p>\n<p id=\"m150-149-151\" class=\"paragraph \">&#8220;La selva no es un recurso para ser utilizado de manera desordenada. Dentro de nuestra filosof\u00eda, cosmovisi\u00f3n y conocimientos ancestrales, hay seres protectores que regulan el equilibrio de La Tierra&#8221;, explic\u00f3 a Efe el presidente de Sarayaku,\u00a0<strong>T\u00fapac Amaru Viteri Gualinga<\/strong>.<\/p>\n<p id=\"m155-154-156\" class=\"paragraph \">&#8220;Son seres que tienen los mismos derechos que cualquier ser vivo. Por eso hemos declarado &#8216;<strong>Selva Viviente<\/strong>&#8216; a nuestro territorio&#8221;, a\u00f1adi\u00f3 el l\u00edder de esta comunidad de la etnia kichwa, habitada por unas 2.500 personas en la provincia amaz\u00f3nica de Pastaza (Ecuador).<\/p>\n<p id=\"m160-159-161\" class=\"paragraph \"><strong>PIDEN RECONOCIMIENTO OFICIAL<\/strong><\/p>\n<p id=\"m165-164-166\" class=\"paragraph \"><strong>Viteri Gualinga<\/strong>\u00a0record\u00f3 que Sarayaku a\u00fan est\u00e1 a la espera de que el Estado ecuatoriano reconozca esta declaraci\u00f3n de manera jur\u00eddica y legal &#8220;para que, dentro de nuestro territorio, los pueblos ind\u00edgenas, en base a nuestra realidad, podamos cogobernar con estos seres y espacios vivientes&#8221;.<\/p>\n<p id=\"m170-169-171\" class=\"paragraph \">&#8220;Tenemos una conexi\u00f3n intr\u00ednseca con nuestro territorio&#8221; remarc\u00f3 el presidente de\u00a0<strong>Sarayaku<\/strong>\u00a0al incidir en que esto &#8220;responde de manera pr\u00e1ctica y real a enfrentar la crisis clim\u00e1tica&#8221;.<\/p>\n<p id=\"m206-205-207\" class=\"paragraph \">&#8220;Estamos en una grave crisis clim\u00e1tica donde, si no hay una reflexi\u00f3n y un cambio profundo por parte de la tecnolog\u00eda en conservar los territorios y el bosque amaz\u00f3nico, el planeta est\u00e1 en riesgo de terminar en muy poco tiempo&#8221;, sostuvo\u00a0<strong>Viteri Gualinga<\/strong>.<\/p>\n<p id=\"m211-210-212\" class=\"paragraph \">&#8220;Sarayaku propone un cambio profundo para rescatar esa existencia y que nuestras futuras generaciones puedan tener esa garant\u00eda de seguir viviendo con una nueva visi\u00f3n, en armon\u00eda con todos los seres que habitan<strong>\u00a0La Tierra<\/strong>&#8220;, agreg\u00f3.<\/p>\n<p id=\"m216-215-217\" class=\"paragraph \"><strong>REUNIDOS DESDE EL ALBA<\/strong><\/p>\n<p id=\"m221-220-222\" class=\"paragraph \">Al Encuentro de Saberes de los Pueblos Originarios, organizado por Sarayaku con el apoyo de la organizaci\u00f3n ambientalista\u00a0<strong>Amazon Watch,<\/strong>\u00a0acudieron representantes de pueblos ind\u00edgenas de diversos puntos de la Amazon\u00eda, especialmente de Ecuador y de Colombia.<\/p>\n<p id=\"m226-225-227\" class=\"paragraph \">El c\u00f3nclave comenz\u00f3 antes del amanecer con la participaci\u00f3n de distintos delegados que compartieron iniciativas en<strong>\u00a0defensa y gobernanza<\/strong>\u00a0de los territorios de los pueblos originarios.<\/p>\n<p id=\"m231-230-232\" class=\"paragraph \">Adem\u00e1s de los anfitriones, intervinieron representantes de la organizaci\u00f3n Nacionalidad Kichwa de Pastaza (Pakkiru) con su propuesta de Territorio Kichwa de Pastaza.<\/p>\n<p id=\"m236-235-237\" class=\"paragraph \">Tambi\u00e9n hubo delegados del pueblo u&#8217;wa, de Colombia, que tienen en curso en la Corte Interamericana de Derechos Humanos (<strong>CorteIDH<\/strong>) una demanda similar a la presentada por Sarayaku que deriv\u00f3 en el hist\u00f3rico fallo de 2012, en el que se reconoci\u00f3 su derecho a la consulta previa, lo que permiti\u00f3 expulsar de su territorio a la petrolera que hab\u00eda ingresado sin su consentimiento.<\/p>\n<p id=\"m241-240-242\" class=\"paragraph \"><strong>LANZAMIENTO DE &#8220;LEY AUTON\u00d3MICA&#8221;<\/strong><\/p>\n<p id=\"m277-276-278\" class=\"paragraph \">Durante la jornada tambi\u00e9n se lanz\u00f3 por parte de Sarayaku la propuesta de una &#8220;Ley Auton\u00f3mica de la Consulta Previa y consentimiento&#8221;, para reforzar los procesos de decisi\u00f3n propios de la comunidad.<\/p>\n<p id=\"m282-281-283\" class=\"paragraph \">En ese sentido, el director de Incidencia de Amazon Watch,\u00a0<strong>Andrew Miller<\/strong>, destac\u00f3 a Efe que &#8220;lo que pasa en la Amazon\u00eda puede fomentar o frenar el cambio clim\u00e1tico&#8221;, porque &#8220;cada barril de petr\u00f3leo que se quema est\u00e1 contribuyendo al calentamiento global&#8221;.<\/p>\n<p id=\"m287-286-288\" class=\"paragraph \">&#8220;Los pueblos ind\u00edgenas son los menos culpables de este fen\u00f3meno y a la vez son de los m\u00e1s afectados. Es parte de la injusticia clim\u00e1tica&#8221;, dijo Miller al destacar que la defensa del territorio ind\u00edgena y la promoci\u00f3n de su visi\u00f3n &#8220;es parte de lo que se llama la transici\u00f3n justa&#8221;.<\/p>\n<p id=\"m292-291-293\" class=\"paragraph \">&#8220;Si queremos una transici\u00f3n justa a otras formas de energ\u00eda para el mundo, hace falta dejar que lideren las comunidades ind\u00edgenas y m\u00e1s\u00a0<strong>humildes<\/strong>, y Sarayaku tiene mucho que aportar en ese sentido&#8221;, concluy\u00f3.<\/p>\n<p>&nbsp;<\/p>\n<p>Tomado de: <a href=\"https:\/\/www.expreso.ec\/actualidad\/kawsak-sacha-propuesta-indigena-ecuador-da-derechos-naturaleza-132343.html\">https:\/\/www.expreso.ec\/actualidad\/kawsak-sacha-propuesta-indigena-ecuador-da-derechos-naturaleza-132343.html<\/a><\/p>\n","protected":false},"excerpt":{"rendered":"<p>El primer Encuentro de Saberes de los Pueblos Originarios para el &#8216;Kawsak Sacha&#8217; (Selva Viviente), que comenz\u00f3 este martes en la comunidad ind\u00edgena de Sarayaku, en la Amazon\u00eda de Ecuador, propuso declarar a los territorios de los pueblos originarios como seres vivos, conscientes y sujetos de derecho.<\/p>\n<p>Esta iniciativa busca replicar en otros territorios ind\u00edgenas de la Amazon\u00eda el paso ya dado hace 4 a\u00f1os por Sarayaku, comunidad ind\u00edgena pionera en la defensa de su territorio, que en 2018 declar\u00f3 a sus cerca de 150.000 hect\u00e1reas como &#8220;Kawsak Sacha&#8221;.La declaratoria &#8220;Kawsak Sacha&#8221; tiene como objetivo, preservar y conservar de manera sostenible los espacios territoriales, la relaci\u00f3n material y espiritual que all\u00ed establecen los pueblos originarios con la &#8220;Selva Viviente&#8221; y los otros seres que la habitan.<\/p>\n","protected":false},"author":327,"featured_media":34412,"comment_status":"open","ping_status":"open","sticky":false,"template":"","format":"standard","meta":{"_acf_changed":false,"footnotes":""},"categories":[3],"tags":[],"class_list":["post-34409","post","type-post","status-publish","format-standard","has-post-thumbnail","hentry","category-radar","category-3","description-off"],"acf":[],"_links":{"self":[{"href":"https:\/\/www.raisg.org\/en\/wp-json\/wp\/v2\/posts\/34409","targetHints":{"allow":["GET"]}}],"collection":[{"href":"https:\/\/www.raisg.org\/en\/wp-json\/wp\/v2\/posts"}],"about":[{"href":"https:\/\/www.raisg.org\/en\/wp-json\/wp\/v2\/types\/post"}],"author":[{"embeddable":true,"href":"https:\/\/www.raisg.org\/en\/wp-json\/wp\/v2\/users\/327"}],"replies":[{"embeddable":true,"href":"https:\/\/www.raisg.org\/en\/wp-json\/wp\/v2\/comments?post=34409"}],"version-history":[{"count":1,"href":"https:\/\/www.raisg.org\/en\/wp-json\/wp\/v2\/posts\/34409\/revisions"}],"predecessor-version":[{"id":34415,"href":"https:\/\/www.raisg.org\/en\/wp-json\/wp\/v2\/posts\/34409\/revisions\/34415"}],"wp:featuredmedia":[{"embeddable":true,"href":"https:\/\/www.raisg.org\/en\/wp-json\/wp\/v2\/media\/34412"}],"wp:attachment":[{"href":"https:\/\/www.raisg.org\/en\/wp-json\/wp\/v2\/media?parent=34409"}],"wp:term":[{"taxonomy":"category","embeddable":true,"href":"https:\/\/www.raisg.org\/en\/wp-json\/wp\/v2\/categories?post=34409"},{"taxonomy":"post_tag","embeddable":true,"href":"https:\/\/www.raisg.org\/en\/wp-json\/wp\/v2\/tags?post=34409"}],"curies":[{"name":"wp","href":"https:\/\/api.w.org\/{rel}","templated":true}]}}