{"id":34793,"date":"2022-08-23T12:36:08","date_gmt":"2022-08-23T15:36:08","guid":{"rendered":"https:\/\/www.raisg.org\/?p=34793"},"modified":"2022-08-23T13:15:23","modified_gmt":"2022-08-23T16:15:23","slug":"amazonia-ecuatoriana-pierde-379-000-hectareas-de-bosque-en-casi-cuatro-decadas-para-hacer-uso-de-este-contenido-cite-la-fuente-y-haga-un-enlace-a-la-nota-original-en-primicias-ec-https-www-primici","status":"publish","type":"post","link":"https:\/\/www.raisg.org\/en\/radar\/amazonia-ecuatoriana-pierde-379-000-hectareas-de-bosque-en-casi-cuatro-decadas-para-hacer-uso-de-este-contenido-cite-la-fuente-y-haga-un-enlace-a-la-nota-original-en-primicias-ec-https-www-primici\/","title":{"rendered":"Amazon\u00eda ecuatoriana pierde 379.000 hect\u00e1reas de bosque en casi cuatro d\u00e9cadas"},"content":{"rendered":"<p style=\"text-align: right;\">Primicias<\/p>\n<p style=\"text-align: right;\">4 de julio de 2022<\/p>\n<p>&nbsp;<\/p>\n<p>Entre 1985 y 2020, la cuenca amaz\u00f3nica perdi\u00f3 miles de hect\u00e1reas de bosque equivalentes al tama\u00f1o de la provincia de Bol\u00edvar. La Amazon\u00eda es milenaria, tiene \u00e1rboles gigantes como el Angelim rojo, y otros sumergidos en el agua del r\u00edo Cuyabeno. Tambi\u00e9n es hogar de nutrias, delfines, y otros mam\u00edferos imponentes como el puma y la pantera.\u00a0 Expertos la apodan el pulm\u00f3n de la Tierra, aunque debido a la deforestaci\u00f3n y otras vicisitudes clim\u00e1ticas, este ecosistema ha perdido su capacidad para absorber CO2.<\/p>\n<p>El a\u00f1o pasado se comprob\u00f3 que los incendios forestales en Brasil produjeron 1.600 millones de toneladas de CO2, y los \u00e1rboles sanos apenas si pudieron absorber 500 millones de toneladas.<\/p>\n<p>La cuenca amaz\u00f3nica de Ecuador representa el 1,6% de la Amazon\u00eda, y al igual que sus hermanos mayores brasile\u00f1os, sus bosques est\u00e1n en peligro.\u00a0 Un nuevo informe de Mapbiomas Amazon\u00eda revela que entre 1985 y 2020, el pa\u00eds perdi\u00f3 379.000 hect\u00e1reas de bosque amaz\u00f3nicos en 36 a\u00f1os.<\/p>\n<h3>Hect\u00e1reas verdes ahora son grises<\/h3>\n<p>\u201cEste documento proporciona informaci\u00f3n actualizada para quienes buscan entender los cambios de la Amazon\u00eda\u201d, dice Mar\u00eda Olga Borja, analista de sensores remotos de EcoCiencia, fundaci\u00f3n que colabor\u00f3 con el informe en el pa\u00eds.<\/p>\n<p>Seg\u00fan Borja, el reporte toma en cuenta otras coberturas vegetales no menos importantes que los bosques, como los p\u00e1ramos. En la Amazon\u00eda, en el periodo de 1985 a 2020, hubo una p\u00e9rdida neta de vegetaci\u00f3n natural del 4%.<\/p>\n<p>\u201cNuestro \u00e1nimo es reportar las p\u00e9rdidas de otros ecosistemas que se encuentran presionadas por actividades humanas\u201d, agrega la experta.<\/p>\n<p>Precisamente, los cambios acelerados en la Amazon\u00eda se deben principalmente a tareas humanas como el uso agropecuario.<\/p>\n<p>En casi cuatro d\u00e9cadas, 130.000 hect\u00e1reas de bosque se convirtieron en tierras de cultivo o para el ganado, con un aumento de 38,5%.<\/p>\n<p>Y al momento, el 14% del suelo de la Amazon\u00eda en el pa\u00eds se destina a labores agropecuarias.<\/p>\n<p>En segundo lugar, est\u00e1n las construcciones de viviendas e infraestructura para la producci\u00f3n petrolera, vial e hidroel\u00e9ctrica.<\/p>\n<p>Luego surgen actividades m\u00e1s recientes, como la miner\u00eda, que multiplic\u00f3 24 veces su empleo de suelo desde 2000 a 2020.<\/p>\n<h3>Provincias con mayor impacto<\/h3>\n<p>Otro hallazgo del informe es que la cuenca amaz\u00f3nica de Ecuador perdi\u00f3 el 56% de sus glaciares desde 1985. Pocos conocen que seis glaciares nacen en la Amazon\u00eda ecuatoriana: Cayambe, Antisana, Chimborazo, Cotopaxi, Carihuairazo y El Altar.<\/p>\n<p>Y debido al cambio clim\u00e1tico, se han extinguido 7.956 hect\u00e1reas de manto blanco en la Amazon\u00eda, en 36 a\u00f1os.<\/p>\n<p>Por otra parte, el reporte revela que la provincia con mayor p\u00e9rdida de bosques es Sucumb\u00edos, con 184.000 hect\u00e1reas.<\/p>\n<p>La situaci\u00f3n en esta provincia del norte de la Amazon\u00eda es preocupante, sostienen los autores del informe, puesto que el uso agropecuario aument\u00f3 en 190 hect\u00e1reas desde 1985.<\/p>\n<p>Mientras que en Orellana, m\u00e1s de 5.300 hect\u00e1reas de bosque han sido reemplazadas por diversas infraestructuras.<\/p>\n<p>Y en Zamora Chinchipe, los datos muestran que los cambios del suelo se producen por la miner\u00eda, actividad que ha aumentado en la provincia en la \u00faltima d\u00e9cada.<\/p>\n<p>Borja aclara que grandes extensiones de bosque se deforestan en la Amazon\u00eda ecuatoriana cada a\u00f1o, pero gran parte se regenera, aunque no siempre con un bosque de \u2018calidad\u2019.<\/p>\n<p>Por ello, el informe habla de deforestaci\u00f3n neta, que est\u00e1 lejos de la extensi\u00f3n real de lo que se pierde en un bosque.<\/p>\n<p>Tomado de <a href=\"https:\/\/www.primicias.ec\/noticias\/tecnologia\/amazonia-ecuatoriana-pierde-bosque-decadas\/\">Amazon\u00eda ecuatoriana pierde 379.000 hect\u00e1reas de bosque en casi cuatro d\u00e9cadas (primicias.ec)<\/a><\/p>\n","protected":false},"excerpt":{"rendered":"<p>Primicias 4 de julio de 2022 &nbsp; Entre 1985 y 2020, la cuenca amaz\u00f3nica perdi\u00f3 miles de hect\u00e1reas de bosque equivalentes al tama\u00f1o de la provincia de Bol\u00edvar. La Amazon\u00eda es milenaria, tiene \u00e1rboles gigantes como el Angelim rojo, y otros sumergidos en el agua del r\u00edo Cuyabeno. Tambi\u00e9n es hogar de nutrias, delfines, y&hellip;<\/p>\n","protected":false},"author":324,"featured_media":34794,"comment_status":"open","ping_status":"open","sticky":false,"template":"","format":"standard","meta":{"_acf_changed":false,"footnotes":""},"categories":[2],"tags":[],"class_list":["post-34793","post","type-post","status-publish","format-standard","has-post-thumbnail","hentry","category-radar","category-2","description-off"],"acf":[],"_links":{"self":[{"href":"https:\/\/www.raisg.org\/en\/wp-json\/wp\/v2\/posts\/34793","targetHints":{"allow":["GET"]}}],"collection":[{"href":"https:\/\/www.raisg.org\/en\/wp-json\/wp\/v2\/posts"}],"about":[{"href":"https:\/\/www.raisg.org\/en\/wp-json\/wp\/v2\/types\/post"}],"author":[{"embeddable":true,"href":"https:\/\/www.raisg.org\/en\/wp-json\/wp\/v2\/users\/324"}],"replies":[{"embeddable":true,"href":"https:\/\/www.raisg.org\/en\/wp-json\/wp\/v2\/comments?post=34793"}],"version-history":[{"count":2,"href":"https:\/\/www.raisg.org\/en\/wp-json\/wp\/v2\/posts\/34793\/revisions"}],"predecessor-version":[{"id":34816,"href":"https:\/\/www.raisg.org\/en\/wp-json\/wp\/v2\/posts\/34793\/revisions\/34816"}],"wp:featuredmedia":[{"embeddable":true,"href":"https:\/\/www.raisg.org\/en\/wp-json\/wp\/v2\/media\/34794"}],"wp:attachment":[{"href":"https:\/\/www.raisg.org\/en\/wp-json\/wp\/v2\/media?parent=34793"}],"wp:term":[{"taxonomy":"category","embeddable":true,"href":"https:\/\/www.raisg.org\/en\/wp-json\/wp\/v2\/categories?post=34793"},{"taxonomy":"post_tag","embeddable":true,"href":"https:\/\/www.raisg.org\/en\/wp-json\/wp\/v2\/tags?post=34793"}],"curies":[{"name":"wp","href":"https:\/\/api.w.org\/{rel}","templated":true}]}}