{"id":3661,"date":"2015-06-03T19:42:52","date_gmt":"2015-06-03T22:42:52","guid":{"rendered":"https:\/\/www.amazoniasocioambiental.org\/radar\/la-protesta-de-los-pemones-en-canaima-se-ha-extendido-por-tres-dias\/"},"modified":"2018-01-26T17:22:46","modified_gmt":"2018-01-26T19:22:46","slug":"la-protesta-de-los-pemones-en-canaima-se-ha-extendido-por-tres-dias","status":"publish","type":"post","link":"https:\/\/www.raisg.org\/en\/radar\/la-protesta-de-los-pemones-en-canaima-se-ha-extendido-por-tres-dias\/","title":{"rendered":"La protesta de los Pemones en Canaima se ha extendido por tres d\u00edas"},"content":{"rendered":"<div class=\"wpb-content-wrapper\"><p>[vc_row][vc_column][vc_column_text]La protesta se ha extendido por tres d\u00edas, y los Pemones exigen que el ministro de la Defensa, Vladimir Padrino L\u00f3pez, se presente al sector para sostener un enecuentro para discutir la erradicaci\u00f3n de la miner\u00eda ilegal.<\/p>\n<p>&nbsp;<\/p>\n<p><a href=\"http:\/\/goo.gl\/rTVKj0\" target=\"_blank\">Lee la noticia completa en este link.<\/a>[\/vc_column_text][\/vc_column][\/vc_row]<\/p>\n<\/div>","protected":false},"excerpt":{"rendered":"<p>[vc_row][vc_column][vc_column_text]La protesta se ha extendido por tres d\u00edas, y los Pemones exigen que el ministro de la Defensa, Vladimir Padrino L\u00f3pez, se presente al sector para sostener un enecuentro para discutir la erradicaci\u00f3n de la miner\u00eda ilegal. &nbsp; Lee la noticia completa en este link.[\/vc_column_text][\/vc_column][\/vc_row]<\/p>\n","protected":false},"author":11,"featured_media":0,"comment_status":"open","ping_status":"open","sticky":false,"template":"","format":"standard","meta":{"_acf_changed":false,"footnotes":""},"categories":[3],"tags":[],"class_list":["post-3661","post","type-post","status-publish","format-standard","hentry","category-radar","category-3","description-off"],"acf":[],"_links":{"self":[{"href":"https:\/\/www.raisg.org\/en\/wp-json\/wp\/v2\/posts\/3661","targetHints":{"allow":["GET"]}}],"collection":[{"href":"https:\/\/www.raisg.org\/en\/wp-json\/wp\/v2\/posts"}],"about":[{"href":"https:\/\/www.raisg.org\/en\/wp-json\/wp\/v2\/types\/post"}],"author":[{"embeddable":true,"href":"https:\/\/www.raisg.org\/en\/wp-json\/wp\/v2\/users\/11"}],"replies":[{"embeddable":true,"href":"https:\/\/www.raisg.org\/en\/wp-json\/wp\/v2\/comments?post=3661"}],"version-history":[{"count":0,"href":"https:\/\/www.raisg.org\/en\/wp-json\/wp\/v2\/posts\/3661\/revisions"}],"wp:attachment":[{"href":"https:\/\/www.raisg.org\/en\/wp-json\/wp\/v2\/media?parent=3661"}],"wp:term":[{"taxonomy":"category","embeddable":true,"href":"https:\/\/www.raisg.org\/en\/wp-json\/wp\/v2\/categories?post=3661"},{"taxonomy":"post_tag","embeddable":true,"href":"https:\/\/www.raisg.org\/en\/wp-json\/wp\/v2\/tags?post=3661"}],"curies":[{"name":"wp","href":"https:\/\/api.w.org\/{rel}","templated":true}]}}