{"id":3688,"date":"2015-02-18T00:14:27","date_gmt":"2015-02-18T02:14:27","guid":{"rendered":"https:\/\/www.amazoniasocioambiental.org\/radar\/colombia-propone-un-corredor-ecologico-con-brasil-y-venezuela\/"},"modified":"2018-01-26T17:22:52","modified_gmt":"2018-01-26T19:22:52","slug":"colombia-propone-un-corredor-ecologico-con-brasil-y-venezuela","status":"publish","type":"post","link":"https:\/\/www.raisg.org\/en\/radar\/colombia-propone-un-corredor-ecologico-con-brasil-y-venezuela\/","title":{"rendered":"Colombia propone un corredor ecol\u00f3gico con Brasil y Venezuela"},"content":{"rendered":"<div class=\"wpb-content-wrapper\"><p>[vc_row][vc_column][vc_single_image image=&#8221;496&#8243;][\/vc_column][\/vc_row][vc_row][vc_column][vc_column_text]El presidente del gobierno colombiano anunci\u00f3 que estructurar\u00e1n un proyecto para crear con Brasil y Venezuela el corredor ecol\u00f3gico m\u00e1s grande del mundo, con el fin de mitigar los efectos del cambio clim\u00e1tico y preservar la biodiversidad.<\/p>\n<p>&nbsp;<\/p>\n<p><a href=\"http:\/\/diariodecaracas.com\/politica\/colombia-propone-el-mayor-corredor-ecologico-del-mundo-brasil-venezuela\">Lee <\/a>en integra.[\/vc_column_text][\/vc_column][\/vc_row]<\/p>\n<\/div>","protected":false},"excerpt":{"rendered":"<p>[vc_row][vc_column][vc_single_image image=&#8221;496&#8243;][\/vc_column][\/vc_row][vc_row][vc_column][vc_column_text]El presidente del gobierno colombiano anunci\u00f3 que estructurar\u00e1n un proyecto para crear con Brasil y Venezuela el corredor ecol\u00f3gico m\u00e1s grande del mundo, con el fin de mitigar los efectos del cambio clim\u00e1tico y preservar la biodiversidad. &nbsp; Lee en integra.[\/vc_column_text][\/vc_column][\/vc_row]<\/p>\n","protected":false},"author":11,"featured_media":0,"comment_status":"open","ping_status":"open","sticky":false,"template":"","format":"standard","meta":{"_acf_changed":false,"footnotes":""},"categories":[3],"tags":[],"class_list":["post-3688","post","type-post","status-publish","format-standard","hentry","category-radar","category-3","description-off"],"acf":[],"_links":{"self":[{"href":"https:\/\/www.raisg.org\/en\/wp-json\/wp\/v2\/posts\/3688","targetHints":{"allow":["GET"]}}],"collection":[{"href":"https:\/\/www.raisg.org\/en\/wp-json\/wp\/v2\/posts"}],"about":[{"href":"https:\/\/www.raisg.org\/en\/wp-json\/wp\/v2\/types\/post"}],"author":[{"embeddable":true,"href":"https:\/\/www.raisg.org\/en\/wp-json\/wp\/v2\/users\/11"}],"replies":[{"embeddable":true,"href":"https:\/\/www.raisg.org\/en\/wp-json\/wp\/v2\/comments?post=3688"}],"version-history":[{"count":0,"href":"https:\/\/www.raisg.org\/en\/wp-json\/wp\/v2\/posts\/3688\/revisions"}],"wp:attachment":[{"href":"https:\/\/www.raisg.org\/en\/wp-json\/wp\/v2\/media?parent=3688"}],"wp:term":[{"taxonomy":"category","embeddable":true,"href":"https:\/\/www.raisg.org\/en\/wp-json\/wp\/v2\/categories?post=3688"},{"taxonomy":"post_tag","embeddable":true,"href":"https:\/\/www.raisg.org\/en\/wp-json\/wp\/v2\/tags?post=3688"}],"curies":[{"name":"wp","href":"https:\/\/api.w.org\/{rel}","templated":true}]}}