{"id":36920,"date":"2023-01-15T12:23:08","date_gmt":"2023-01-15T15:23:08","guid":{"rendered":"https:\/\/www.raisg.org\/radar\/cuales-son-los-desafios-ambientales-de-latinoamerica-para-2023\/"},"modified":"2023-01-15T12:23:08","modified_gmt":"2023-01-15T15:23:08","slug":"cuales-son-los-desafios-ambientales-de-latinoamerica-para-2023","status":"publish","type":"post","link":"https:\/\/www.raisg.org\/en\/radar\/cuales-son-los-desafios-ambientales-de-latinoamerica-para-2023\/","title":{"rendered":"\u00bfCu\u00e1les son los desaf\u00edos ambientales de Latinoam\u00e9rica para 2023?"},"content":{"rendered":"<p><a href=\"https:\/\/es.mongabay.com\/by\/mongabay-latam\/\" rel=\"tag\" data-wpel-link=\"internal\">Mongabay Latam<\/a><br \/>\n15 enero 2023<\/p>\n<p>&nbsp;<\/p>\n<p>Este a\u00f1o, el equipo period\u00edstico de Mongabay Latam prepar\u00f3 un informe especial sobre los\u00a0<strong>#Desaf\u00edosAmbientales<\/strong>\u00a0que deber\u00e1 enfrentar Latinoam\u00e9rica en 2023. Conversamos con cient\u00edficos, activistas, l\u00edderes ind\u00edgenas, funcionarios, miembros de ONG y comunidades locales y coinciden en que\u00a0<strong>frenar la deforestaci\u00f3n, las agresiones en contra de los defensores de la naturaleza,<\/strong>\u00a0las miner\u00eda ilegal, el cambio clim\u00e1tico, proteger las \u00e1reas naturales y evitar la extinci\u00f3n de las especies son algunos de los retos m\u00e1s importantes que se deben resolver.<\/p>\n<p>En este reportaje encontrar\u00e1s los desaf\u00edos de\u00a0<strong>Colombia, Per\u00fa, M\u00e9xico, Bolivia, Ecuador, Chile, Argentina y Venezuela.<\/strong><\/p>\n<h3><a href=\"https:\/\/es.mongabay.com\/2023\/01\/desafios-ambientales-de-colombia-en-2023-garantizar-la-seguridad-de-los-lideres-ambientales\/\" data-wpel-link=\"internal\"><b>Desaf\u00edos ambientales de Colombia en el 2023: garantizar la seguridad de los l\u00edderes ambientales y detener la deforestaci\u00f3n<\/b><\/a><\/h3>\n<figure id=\"attachment_236629\" class=\"wp-caption alignnone\"><img fetchpriority=\"high\" decoding=\"async\" class=\"size-medium wp-image-236629\" src=\"https:\/\/imgs.mongabay.com\/wp-content\/uploads\/sites\/25\/2022\/09\/06204808\/Caima%CC%81n-negro-3-Foto-Jack-Herna%CC%81ndez-768x512.jpg\" sizes=\"(max-width: 768px) 100vw, 768px\" srcset=\"https:\/\/imgs.mongabay.com\/wp-content\/uploads\/sites\/25\/2022\/09\/06204808\/Caima%CC%81n-negro-3-Foto-Jack-Herna%CC%81ndez-768x512.jpg 768w, https:\/\/imgs.mongabay.com\/wp-content\/uploads\/sites\/25\/2022\/09\/06204808\/Caima%CC%81n-negro-3-Foto-Jack-Herna%CC%81ndez-1200x800.jpg 1200w\" alt=\"\" width=\"768\" height=\"512\" \/><figcaption class=\"wp-caption-text\">Caima\u0301n negro (Melanosuchus niger). Foto: Jack Herna\u0301ndez<\/figcaption><\/figure>\n<p>\u00bfCu\u00e1les son los #Desaf\u00edosAmbientales de Colombia para 2023? Hablamos con expertos sobre los retos que enfrenta el pa\u00eds y coinciden en que la lucha contra la deforestaci\u00f3n y la<strong>\u00a0protecci\u00f3n de los l\u00edderes ambientales,<\/strong>\u00a0sociales e ind\u00edgenas son algunos de los principales retos. Hicimos una lista de los principales desaf\u00edos, dinos en los comentarios si nos falt\u00f3 alguno.\u00a0<a href=\"https:\/\/es.mongabay.com\/2023\/01\/desafios-ambientales-de-colombia-en-2023-garantizar-la-seguridad-de-los-lideres-ambientales\/\" data-wpel-link=\"internal\">Lee m\u00e1s aqu\u00ed\u00a0<\/a><\/p>\n<h3><a href=\"https:\/\/es.mongabay.com\/2023\/01\/desafios-ambientales-de-peru-en-2023-leyes-ambientales-en-peligro\/\" data-wpel-link=\"internal\"><b>Los desaf\u00edos ambientales de Per\u00fa en el 2023: nuevos gobernadores regionales, leyes ambientales en peligro y la deforestaci\u00f3n imparable de la Amazon\u00eda<\/b><\/a><\/h3>\n<figure id=\"attachment_238037\" class=\"wp-caption alignnone\"><img decoding=\"async\" class=\"size-medium wp-image-238037\" src=\"https:\/\/imgs.mongabay.com\/wp-content\/uploads\/sites\/25\/2022\/10\/21162144\/DJI_0105-768x512.jpg\" sizes=\"(max-width: 768px) 100vw, 768px\" srcset=\"https:\/\/imgs.mongabay.com\/wp-content\/uploads\/sites\/25\/2022\/10\/21162144\/DJI_0105-768x511.jpg 768w, https:\/\/imgs.mongabay.com\/wp-content\/uploads\/sites\/25\/2022\/10\/21162144\/DJI_0105-1200x800.jpg 1200w, https:\/\/imgs.mongabay.com\/wp-content\/uploads\/sites\/25\/2022\/10\/21162144\/DJI_0105-1536x1023.jpg 1536w, https:\/\/imgs.mongabay.com\/wp-content\/uploads\/sites\/25\/2022\/10\/21162144\/DJI_0105-610x406.jpg 610w, https:\/\/imgs.mongabay.com\/wp-content\/uploads\/sites\/25\/2022\/10\/21162144\/DJI_0105.jpg 2000w\" alt=\"\" width=\"768\" height=\"512\" \/><figcaption class=\"wp-caption-text\">Vista a\u00e9rea de la comunidad de Tres Esquinas, a orillas del r\u00edo Putumayo. Foto: Diego P\u00e9rez \/ SPDA<\/figcaption><\/figure>\n<p>Per\u00fa inicia el 2023 en medio de una\u00a0<strong>crisis pol\u00edtica y social que ha dejado m\u00e1s de 40 personas fallecidas.<\/strong>\u00a0En medio de este panorama nuevas autoridades en los gobiernos regionales asumieron sus cargos el 1 de enero. Expertos se\u00f1alan que uno de los #Desaf\u00edosAmbientales que enfrenta el pa\u00eds es que los gobernadores regionales integren efectivamente las cuestiones ambientales y clim\u00e1ticas dentro de sus planes de inversi\u00f3n. \u00bfQu\u00e9 otros retos en materia ambiental enfrenta el pa\u00eds?\u00a0<a href=\"https:\/\/es.mongabay.com\/2023\/01\/desafios-ambientales-de-peru-en-2023-leyes-ambientales-en-peligro\/\" data-wpel-link=\"internal\">Lee m\u00e1s aqu\u00ed<\/a><\/p>\n<h3><a href=\"https:\/\/es.mongabay.com\/2023\/01\/desafios-ambientales-de-mexico-en-2023-frenar-violencia-contra-defensores\/\" data-wpel-link=\"internal\"><b>Desaf\u00edos ambientales de M\u00e9xico en 2023: frenar violencia contra defensores, evitar extinci\u00f3n de especies y hacer de la conservaci\u00f3n de la naturaleza una prioridad<\/b><\/a><\/h3>\n<figure id=\"attachment_237763\" class=\"wp-caption alignnone\"><img decoding=\"async\" class=\"size-medium wp-image-237763\" src=\"https:\/\/imgs.mongabay.com\/wp-content\/uploads\/sites\/25\/2022\/10\/14173111\/DJI_SALAMANCA-2_-768x512.jpg\" sizes=\"(max-width: 768px) 100vw, 768px\" srcset=\"https:\/\/imgs.mongabay.com\/wp-content\/uploads\/sites\/25\/2022\/10\/14173111\/DJI_SALAMANCA-2_-768x512.jpg 768w, https:\/\/imgs.mongabay.com\/wp-content\/uploads\/sites\/25\/2022\/10\/14173111\/DJI_SALAMANCA-2_-1200x800.jpg 1200w\" alt=\"\" width=\"768\" height=\"512\" \/><figcaption class=\"wp-caption-text\">Campos agr\u00edcolas de los menonitas en el ejido Salamanca. Foto: Robin Canul.<\/figcaption><\/figure>\n<p>M\u00e9xico llega al 2023 como una de las naciones con el mayor n\u00famero de personas\u00a0<strong>defensoras de ambiente y territorio asesinadas<\/strong>\u00a0en la \u00faltima d\u00e9cada. Hablamos con expertos y se\u00f1alan que uno de los grandes retos del pa\u00eds en materia ambiental es contar con mecanismos efectivos para prevenir la violencia contra los defensores y terminar con la impunidad alrededor de estas agresiones. Preparamos un informe especial sobre los desaf\u00edos que enfrenta el pa\u00eds este a\u00f1o. Escribe en los comentarios cu\u00e1l consideras que es el m\u00e1s urgente por resolver.\u00a0<a href=\"https:\/\/es.mongabay.com\/2023\/01\/desafios-ambientales-de-mexico-en-2023-frenar-violencia-contra-defensores\/\" data-wpel-link=\"internal\">Lee m\u00e1s aqu\u00ed\u00a0<\/a><\/p>\n<h3><a href=\"https:\/\/es.mongabay.com\/2023\/01\/desafios-ambientales-de-bolivia-en-2023-invasiones-y-deforestacion\/\" data-wpel-link=\"internal\"><b>Los desaf\u00edos ambientales de Bolivia en 2023: invasiones y deforestaci\u00f3n, r\u00edos contaminados, sequ\u00edas y gesti\u00f3n de \u00e1reas protegidas<\/b><\/a><\/h3>\n<figure id=\"attachment_239518\" class=\"wp-caption alignnone\"><img loading=\"lazy\" decoding=\"async\" class=\"size-medium wp-image-239518\" src=\"https:\/\/imgs.mongabay.com\/wp-content\/uploads\/sites\/25\/2023\/01\/10163507\/FOTO-8-768x512.jpg\" sizes=\"(max-width: 768px) 100vw, 768px\" srcset=\"https:\/\/imgs.mongabay.com\/wp-content\/uploads\/sites\/25\/2023\/01\/10163507\/FOTO-8-768x512.jpg 768w, https:\/\/imgs.mongabay.com\/wp-content\/uploads\/sites\/25\/2023\/01\/10163507\/FOTO-8-1200x800.jpg 1200w, https:\/\/imgs.mongabay.com\/wp-content\/uploads\/sites\/25\/2023\/01\/10163507\/FOTO-8-1536x1024.jpg 1536w, https:\/\/imgs.mongabay.com\/wp-content\/uploads\/sites\/25\/2023\/01\/10163507\/FOTO-8-610x407.jpg 610w, https:\/\/imgs.mongabay.com\/wp-content\/uploads\/sites\/25\/2023\/01\/10163507\/FOTO-8.jpg 1620w\" alt=\"\" width=\"768\" height=\"512\" \/><figcaption class=\"wp-caption-text\">Los incendios no paran a finales de cada a\u00f1o. El Gobierno se refuerza con la adquisici\u00f3n de helic\u00f3pteros cisternas para contener el fuego. Foto: Ministerio de Defensa de Bolivia.<\/figcaption><\/figure>\n<p>\u00bfCu\u00e1les son los #Desaf\u00edosAmbientales de Bolivia para 2023? Detener la deforestaci\u00f3n sigue siendo el mayor reto ambiental del pa\u00eds. En 2021 y 2022, la<strong>\u00a0p\u00e9rdida de bosque por a\u00f1o estuvo por encima de las 250 mil hect\u00e1reas.<\/strong>\u00a0Las causas principales son el avance de la frontera agr\u00edcola y la ganader\u00eda. A ello se suma ahora la urgencia de detener las invasiones o avasallamientos en \u00e1reas protegidas nacionales, regionales y privadas, lo que para algunos expertos es una meta muy dif\u00edcil de cumplir.\u00a0<a href=\"https:\/\/es.mongabay.com\/2023\/01\/desafios-ambientales-de-bolivia-en-2023-invasiones-y-deforestacion\/\" data-wpel-link=\"internal\">Lee m\u00e1s aqu\u00ed<\/a><\/p>\n<h3><a href=\"https:\/\/es.mongabay.com\/2023\/01\/desafios-ambientales-de-ecuador-en-el-2023-frenar-la-mineria-ilegal\/\" data-wpel-link=\"internal\"><b>Desaf\u00edos ambientales de Ecuador en el 2023: frenar la miner\u00eda ilegal y m\u00e1s garant\u00edas para los defensores ambientales<\/b><\/a><\/h3>\n<figure id=\"attachment_238313\" class=\"wp-caption alignnone\"><img loading=\"lazy\" decoding=\"async\" class=\"size-full wp-image-238313\" src=\"https:\/\/imgs.mongabay.com\/wp-content\/uploads\/sites\/25\/2022\/11\/03232001\/Ecuador_Deforestacio%CC%81n_20.jpg\" sizes=\"(max-width: 9360px) 100vw, 9360px\" srcset=\"https:\/\/imgs.mongabay.com\/wp-content\/uploads\/sites\/25\/2022\/11\/03232001\/Ecuador_Deforestacio%CC%81n_20.jpg 9360w, https:\/\/imgs.mongabay.com\/wp-content\/uploads\/sites\/25\/2022\/11\/03232001\/Ecuador_Deforestacio%CC%81n_20-768x512.jpg 768w, https:\/\/imgs.mongabay.com\/wp-content\/uploads\/sites\/25\/2022\/11\/03232001\/Ecuador_Deforestacio%CC%81n_20-610x407.jpg 610w\" alt=\"\" width=\"9360\" height=\"6240\" \/><figcaption class=\"wp-caption-text\">Retroexcavadoras se abren paso en medio de bosque primario, en territorio Waorani, y aplanan el suelo en lo que ser\u00e1 la v\u00eda a To\u00f1ampare. Foto: Armando Prado.<\/figcaption><\/figure>\n<p>En este 2023, la deforestaci\u00f3n, la\u00a0<strong>miner\u00eda ilegal<\/strong>\u00a0y la persecuci\u00f3n judicial en contra de defensores de la naturaleza son algunos de los desaf\u00edos en materia ambiental m\u00e1s urgentes que el gobierno ecuatoriano debe resolver. Mongabay Latam, en alianza con La Barra Espaciadora, consultaron a expertos sobre los retos ambientales que enfrenta Ecuador y este es su an\u00e1lisis.\u00a0<a href=\"https:\/\/es.mongabay.com\/2023\/01\/desafios-ambientales-de-ecuador-en-el-2023-frenar-la-mineria-ilegal\/\" data-wpel-link=\"internal\">Lee m\u00e1s aqu\u00ed\u00a0<\/a><\/p>\n<h3><a href=\"https:\/\/es.mongabay.com\/2023\/01\/desafios-ambientales-de-chile-en-2023-avanzar-hacia-la-descarbonizacion\/\" data-wpel-link=\"internal\"><b>Los desaf\u00edos ambientales de Chile en 2023: reformar el servicio de evaluaci\u00f3n de impacto ambiental, avanzar hacia la descarbonizaci\u00f3n y frenar la deforestaci\u00f3n\u00a0<\/b><\/a><\/h3>\n<figure id=\"attachment_228139\" class=\"wp-caption alignnone\"><img loading=\"lazy\" decoding=\"async\" class=\"size-medium wp-image-228139\" src=\"https:\/\/imgs.mongabay.com\/wp-content\/uploads\/sites\/25\/2021\/09\/07112629\/Li%CC%81mite-norte-de-distribucio%CC%81n-de-arbustos-y-cactus-en-el-desierto-de-Atacama-Parque-Pan-de-Azu%CC%81car-Chile.-Ma%CC%81s-al-norte-reina-el-desierto-absoluto-Ramiro-Lopez-Bolivia-7-768x512.jpg\" sizes=\"(max-width: 768px) 100vw, 768px\" srcset=\"https:\/\/imgs.mongabay.com\/wp-content\/uploads\/sites\/25\/2021\/09\/07112629\/Li%CC%81mite-norte-de-distribucio%CC%81n-de-arbustos-y-cactus-en-el-desierto-de-Atacama-Parque-Pan-de-Azu%CC%81car-Chile.-Ma%CC%81s-al-norte-reina-el-desierto-absoluto-Ramiro-Lopez-Bolivia-7-768x512.jpg 768w, https:\/\/imgs.mongabay.com\/wp-content\/uploads\/sites\/25\/2021\/09\/07112629\/Li%CC%81mite-norte-de-distribucio%CC%81n-de-arbustos-y-cactus-en-el-desierto-de-Atacama-Parque-Pan-de-Azu%CC%81car-Chile.-Ma%CC%81s-al-norte-reina-el-desierto-absoluto-Ramiro-Lopez-Bolivia-7-1200x800.jpg 1200w\" alt=\"\" width=\"768\" height=\"512\" \/><figcaption class=\"wp-caption-text\">Li\u0301mite norte de distribucio\u0301n de arbustos y cactus en el desierto de Atacama Parque Pan de Azu\u0301car, Chile. Ma\u0301s al norte reina el desierto absoluto. Foto: Ramiro L\u00f3pez.<\/figcaption><\/figure>\n<p>Este 2023,\u00a0<strong>Chile volver\u00e1 a redactar una nueva constituci\u00f3n.<\/strong>\u00a0Diversos especialistas conf\u00edan en que los temas de medio ambiente seguir\u00e1n estando presentes en la discusi\u00f3n. Tambi\u00e9n ser\u00e1n retos importantes reformar el servicio de evaluaci\u00f3n de impacto ambiental, avanzar hacia la descarbonizaci\u00f3n y frenar la deforestaci\u00f3n. Preparamos un informe especial sobre los temas m\u00e1s urgentes que el estado deber\u00e1 resolver.\u00a0<a href=\"https:\/\/es.mongabay.com\/2023\/01\/desafios-ambientales-de-chile-en-2023-avanzar-hacia-la-descarbonizacion\/\" data-wpel-link=\"internal\">Lee m\u00e1s aqu\u00ed\u00a0<\/a><\/p>\n<h3><a href=\"https:\/\/es.mongabay.com\/2023\/01\/desafios-ambientales-de-argentina-en-2023-frenar-la-deforestacion\/\" data-wpel-link=\"internal\"><b>Los desaf\u00edos ambientales de Argentina en 2023: frenar la deforestaci\u00f3n y poner en marcha la lucha contra el cambio clim\u00e1tico durante un a\u00f1o electoral<\/b><\/a><\/h3>\n<figure id=\"attachment_235526\" class=\"wp-caption alignnone\"><img loading=\"lazy\" decoding=\"async\" class=\"size-medium wp-image-235526\" src=\"https:\/\/imgs.mongabay.com\/wp-content\/uploads\/sites\/25\/2022\/07\/20144322\/04-DSC_2288-768x512.jpg\" sizes=\"(max-width: 768px) 100vw, 768px\" srcset=\"https:\/\/imgs.mongabay.com\/wp-content\/uploads\/sites\/25\/2022\/07\/20144322\/04-DSC_2288-768x512.jpg 768w, https:\/\/imgs.mongabay.com\/wp-content\/uploads\/sites\/25\/2022\/07\/20144322\/04-DSC_2288-1200x800.jpg 1200w, https:\/\/imgs.mongabay.com\/wp-content\/uploads\/sites\/25\/2022\/07\/20144322\/04-DSC_2288-1536x1024.jpg 1536w, https:\/\/imgs.mongabay.com\/wp-content\/uploads\/sites\/25\/2022\/07\/20144322\/04-DSC_2288-610x407.jpg 610w, https:\/\/imgs.mongabay.com\/wp-content\/uploads\/sites\/25\/2022\/07\/20144322\/04-DSC_2288.jpg 2000w\" alt=\"\" width=\"768\" height=\"512\" \/><figcaption class=\"wp-caption-text\">Vista a\u00e9rea de los Ba\u00f1ados del R\u00edo Dulce. Foto: Yanina Druetta.<\/figcaption><\/figure>\n<p>Este 2023, ser\u00e1 un a\u00f1o marcado por las elecciones generales para Argentina. Hablamos con expertos y preparamos un informe especial sobre los #Desaf\u00edosAmbientales que deber\u00e1 enfrentar el pa\u00eds. Frenar la deforestaci\u00f3n y poner en marcha medidas contra el<strong>\u00a0cambio clim\u00e1tico<\/strong>\u00a0son algunos de los temas m\u00e1s urgentes por resolver.\u00a0<a href=\"https:\/\/es.mongabay.com\/2023\/01\/desafios-ambientales-de-argentina-en-2023-frenar-la-deforestacion\/\" data-wpel-link=\"internal\">Lee m\u00e1s aqu\u00ed\u00a0<\/a><\/p>\n<h3><a href=\"https:\/\/es.mongabay.com\/2023\/01\/desafios-ambientales-para-venezuela-en-2023-controlar-mineria-ilegal-en-la-amazonia\/\" data-wpel-link=\"internal\"><strong>Desaf\u00edos ambientales para Venezuela en 2023: controlar la miner\u00eda ilegal en la Amazon\u00eda y mitigar riesgo de deslaves<\/strong><\/a><\/h3>\n<figure id=\"attachment_239168\" class=\"wp-caption alignnone\"><img loading=\"lazy\" decoding=\"async\" class=\"size-medium wp-image-239168\" src=\"https:\/\/imgs.mongabay.com\/wp-content\/uploads\/sites\/25\/2022\/12\/19142029\/foto5_tejerias2-768x512.jpeg\" alt=\"\" width=\"768\" height=\"512\" \/><figcaption class=\"wp-caption-text\">La falta de datos meteorol\u00f3gicos pudo haber prevenido los deslaves y derrumbes ocurridos a los largo de 2022 en Venezuela. Cr\u00e9dito: Rossana Batistelli, Alianza Rebelde Investiga (ARI) conformada por Runrun.es, El Pitazo y TalCual.<\/figcaption><\/figure>\n<p>\u00bfCu\u00e1les son los #Desaf\u00edosAmbientales de Venezuela para 2023? Mongabay Latam, en alianza con Runrun.es, prepar\u00f3 un informe especial sobre los retos en materia ambiental que enfrenta el pa\u00eds este a\u00f1o. Los expertos se\u00f1alan que es necesario\u00a0<strong>tomar acciones concretas para lograr una real conservaci\u00f3n de la Amazon\u00eda<\/strong>\u00a0y de las \u00e1reas naturales protegidas.\u00a0<a href=\"https:\/\/es.mongabay.com\/2023\/01\/desafios-ambientales-para-venezuela-en-2023-controlar-mineria-ilegal-en-la-amazonia\/\" data-wpel-link=\"internal\">Lee m\u00e1s aqu\u00ed<\/a><\/p>\n<p><em><strong>Imagen principal:<\/strong>\u00a0Coat\u00ed (Nasua nasua).\u00a0<strong>Foto:<\/strong>\u00a0Raf Stassen<\/em><\/p>\n<p>Tomado de: <a href=\"https:\/\/es.mongabay.com\/2023\/01\/cuales-son-los-desafios-ambientales-de-latinoamerica-para-2023\/\">https:\/\/es.mongabay.com\/2023\/01\/cuales-son-los-desafios-ambientales-de-latinoamerica-para-2023\/<\/a><\/p>\n","protected":false},"excerpt":{"rendered":"<p>Este a\u00f1o, el equipo period\u00edstico de Mongabay Latam prepar\u00f3 un informe especial sobre los #Desaf\u00edosAmbientales que deber\u00e1 enfrentar Latinoam\u00e9rica en 2023. Conversamos con cient\u00edficos, activistas, l\u00edderes ind\u00edgenas, funcionarios, miembros de ONG y comunidades locales y coinciden en que frenar la deforestaci\u00f3n, las agresiones en contra de los defensores de la naturaleza, las miner\u00eda ilegal, el cambio clim\u00e1tico, proteger las \u00e1reas naturales y evitar la extinci\u00f3n de las especies son algunos de los retos m\u00e1s importantes que se deben resolver.<\/p>\n<p>En este reportaje encontrar\u00e1s los desaf\u00edos de Colombia, Per\u00fa, M\u00e9xico, Bolivia, Ecuador, Chile, Argentina y Venezuela.<\/p>\n","protected":false},"author":327,"featured_media":36917,"comment_status":"open","ping_status":"open","sticky":false,"template":"","format":"standard","meta":{"_acf_changed":false,"footnotes":""},"categories":[3],"tags":[],"class_list":["post-36920","post","type-post","status-publish","format-standard","has-post-thumbnail","hentry","category-radar","category-3","description-off"],"acf":[],"_links":{"self":[{"href":"https:\/\/www.raisg.org\/en\/wp-json\/wp\/v2\/posts\/36920","targetHints":{"allow":["GET"]}}],"collection":[{"href":"https:\/\/www.raisg.org\/en\/wp-json\/wp\/v2\/posts"}],"about":[{"href":"https:\/\/www.raisg.org\/en\/wp-json\/wp\/v2\/types\/post"}],"author":[{"embeddable":true,"href":"https:\/\/www.raisg.org\/en\/wp-json\/wp\/v2\/users\/327"}],"replies":[{"embeddable":true,"href":"https:\/\/www.raisg.org\/en\/wp-json\/wp\/v2\/comments?post=36920"}],"version-history":[{"count":0,"href":"https:\/\/www.raisg.org\/en\/wp-json\/wp\/v2\/posts\/36920\/revisions"}],"wp:featuredmedia":[{"embeddable":true,"href":"https:\/\/www.raisg.org\/en\/wp-json\/wp\/v2\/media\/36917"}],"wp:attachment":[{"href":"https:\/\/www.raisg.org\/en\/wp-json\/wp\/v2\/media?parent=36920"}],"wp:term":[{"taxonomy":"category","embeddable":true,"href":"https:\/\/www.raisg.org\/en\/wp-json\/wp\/v2\/categories?post=36920"},{"taxonomy":"post_tag","embeddable":true,"href":"https:\/\/www.raisg.org\/en\/wp-json\/wp\/v2\/tags?post=36920"}],"curies":[{"name":"wp","href":"https:\/\/api.w.org\/{rel}","templated":true}]}}