{"id":37227,"date":"2023-01-30T14:47:08","date_gmt":"2023-01-30T17:47:08","guid":{"rendered":"https:\/\/www.raisg.org\/?p=37227"},"modified":"2023-02-14T15:00:48","modified_gmt":"2023-02-14T18:00:48","slug":"mineria-estos-son-los-puntos-calientes-en-ecuador","status":"publish","type":"post","link":"https:\/\/www.raisg.org\/en\/radar\/mineria-estos-son-los-puntos-calientes-en-ecuador\/","title":{"rendered":"Miner\u00eda: \u00e9stos son los puntos calientes en Ecuador"},"content":{"rendered":"<p>PLANV<br \/>\nEcuador<br \/>\n30 de enero, 2023<br \/>\n<a href=\"https:\/\/www.planv.com.ec\/buscar?texto=Manuel%20Novik\"><span class=\"nombre\">MANUEL NOVIK<\/span><\/a><\/p>\n<p>&nbsp;<\/p>\n<p>El Gobierno anunci\u00f3 el uso de la fuerza p\u00fablica en las zonas cercanas a proyectos estrat\u00e9gicos, lo que podr\u00eda intensificar el conflicto con el movimiento ind\u00edgena. Organizaciones civiles advierten de las vulneraciones a los derechos humanos en las zonas mineras tanto legales cuanto ilegales.<\/p>\n<p><span class=\"letra-capital\">E<\/span>l Consejo de Seguridad del Estado (Cosepe) declar\u00f3 a la miner\u00eda ilegal como una amenaza a la seguridad nacional y anunci\u00f3 su respaldo a las concesiones mineras. El secretario de Seguridad, Diego Ord\u00f3\u00f1ez, explic\u00f3 que esta actividad es una cadena del tr\u00e1fico de armamentos, explosivos y lavado de activos, \u201cconvirti\u00e9ndose en una estructura delincuencial\u201d, afirm\u00f3.<\/p>\n<p>La CONAIE reclama que el Gobierno ha roto los di\u00e1logos y no respet\u00f3 los acuerdos mineros. La organizaci\u00f3n ind\u00edgena desmiente que exista un 96% de avances, como afirm\u00f3 el Gobierno. Se prev\u00e9 una asamblea ind\u00edgena para este 18 de febrero donde se podr\u00edan ratificar medidas de hecho a escala nacional.<\/p>\n<p>Un informe de Inteligencia, al que PlanV tuvo acceso, revela cu\u00e1les son las principales zonas de conflicto a ra\u00edz de la miner\u00eda ilegal, as\u00ed como los principales proyectos mineros concesionados a empresas transnacionales. La investigaci\u00f3n policial vincula a conocidas bandas locales de delincuencia organizada con la actividad minera ilegal.<\/p>\n<h3>Miner\u00eda ilegal en al menos 700 puntos a nivel nacional<\/h3>\n<p>En el pa\u00eds hay cinco grandes proyectos estrat\u00e9gicos y seis proyectos de segunda generaci\u00f3n en la Sierra y sur de la Amazon\u00eda, seg\u00fan el informe. Los cinco proyectos estrat\u00e9gicos est\u00e1n al sur del pa\u00eds y son R\u00edo Blanco, Loma Larga, San Carlos Panantza, Mirador y Fruta del Norte. Los tres primeros est\u00e1n paralizados por protestas anti extractivistas. Los dos \u00faltimos, actualmente en marcha, representan el 75% de las exportaciones mineras con USD 490 millones y USD 333 millones respectivamente.<\/p>\n<p><iframe title=\"Situaci\u00f3n actual del sector minero nacional\" src=\"https:\/\/e.infogram.com\/d896c715-ffea-4ff0-b09f-54817343dd99?parent_url=https%3A%2F%2Fwww.planv.com.ec%2Fhistorias%2Fplan-verde%2Fmineria-estos-son-puntos-calientes-ecuador&amp;src=embed#async_embed\" frameborder=\"0\" scrolling=\"no\" allowfullscreen=\"allowfullscreen\" data-mce-fragment=\"1\"><\/iframe><\/p>\n<p><img decoding=\"async\" src=\"https:\/\/www.planv.com.ec\/sites\/default\/files\/18-vista-aerea-proyecto-fdn.jpg\" alt=\"\" \/><\/p>\n<p><strong>Panor\u00e1mica Fruta del Norte,\u00a0 proyecto minero en la provincia fronteriza de Zamora Chinchipe.<\/strong><\/p>\n<p><strong><img decoding=\"async\" src=\"https:\/\/www.planv.com.ec\/sites\/default\/files\/proyecto-mirador_2.jpg\" alt=\"\" \/><\/strong><\/p>\n<p><strong>El proyecto Mirfador ser\u00e1 primera mina a gran escala de Ecuador. Foto: ECSA<\/strong><\/p>\n<p>La seguridad del Estado ha detectado puntos cr\u00edticos de miner\u00eda ilegal, enfocada en un 92% en la extracci\u00f3n de oro, con la presencia de grupos de crimen organizado en seis provincias: Esmeraldas, Carchi, Sucumb\u00edos, Morona Santiago, Zamora Chinchipe y Azuay. Por otro lado, la actividad intervino en Imbabura, El Oro y Napo. El informe asegura que grupos de delincuencia organizada obtienen de ah\u00ed explosivos para enfrentamientos entre bandas y detonaciones en espacios p\u00fablicos.<\/p>\n<p><img decoding=\"async\" src=\"https:\/\/www.planv.com.ec\/sites\/default\/files\/ilegal-madera-imbabura.jpg\" alt=\"\" \/><\/p>\n<p><strong>La tala ilegal de madera y la miner\u00eda ilegal en Imbabura ha sido reportada por la C\u00e1mara de Miner\u00eda. Foto: CME.<\/strong><\/p>\n<p>La actividad ilegal se da en los r\u00edos, a cielo abierto y de forma subterr\u00e1nea. Los servicios de inteligencia han localizado al menos 700 puntos de miner\u00eda ilegal concentrados en 129 focos a escala nacional. De ese total, cerca de 445 puntos est\u00e1n en las zonas fronterizas de seguridad de 20 kil\u00f3metros en el sur y norte del Ecuador.<\/p>\n<p>Actualmente, los Lobos y los Tiguerones estar\u00edan al mando de la zona norte y los Choneros en el extremo sur. Las bandas se encargan del transporte, seguridad en puntos de abasto y almacenamiento, abastecimiento de explosivos y distribuci\u00f3n del material aur\u00edfero. El informe sostiene que los grupos delictivos tambi\u00e9n cobran un 10% del material que se extrae.<\/p>\n<p><iframe title=\"Grupos de Crimen Organizado en Miner\u00eda Ilegal\" src=\"https:\/\/e.infogram.com\/111f648d-102e-410e-8698-74e08a109fdf?parent_url=https%3A%2F%2Fwww.planv.com.ec%2Fhistorias%2Fplan-verde%2Fmineria-estos-son-puntos-calientes-ecuador&amp;src=embed#async_embed\" frameborder=\"0\" scrolling=\"no\" allowfullscreen=\"allowfullscreen\" data-mce-fragment=\"1\"><\/iframe><\/p>\n<p>Para el 2024, las proyecciones de crecimiento en el sector minero legal esperan duplicar los niveles de producci\u00f3n del 2022. En el 2019, a\u00f1o de pandemia, las exportaciones fueron de USD 326 millones, en el 2020 el sector se recuper\u00f3 parcialmente y report\u00f3 exportaciones de USD 1051 millones; para el 2021 las exportaciones registraron valores por USD 2092 millones y se espera que el 2022 haya cerrado con exportaciones por sobre los USD 2800 millones.\u00a0Seg\u00fan los expertos hay un \u00e1rea de 3,17 millones de hect\u00e1reas por explorar.<\/p>\n<p><img decoding=\"async\" src=\"https:\/\/www.planv.com.ec\/sites\/default\/files\/mneria-ilegal-ministerio-de-gobierno.jpg\" alt=\"\" \/><\/p>\n<p><strong>La C\u00e1mara de Miner\u00eda ha recopilado denuncias sobre asentamientos de miner\u00eda y tala ilegal. Foto: Ministerio de Gobierno<\/strong><\/p>\n<p>Ante la vinculaci\u00f3n de crimen organizado con la miner\u00eda ilegal y el conflicto social de las comunidades afectadas por las concesiones legales, el Estado decidi\u00f3 declarar la amenaza que representa la actividad ilegal y a la par anunci\u00f3 que emplear\u00e1 el uso de la fuerza p\u00fablica en zonas estrat\u00e9gicas para respaldar a la industria.<\/p>\n<h3>La reacci\u00f3n del movimiento ind\u00edgena<\/h3>\n<p>El presidente de la CONAIE, Leonidas Iza, declar\u00f3 a fines de diciembre del 2022 que desde el movimiento ind\u00edgena no iban a permitir la militarizaci\u00f3n de zonas que son territorio de comunidades ind\u00edgenas donde nunca se ha garantizado el derecho a la consulta.<\/p>\n<p>Previo a la declaratoria de emergencia nacional, el Gobierno hab\u00eda informado sobre la militarizaci\u00f3n de 11 sitios mineros estrat\u00e9gicos como parte de una estrategia de seguridad nacional. Seg\u00fan el portal Primicias, tres de esas concesiones sufrieron ataques en 2022 y est\u00e1n Bol\u00edvar y Morona Santiago, dos proyectos est\u00e1n paralizados por la miner\u00eda ilegal en Imbabura y Azuay, cuatro proyectos esperan la construcci\u00f3n de minas en Azuay, Bol\u00edvar y Cotopaxi, y los dos proyectos a gran escala en Zamora Chinchipe.<\/p>\n<p>El Cosepe ratific\u00f3 que las fuerzas del orden tendr\u00e1n la obligaci\u00f3n del aseguramiento de todo el territorio nacional. Por su parte, la C\u00e1mara de Miner\u00eda, que representa a la miner\u00eda industrial del pa\u00eds, felicit\u00f3 al Gobierno por esta declaratoria y sostuvo que los recursos en el subsuelo le pertenecen al Estado central.<\/p>\n<p>El 12 de enero de 2023, en Latacunga, la CONAIE organiz\u00f3 una asamblea nacional con 67 organizaciones ind\u00edgenas en defensa de los territorios y en contra de los desalojos mineros. En la asamblea se resalt\u00f3 que, como parte de los di\u00e1logos, en su quinto punto, el Gobierno no respet\u00f3 el compromiso a la modificaci\u00f3n del Plan Nacional de Acci\u00f3n Minero y a no realizar actividades mineras en \u00c1reas Protegidas, Territorios Ind\u00edgenas, Zonas de Protecci\u00f3n H\u00eddrica, as\u00ed como a respetar los procesos de consulta previa, libre e informada y la consulta ambiental.<\/p>\n<p><img decoding=\"async\" src=\"https:\/\/www.planv.com.ec\/sites\/default\/files\/asamblea-conaie_0.jpg\" alt=\"\" \/><\/p>\n<p><strong>El presidente de la CONAIE, Leonidas Iza dirigi\u00f3 la asamblea por la resistencia ante la miner\u00eda. Fotos: Conaie<\/strong><\/p>\n<p><img decoding=\"async\" src=\"https:\/\/www.planv.com.ec\/sites\/default\/files\/asamblea-mineria-conaie.jpg\" alt=\"\" \/><\/p>\n<p>La CONAIE reclam\u00f3 que luego de los di\u00e1logos el Gobierno evidenci\u00f3 su falta de compromiso, \u201cmilitariz\u00f3 Warintz en Morona Santiago y continu\u00f3 con el Plan de Desarrollo Minero\u201d. La organizaci\u00f3n sostuvo que, debido a la resistencia ind\u00edgena, el Gobierno no ha podido abrir el catastro minero y no ha podido otorgar nuevas concesiones para exploraci\u00f3n.<\/p>\n<p>El movimiento ind\u00edgena indica que el Gobierno no solo no fren\u00f3 la expansi\u00f3n minera, sino que firm\u00f3 dos convenios de explotaci\u00f3n minera a gran escala, uno en Las Naves en una zona de importancia h\u00eddrica en Bol\u00edvar, y otro en Warintz, Morona Santiago, en territorio del pueblo Shuar Arutam.<\/p>\n<p>La CONAIE ha dispuesto las siguientes medidas; preparar las condiciones de defensa territorial \u201ccon medidas de hecho\u201d en cada zona de conflicto sujetas a militarizaci\u00f3n y fortalecer las guardias comunitarias. Andr\u00e9s Tapia, director de comunicaci\u00f3n de la CONFENIAE, explic\u00f3 cu\u00e1les ser\u00edan las zonas de conflicto en 2023. \u201cYo centrar\u00eda los focos de conflicto en torno a la miner\u00eda en el sur del pa\u00eds\u201d. Tapia confirm\u00f3 que en la asamblea de la CONAIE de inicios del 2023 hubo la presencia de la gran mayor\u00eda de territorios en resistencia, desde el Carchi, Imbabura, Sierra centro y sur, Amazon\u00eda desde Sucumb\u00edos hasta Zamora e incluso gente de la Costa. En la reuni\u00f3n se divisaron estrategias jur\u00eddicas y de incidencia pol\u00edtica.<\/p>\n<p><img decoding=\"async\" src=\"https:\/\/www.planv.com.ec\/sites\/default\/files\/no-mineria-cartel.jpg\" alt=\"\" \/><\/p>\n<p><strong>Comunidades y organizaciones se resiten a la miner\u00eda en Intag. Foto: Conaie<\/strong><\/p>\n<h3>Cerca del 10% del territorio nacional est\u00e1 concesionado a la miner\u00eda<\/h3>\n<p>Patricio Meza, asesor de la CONAIE y miembro del Frente Antiminero Nacional, dijo a PlanV que est\u00e1n en contra de la miner\u00eda ilegal, pero les llama la atenci\u00f3n que nuevamente se quiera vincular al movimiento ind\u00edgena y las organizaciones con el narcotr\u00e1fico. \u201cPretenden militarizar los territorios que se encuentran en resistencia con el pretexto de la miner\u00eda ilegal\u201d.<\/p>\n<p>Seg\u00fan Meza, por lo menos 3 millones de hect\u00e1reas est\u00e1n concesionadas a la miner\u00eda, cerca del 10% del territorio nacional. Seg\u00fan la CONAIE, 550 mil de esas hect\u00e1reas est\u00e1n sobre territorio ind\u00edgena y 1.2 millones est\u00e1n sobre \u00e1reas de importancia h\u00eddrica.<\/p>\n<p>El ambientalista pone el foco de conflicto minero en el 2023 en los proyectos en las comunidades de Las Naves en Bol\u00edvar y Warintz en Morona Santiago, \u201cser\u00e1n los dos conflictos m\u00e1s graves\u201d, anticipa. Meza afirma que ya se firmaron contratos p\u00fablicos de inversi\u00f3n, un paso que, asegura el ambientalista, es evidencia de que en ambos proyectos ya hay intenciones de pasar a la fase de explotaci\u00f3n.<\/p>\n<p><img decoding=\"async\" src=\"https:\/\/www.planv.com.ec\/sites\/default\/files\/frente-minero-y-conaie.jpg\" alt=\"\" \/><\/p>\n<p><strong>Dirigentes sociales del Frente Antiminero y el presidente de la Conaie, Leonidas Iza, convocaron a una asamblea nacional para definir acciones de lucha en contra concesiones de proyectos mineros en sus territorios. Foto: Conaie.<\/strong><\/p>\n<p>Meza asegura que la miner\u00eda est\u00e1 creciendo en la Amazon\u00eda hacia el norte, \u201cantes estaba solo en el sur\u201d. Desde el Frente tambi\u00e9n advierten conflictos en Buenos Aires, una zona donde se pretende pasar de la miner\u00eda ilegal a la operaci\u00f3n legal. \u201cEl Estado moviliz\u00f3 tropas militares y policiales para defender a la minera australiana. Entraron, reprimieron, detuvieron a tres compa\u00f1eros. El defensor del Pueblo solicit\u00f3 documentos a la empresa y los documentos estaban falsificados. Por eso se retiraron. Ah\u00ed podemos ver como el Gobierno, sin un debido proceso, respalda a esta miner\u00eda que tambi\u00e9n cae en ilegalidades\u201d.<\/p>\n<p>Meza cree que en Ecuador no existe la miner\u00eda legal. \u201cTodas las concesiones son ilegales, ninguna concesi\u00f3n minera ha cumplido con la legalidad. Se deber\u00eda nulitar todas las concesiones, ninguna ha hecho las consultas\u201d, afirma. \u201cPor eso exigimos un Ecuador libre de miner\u00eda. Hemos perdido soberan\u00eda\u201d, concluye Meza.<\/p>\n<h3>\u201cEl Gobierno no ha le\u00eddo la constituci\u00f3n\u201d<\/h3>\n<p>PlanV se contact\u00f3 con el colectivo Geograf\u00eda Cr\u00edtica, que genera informaci\u00f3n y cartograf\u00eda sobre el conflicto de territorialidad que enfrenta al Estado ecuatoriano con las comunidades ind\u00edgenas y campesinas.<\/p>\n<p>Manuel Bay\u00f3n, representante de la organizaci\u00f3n, afirma que en los proyectos de Mirador, Fruta del Norte y Panantza San Carlos se avizoran conflictos para este 2023. \u201cConflictos latentes, pero quiz\u00e1 no tan visibles\u201d, dice el activista. Bay\u00f3n apunta tambi\u00e9n a Fierro Urco y Azuay en la Sierra como zonas de conflicto. Por otra parte, sostiene que Buenos Aires y Tena se mantendr\u00e1n en el ojo p\u00fablico.<\/p>\n<p><img decoding=\"async\" src=\"https:\/\/www.planv.com.ec\/sites\/default\/files\/fruta-del-norte_1.jpg\" alt=\"\" \/><\/p>\n<p><strong>El proceso de molienda en\u00a0<\/strong><strong>Fruta del Norte, uno de los proyectos estrat\u00e9gicos en el pa\u00eds<\/strong><strong>. Foto: C\u00e1mara de Miner\u00eda.<\/strong><\/p>\n<p>El activista se\u00f1ala los proyectos a gran escala de Mirador y Fruta del Norte, donde afirma que las empresas han entrado a los territorios con violencia y han incumplido con los procesos legales.<\/p>\n<p>Por otro lado, Bay\u00f3n afirma que militarizar los territorios es inconstitucional y apunta a los procesos de consulta y consentimiento. \u201cNo han le\u00eddo la Constituci\u00f3n, las sentencias de la Corte han sido muy claras. En todas las constituciones liberales del mundo se sabe del principio de no allanamiento sin permiso, y lo que hace el Estado y las empresas es entrar a sus casas\u201d.<\/p>\n<p>Para ilustrar la complejidad de los conflictos que genera la extracci\u00f3n de recursos, Bay\u00f3n toma el caso de Mirador. El investigador afirma que se ha desplazado a comunidades en condiciones \u201clamentables\u201d, y es particularmente esc\u00e9ptico en torno a los cuidados ambientales del proyecto. \u201cLas piscinas donde van los desechos se filtran con cianuro y se depositan en reservorios que podr\u00edan colapsar\u201d. En la zona fronteriza de esta concesi\u00f3n tambi\u00e9n se han localizado puntos de miner\u00eda ilegal.<\/p>\n<p>Este 2023 estar\u00e1 marcado por el intento del Gobierno de controlar la miner\u00eda ilegal. Pero tambi\u00e9n por su intenci\u00f3n de respaldar a las empresas en zonas donde la miner\u00eda ilegal ha cooptado a las comunidades locales. La CONAIE est\u00e1 dispuesta a defender sus propuestas, incluso con sus guardias ind\u00edgenas. Una guerra minera est\u00e1 en marcha.<\/p>\n<p>Tomado de:<a href=\"https:\/\/www.planv.com.ec\/historias\/plan-verde\/mineria-estos-son-puntos-calientes-ecuador\"> https:\/\/www.planv.com.ec\/historias\/plan-verde\/mineria-estos-son-puntos-calientes-ecuador<\/a><\/p>\n<p>&nbsp;<\/p>\n<p>&nbsp;<\/p>\n<p>&nbsp;<\/p>\n","protected":false},"excerpt":{"rendered":"<p>El Gobierno anunci\u00f3 el uso de la fuerza p\u00fablica en las zonas cercanas a proyectos estrat\u00e9gicos, lo que podr\u00eda intensificar el conflicto con el movimiento ind\u00edgena. Organizaciones civiles advierten de las vulneraciones a los derechos humanos en las zonas mineras tanto legales cuanto ilegales.<\/p>\n<p>El Consejo de Seguridad del Estado (Cosepe) declar\u00f3 a la miner\u00eda ilegal como una amenaza a la seguridad nacional y anunci\u00f3 su respaldo a las concesiones mineras. El secretario de Seguridad, Diego Ord\u00f3\u00f1ez, explic\u00f3 que esta actividad es una cadena del tr\u00e1fico de armamentos, explosivos y lavado de activos, \u201cconvirti\u00e9ndose en una estructura delincuencial\u201d, afirm\u00f3.<\/p>\n<p>La CONAIE reclama que el Gobierno ha roto los di\u00e1logos y no respet\u00f3 los acuerdos mineros. La organizaci\u00f3n ind\u00edgena desmiente que exista un 96% de avances, como afirm\u00f3 el Gobierno. Se prev\u00e9 una asamblea ind\u00edgena para este 18 de febrero donde se podr\u00edan ratificar medidas de hecho a escala nacional.<\/p>\n","protected":false},"author":327,"featured_media":37228,"comment_status":"open","ping_status":"open","sticky":false,"template":"","format":"standard","meta":{"_acf_changed":false,"footnotes":""},"categories":[2],"tags":[],"class_list":["post-37227","post","type-post","status-publish","format-standard","has-post-thumbnail","hentry","category-radar","category-2","description-off"],"acf":[],"_links":{"self":[{"href":"https:\/\/www.raisg.org\/en\/wp-json\/wp\/v2\/posts\/37227","targetHints":{"allow":["GET"]}}],"collection":[{"href":"https:\/\/www.raisg.org\/en\/wp-json\/wp\/v2\/posts"}],"about":[{"href":"https:\/\/www.raisg.org\/en\/wp-json\/wp\/v2\/types\/post"}],"author":[{"embeddable":true,"href":"https:\/\/www.raisg.org\/en\/wp-json\/wp\/v2\/users\/327"}],"replies":[{"embeddable":true,"href":"https:\/\/www.raisg.org\/en\/wp-json\/wp\/v2\/comments?post=37227"}],"version-history":[{"count":1,"href":"https:\/\/www.raisg.org\/en\/wp-json\/wp\/v2\/posts\/37227\/revisions"}],"predecessor-version":[{"id":37231,"href":"https:\/\/www.raisg.org\/en\/wp-json\/wp\/v2\/posts\/37227\/revisions\/37231"}],"wp:featuredmedia":[{"embeddable":true,"href":"https:\/\/www.raisg.org\/en\/wp-json\/wp\/v2\/media\/37228"}],"wp:attachment":[{"href":"https:\/\/www.raisg.org\/en\/wp-json\/wp\/v2\/media?parent=37227"}],"wp:term":[{"taxonomy":"category","embeddable":true,"href":"https:\/\/www.raisg.org\/en\/wp-json\/wp\/v2\/categories?post=37227"},{"taxonomy":"post_tag","embeddable":true,"href":"https:\/\/www.raisg.org\/en\/wp-json\/wp\/v2\/tags?post=37227"}],"curies":[{"name":"wp","href":"https:\/\/api.w.org\/{rel}","templated":true}]}}