{"id":37905,"date":"2023-03-31T21:00:32","date_gmt":"2023-04-01T00:00:32","guid":{"rendered":"https:\/\/www.raisg.org\/radar\/pueblo-worani-en-conflicto-con-petrolera-en-ecuador\/"},"modified":"2023-03-31T21:00:32","modified_gmt":"2023-04-01T00:00:32","slug":"pueblo-worani-en-conflicto-con-petrolera-en-ecuador","status":"publish","type":"post","link":"https:\/\/www.raisg.org\/en\/radar\/pueblo-worani-en-conflicto-con-petrolera-en-ecuador\/","title":{"rendered":"Pueblo worani en conflicto con petrolera en Ecuador"},"content":{"rendered":"<p>PRENSA LATINA<br \/>\n31 de marzo, 2023<\/p>\n<p>&nbsp;<\/p>\n<p>Quito, 31 mar (El pueblo waorani en Ecuador anunci\u00f3 hoy que bloquear\u00e1 el trabajo de las empresas petroleras en el pa\u00eds andino incumplen los acuerdos vigentes desde hace 30 a\u00f1os.<\/p>\n<p>En este sentido, el presidente de esa nacionalidad en la naci\u00f3n sudamericana, Juan Bay, reproch\u00f3 que desde enero de 2023 las comunidades ind\u00edgenas asentadas en los bloques petroleros 16 y 67, en la provincia amaz\u00f3nica de Orellana, no reciben ning\u00fan beneficio social como acceso a la salud o educaci\u00f3n.<\/p>\n<p>Bay manifest\u00f3 que desde el pasado lunes arrib\u00f3 a Quito, la capital, un grupo de l\u00edderes ind\u00edgenas para hablar con el ministro de Energ\u00eda, Minas y Petr\u00f3leo, Fernando Santos, qui\u00e9n no los ha recibido y les da largas.<\/p>\n<p>El l\u00edder ind\u00edgena advirti\u00f3 que, ante falta de respuesta, el ambiente en territorio se ha puesto tenso, por lo que waoranis y kichwas ocuparon algunos pozos para exigir que la empresa estatal Petroecuador cumpla con su responsabilidad social.<\/p>\n<p>De igual manera alert\u00f3 que las Fuerzas Armadas est\u00e1n entrando a sus territorios sin consulta ni permiso, por lo que responsabiliz\u00f3 al Gobierno si ocurre alg\u00fan enfrentamiento.<\/p>\n<p>Recientemente Petroecuador comenz\u00f3 el apagado progresivo de varios bloques de crudo en la zona de la Amazon\u00eda y declar\u00f3 la Fuerza Mayor en cuatro de estos debido a los conflictos con las comunidades ind\u00edgenas asentadas all\u00ed.<\/p>\n<p>La conflictividad social en esas zonas ha incidido en la producci\u00f3n petrolera del pa\u00eds andino.<\/p>\n<p>mgt\/nta<\/p>\n<p>Tomado de: <a href=\"https:\/\/www.prensa-latina.cu\/2023\/03\/31\/pueblo-worani-en-conflicto-con-petrolera-en-ecuador\">https:\/\/www.prensa-latina.cu\/2023\/03\/31\/pueblo-worani-en-conflicto-con-petrolera-en-ecuador<\/a><\/p>\n","protected":false},"excerpt":{"rendered":"<p>Quito, 31 mar (El pueblo waorani en Ecuador anunci\u00f3 hoy que bloquear\u00e1 el trabajo de las empresas petroleras en el pa\u00eds andino incumplen los acuerdos vigentes desde hace 30 a\u00f1os.<\/p>\n<p>En este sentido, el presidente de esa nacionalidad en la naci\u00f3n sudamericana, Juan Bay, reproch\u00f3 que desde enero de 2023 las comunidades ind\u00edgenas asentadas en los bloques petroleros 16 y 67, en la provincia amaz\u00f3nica de Orellana, no reciben ning\u00fan beneficio social como acceso a la salud o educaci\u00f3n.<\/p>\n<p>Bay manifest\u00f3 que desde el pasado lunes arrib\u00f3 a Quito, la capital, un grupo de l\u00edderes ind\u00edgenas para hablar con el ministro de Energ\u00eda, Minas y Petr\u00f3leo, Fernando Santos, qui\u00e9n no los ha recibido y les da largas.<\/p>\n","protected":false},"author":327,"featured_media":37902,"comment_status":"open","ping_status":"open","sticky":false,"template":"","format":"standard","meta":{"_acf_changed":false,"footnotes":""},"categories":[3],"tags":[],"class_list":["post-37905","post","type-post","status-publish","format-standard","has-post-thumbnail","hentry","category-radar","category-3","description-off"],"acf":[],"_links":{"self":[{"href":"https:\/\/www.raisg.org\/en\/wp-json\/wp\/v2\/posts\/37905","targetHints":{"allow":["GET"]}}],"collection":[{"href":"https:\/\/www.raisg.org\/en\/wp-json\/wp\/v2\/posts"}],"about":[{"href":"https:\/\/www.raisg.org\/en\/wp-json\/wp\/v2\/types\/post"}],"author":[{"embeddable":true,"href":"https:\/\/www.raisg.org\/en\/wp-json\/wp\/v2\/users\/327"}],"replies":[{"embeddable":true,"href":"https:\/\/www.raisg.org\/en\/wp-json\/wp\/v2\/comments?post=37905"}],"version-history":[{"count":0,"href":"https:\/\/www.raisg.org\/en\/wp-json\/wp\/v2\/posts\/37905\/revisions"}],"wp:featuredmedia":[{"embeddable":true,"href":"https:\/\/www.raisg.org\/en\/wp-json\/wp\/v2\/media\/37902"}],"wp:attachment":[{"href":"https:\/\/www.raisg.org\/en\/wp-json\/wp\/v2\/media?parent=37905"}],"wp:term":[{"taxonomy":"category","embeddable":true,"href":"https:\/\/www.raisg.org\/en\/wp-json\/wp\/v2\/categories?post=37905"},{"taxonomy":"post_tag","embeddable":true,"href":"https:\/\/www.raisg.org\/en\/wp-json\/wp\/v2\/tags?post=37905"}],"curies":[{"name":"wp","href":"https:\/\/api.w.org\/{rel}","templated":true}]}}