{"id":39935,"date":"2023-08-09T14:17:33","date_gmt":"2023-08-09T17:17:33","guid":{"rendered":"https:\/\/www.raisg.org\/radar\/paises-amazonicos-firman-la-declaracion-de-belem-y-urgen-a-las-potencias-a-cumplir-sus-compromisos\/"},"modified":"2023-08-09T14:17:33","modified_gmt":"2023-08-09T17:17:33","slug":"paises-amazonicos-firman-la-declaracion-de-belem-y-urgen-a-las-potencias-a-cumplir-sus-compromisos","status":"publish","type":"post","link":"https:\/\/www.raisg.org\/en\/radar\/paises-amazonicos-firman-la-declaracion-de-belem-y-urgen-a-las-potencias-a-cumplir-sus-compromisos\/","title":{"rendered":"Pa\u00edses amaz\u00f3nicos firman la Declaraci\u00f3n de Bel\u00e9m y urgen a las potencias a cumplir sus compromisos"},"content":{"rendered":"<p>FRANCE 24<br \/>\n9 de agosto, 2023<\/p>\n<p>En el cierre del primer d\u00eda de la Cumbre de la Amazon\u00eda, los l\u00edderes de los ocho pa\u00edses que hospedan la regi\u00f3n del Amazonas firmaron la Declaraci\u00f3n de Bel\u00e9m, texto definitivo que plasma los compromisos acordados en el encuentro. Un documento compuesto por 113 puntos que conglomera nuevas formas de cooperaci\u00f3n regional y que traza un &#8220;ambicioso&#8221; plan de protecci\u00f3n para la mayor selva tropical del planeta. En el texto se llama la atenci\u00f3n a los pa\u00edses de mayores ingresos para que refuercen su compromiso con la acci\u00f3n clim\u00e1tica.<\/p>\n<p>&nbsp;<\/p>\n<p>Desde\u00a0<a class=\"gtm-add-suggested-tag\" href=\"https:\/\/www.france24.com\/es\/tag\/brasil\/\" target=\"_self\" rel=\"noopener\">Brasil<\/a>, el presidente anfitri\u00f3n\u00a0<a class=\"gtm-add-suggested-tag\" href=\"https:\/\/www.france24.com\/es\/tag\/luiz-inacio-lula-da-silva\/\" target=\"_self\" rel=\"noopener\">Luiz Inacio Lula da Silva<\/a>\u00a0abri\u00f3 la cumbre afirmando que el resultado de ella representar\u00eda\u00a0<a href=\"https:\/\/www.france24.com\/es\/am%C3%A9rica-latina\/20230808-un-antes-y-un-despu%C3%A9s-lula-urge-a-acciones-petro-propone-tribunal-para-defender-la-amazon%C3%ADa\" target=\"_self\" rel=\"noopener\">un &#8220;antes y despu\u00e9s&#8221; en la historia de la Amazon\u00eda,<\/a>\u00a0esperanzado, pero tambi\u00e9n expectante ante la urgencia que representa la crisis clim\u00e1tica para el llamado &#8216;pulm\u00f3n del mundo&#8217;.<\/p>\n<p>Las charlas diplom\u00e1ticas entre los jefes de Estado de\u00a0<a class=\"gtm-add-suggested-tag\" href=\"https:\/\/www.france24.com\/es\/tag\/colombia\/\" target=\"_self\" rel=\"noopener\">Colombia<\/a>,\u00a0<a class=\"gtm-add-suggested-tag\" href=\"https:\/\/www.france24.com\/es\/tag\/bolivia\/\" target=\"_self\" rel=\"noopener\">Bolivia<\/a>, Per\u00fa,\u00a0<a class=\"gtm-add-suggested-tag\" href=\"https:\/\/www.france24.com\/es\/tag\/guyana\/\" target=\"_self\" rel=\"noopener\">Guyana<\/a>\u00a0y\u00a0<a class=\"gtm-add-suggested-tag\" href=\"https:\/\/www.france24.com\/es\/tag\/brasil\/\" target=\"_self\" rel=\"noopener\">Brasil<\/a>, as\u00ed como altos representantes gubernamentales de\u00a0<a class=\"gtm-add-suggested-tag\" href=\"https:\/\/www.france24.com\/es\/tag\/venezuela\/\" target=\"_self\" rel=\"noopener\">Venezuela<\/a>,\u00a0<a class=\"gtm-add-suggested-tag\" href=\"https:\/\/www.france24.com\/es\/tag\/ecuador\/\" target=\"_self\" rel=\"noopener\">Ecuador<\/a>\u00a0y\u00a0<a class=\"gtm-add-suggested-tag\" href=\"https:\/\/www.france24.com\/es\/tag\/surinam\/\" target=\"_self\" rel=\"noopener\">Surinam<\/a>, se materializaron en\u00a0<a href=\"https:\/\/www.gov.br\/mre\/es\/canales_servicio\/prensa\/notas-a-la-prensa\/declaracion-presidencial-con-ocasion-de-la-cumbre-amazonica-2013-iv-reunion-de-presidentes-de-los-estados-parte-en-el-tratado-de-cooperacion-amazonica\" target=\"_blank\" rel=\"noopener\">la Declaraci\u00f3n de Bel\u00e9m,<\/a>\u00a0nombrada en consonancia con la ciudad brasile\u00f1a sede de la cumbre.<\/p>\n<p>Un documento basado en una propuesta brasile\u00f1a e influenciado por aportaciones de la sociedad civil en la que, entre su centenar de puntos, resalta la exigencia a los pa\u00edses desarrollados a cumplir con sus compromisos de financiaci\u00f3n clim\u00e1tica &#8220;teniendo en cuenta las necesidades y prioridades de los pa\u00edses en desarrollo&#8221;.<\/p>\n<p>&#8220;Urgir a los pa\u00edses desarrollados a cumplir con sus compromisos de provisi\u00f3n y movilizaci\u00f3n de recursos, incluyendo la meta de movilizar 100.000 millones de d\u00f3lares anuales en financiamiento clim\u00e1tico&#8221;, seg\u00fan estipula el punto 35 de la Declaraci\u00f3n de Bel\u00e9m, que adem\u00e1s pone como fecha l\u00edmite para su cumplimiento el 2024.<\/p>\n<div class=\"tms-ad m-inread-ad\" data-tms-ad-type=\"inread\" data-tms-ad-provider=\"gam\" data-tms-ad-owner=\"fmm\" data-tms-ad-pos=\"1\" data-tms-ad-status=\"resized\" data-tms-ad-inread-provider=\"teads\">\n<div class=\"m-inread-ad__report m-inread-ad__report--report-enabled\"><\/div>\n<div id=\"tms-block-6735665630067662\" class=\"m-inread-ad__content\" data-google-query-id=\"CIbw_LPM0oADFTgh0AQd25cNYw\">\n<div class=\"teads\"><\/div>\n<div id=\"google_ads_iframe_\/33480810\/web\/f24\/es\/article\/inread_0__container__\"><iframe id=\"google_ads_iframe_\/33480810\/web\/f24\/es\/article\/inread_0\" tabindex=\"-1\" title=\"3rd party ad content\" role=\"region\" name=\"google_ads_iframe_\/33480810\/web\/f24\/es\/article\/inread_0\" width=\"300\" height=\"1\" frameborder=\"0\" marginwidth=\"0\" marginheight=\"0\" scrolling=\"no\" aria-label=\"Advertisement\" data-load-complete=\"true\" data-google-container-id=\"4\" data-mce-fragment=\"1\"><\/iframe><\/div>\n<\/div>\n<\/div>\n<div class=\"m-em-image\">\n<figure class=\"m-figure m-figure--original\"><picture><source srcset=\"https:\/\/s.france24.com\/media\/display\/42409182-3643-11ee-a0a4-005056bfb2b6\/e4528281df2e197b0af663684b8997e6fb10c9b6.webp\" type=\"image\/webp\" sizes=\"\" \/><img fetchpriority=\"high\" decoding=\"async\" class=\"m-figure__img lazy loaded\" src=\"https:\/\/s.france24.com\/media\/display\/42409182-3643-11ee-a0a4-005056bfb2b6\/e4528281df2e197b0af663684b8997e6fb10c9b6.jpg\" sizes=\"\" srcset=\"https:\/\/s.france24.com\/media\/display\/42409182-3643-11ee-a0a4-005056bfb2b6\/e4528281df2e197b0af663684b8997e6fb10c9b6.jpg\" alt=\"En esta imagen difundida por la Presidencia brasile\u00f1a, (de izq. a dcha.) el ministro de Asuntos Exteriores de Ecuador, Gustavo Manrique; el primer ministro de Guyana, Mark Phillips; el presidente de Colombia, Gustavo Petro; el  presidente de Brasil, Luiz In\u00e1cio Lula da Silva; el presidente de Bolivia, Luis Arce; y la presidenta de Per\u00fa, Dina Boluarte; la vicepresidenta de Venezuela, Delcy Rodr\u00edguez, y el ministro de Asuntos Exteriores de Surinam, Albert Ramdin, en la IV Cumbre Amaz\u00f3nica de Belem, Brasil, el 8 de agosto de 2023\" width=\"2480\" height=\"1540\" data-ll-status=\"loaded\" \/><\/picture><figcaption class=\"m-figure__caption\"><span class=\"a-media-legend\">En esta imagen difundida por la Presidencia brasile\u00f1a, (de izq. a dcha.) el ministro de Asuntos Exteriores de Ecuador, Gustavo Manrique; el primer ministro de Guyana, Mark Phillips; el presidente de Colombia, Gustavo Petro; el presidente de Brasil, Luiz In\u00e1cio Lula da Silva; el presidente de Bolivia, Luis Arce; y la presidenta de Per\u00fa, Dina Boluarte; la vicepresidenta de Venezuela, Delcy Rodr\u00edguez, y el ministro de Asuntos Exteriores de Surinam, Albert Ramdin, en la IV Cumbre Amaz\u00f3nica de Belem, Brasil, el 8 de agosto de 2023<\/span>\u00a0<span class=\"a-media-legend\">\u00a9 Ricardo STUCKERT \/ Brazilian Presidency\/AFP<\/span><\/figcaption><\/figure>\n<\/div>\n<p>Adem\u00e1s, el texto firmado en el cierre del primer d\u00eda de la Cumbre de la\u00a0<a class=\"gtm-add-suggested-tag\" href=\"https:\/\/www.france24.com\/es\/tag\/amazonia\/\" target=\"_self\" rel=\"noopener\">Amazon\u00eda<\/a>\u00a0establece una agenda para\u00a0<strong>combatir la deforestaci\u00f3n y el crimen dentro de la selva<\/strong>, adem\u00e1s de anunciar l<strong>a creaci\u00f3n de Centro de Cooperaci\u00f3n Policial Internacional en la Amazon\u00eda<\/strong>\u00a0que tendr\u00e1 como responsabilidad la coordinaci\u00f3n en la cooperaci\u00f3n log\u00edstica de los Estados signatarios para ayudar a sus autoridades locales a\u00a0<strong>proteger el bioma amaz\u00f3nico<\/strong>, aunque deja libertad a los gobiernos para definir sus propios m\u00e9todos de protecci\u00f3n.<\/p>\n<h2><strong>Desacuerdos por los combustibles f\u00f3siles<\/strong><\/h2>\n<p>A pesar del consenso en temas como la inclusi\u00f3n de los pueblos ind\u00edgenas en las campa\u00f1as de protecci\u00f3n ambiental de la Amazon\u00eda, dentro de los ocho miembros de la Organizaci\u00f3n del Tratado de Cooperaci\u00f3n Amaz\u00f3nica (OTCA) hubo un tema que provoc\u00f3 divisi\u00f3n: el uso de combustibles f\u00f3siles<\/p>\n<p>El presidente de\u00a0<a class=\"gtm-add-suggested-tag\" href=\"https:\/\/www.france24.com\/es\/tag\/colombia\/\" target=\"_self\" rel=\"noopener\">Colombia<\/a>,\u00a0<a class=\"gtm-add-suggested-tag\" href=\"https:\/\/www.france24.com\/es\/tag\/gustavo-petro\/\" target=\"_self\" rel=\"noopener\">Gustavo Petro<\/a>, critic\u00f3 la postura &#8220;negacionista&#8221; de algunos gobiernos progresistas, se\u00f1alando la imposibilidad de sostener un discurso favorable a la protecci\u00f3n del ambiente mientras se sigue buscando el crecimiento econ\u00f3mico con el uso indiscriminado del gas, petr\u00f3leo y carb\u00f3n.<\/p>\n<p>&#8220;\u00bfEs posible mantener una l\u00ednea pol\u00edtica de ese nivel? \u00bfApostarle a la muerte y destruir la vida? \u00bfO deber\u00edamos plantear otra cosa diferente que es lo que llamo sociedad descarbonizada?&#8221;, cuestion\u00f3 el mandatario colombiano, que no hizo alusi\u00f3n a ning\u00fan pa\u00eds en espec\u00edfico, pero afirm\u00f3 que el uso de hidrocarburos fue un tema de &#8220;disenso&#8221; entre los asistentes a la cumbre.<\/p>\n<div class=\"m-em-image\">\n<figure class=\"m-figure m-figure--original\"><picture><source srcset=\"https:\/\/s.france24.com\/media\/display\/48b28d7a-364f-11ee-80db-005056bfb2b6\/AP23220522706397.webp\" type=\"image\/webp\" sizes=\"\" \/><img decoding=\"async\" class=\"m-figure__img lazy loaded\" src=\"https:\/\/s.france24.com\/media\/display\/48b28d7a-364f-11ee-80db-005056bfb2b6\/AP23220522706397.jpg\" sizes=\"\" srcset=\"https:\/\/s.france24.com\/media\/display\/48b28d7a-364f-11ee-80db-005056bfb2b6\/AP23220522706397.jpg\" alt=\"El presidente de Colombia, Gustavo Petro, asiste a la Cumbre Amaz\u00f3nica en el Centro de Convenciones Hangar en Belem, Brasil, el martes 8 de agosto de 2023.\" width=\"2480\" height=\"1667\" data-ll-status=\"loaded\" \/><\/picture><figcaption class=\"m-figure__caption\"><span class=\"a-media-legend\">El presidente de Colombia, Gustavo Petro, asiste a la Cumbre Amaz\u00f3nica en el Centro de Convenciones Hangar en Belem, Brasil, el martes 8 de agosto de 2023.<\/span>\u00a0<span class=\"a-media-legend\">\u00a9 AP \/ Eraldo Peres<\/span><\/figcaption><\/figure>\n<\/div>\n<p>En una posible respuesta indirecta, el ministro de Exteriores anfitri\u00f3n, Mauro Viera, subray\u00f3 que entre los pa\u00edses de la OTCA no existen &#8220;posiciones divergentes&#8221; en relaci\u00f3n con el uso de combustibles f\u00f3siles, aunque al ser cuestionado por el proyecto que impulsa el Gobierno brasile\u00f1o en relaci\u00f3n a la b\u00fasqueda de reservas de combustibles en terreno amaz\u00f3nico, el canciller sentenci\u00f3 que su pa\u00eds estar\u00e1 listo para la descarbonizaci\u00f3n &#8220;cuando sea necesario&#8221;.<\/p>\n<p>El tema del uso de combustibles no renovables solo est\u00e1 plasmado una vez en la Declaraci\u00f3n de Bel\u00e9m, espec\u00edficamente en el punto 79 que expone el compromiso de los firmantes a &#8220;iniciar un di\u00e1logo sobre la sostenibilidad de sectores tales como miner\u00eda e hidrocarburos en la regi\u00f3n amaz\u00f3nica&#8221;.<\/p>\n<h2><strong>Ambientalistas lamentan &#8220;falta de acciones concretas&#8221;<\/strong><\/h2>\n<p>A pesar de que la cumbre fue calificada por Lula da Silva como &#8220;hist\u00f3rica&#8221; y un gran avance para la lucha contra la crisis clim\u00e1tica, organizaciones no gubernamentales como el Observat\u00f3rio do Clima -conglomerado de m\u00e1s de 70 grupos ambientalistas brasile\u00f1os- no est\u00e1n convencidos del compromiso mostrado por los l\u00edderes pol\u00edticos de la regi\u00f3n amaz\u00f3nica.<\/p>\n<p>Marcio Astrini, director del organismo brasile\u00f1o, calific\u00f3 el texto final de la cumbre como &#8220;una lista de promesas&#8221;, y aunque reconoci\u00f3 que lo visto en Bel\u00e9m se trata de &#8220;un primer paso&#8221;, lament\u00f3 la falta de &#8220;decisiones concretas&#8221; sobre temas como la deforestaci\u00f3n en la selva.<\/p>\n<p>&#8220;El planeta se est\u00e1 derritiendo, est\u00e1n rompi\u00e9ndose r\u00e9cords de temperatura todos los d\u00edas, y no es posible que ocho l\u00edderes amaz\u00f3nicos no logren colocar en una declaraci\u00f3n con letras garrafales que la deforestaci\u00f3n necesita ser (llevada a) cero&#8221;, se\u00f1al\u00f3 Astrini.<\/p>\n<p>La Cumbre de la\u00a0<a class=\"gtm-add-suggested-tag\" href=\"https:\/\/www.france24.com\/es\/tag\/amazonia\/\" target=\"_self\" rel=\"noopener\">Amazon\u00eda<\/a>\u00a0seguir\u00e1 con su segundo y \u00faltimo d\u00eda el pr\u00f3ximo 9 de agosto, donde la sociedad civil y el movimiento ambientalista estar\u00e1 pendiente de los posibles anuncios y compromisos a los que los representantes de la regi\u00f3n puedan llegar.<\/p>\n<p class=\"empty\">\n<p>Con EFE y medios locales<\/p>\n<p>Tomado de: <a href=\"https:\/\/www.france24.com\/es\/medio-ambiente\/20230809-pa%C3%ADses-amaz%C3%B3nicos-firman-la-declaraci%C3%B3n-de-bel%C3%A9m-urgen-a-las-potencias-a-cumplir-sus-compromisos\">https:\/\/www.france24.com\/es\/medio-ambiente\/20230809-pa%C3%ADses-amaz%C3%B3nicos-firman-la-declaraci%C3%B3n-de-bel%C3%A9m-urgen-a-las-potencias-a-cumplir-sus-compromisos<\/a><\/p>\n","protected":false},"excerpt":{"rendered":"<p>En el cierre del primer d\u00eda de la Cumbre de la Amazon\u00eda, los l\u00edderes de los ocho pa\u00edses que hospedan la regi\u00f3n del Amazonas firmaron la Declaraci\u00f3n de Bel\u00e9m, texto definitivo que plasma los compromisos acordados en el encuentro. Un documento compuesto por 113 puntos que conglomera nuevas formas de cooperaci\u00f3n regional y que traza un &#8220;ambicioso&#8221; plan de protecci\u00f3n para la mayor selva tropical del planeta. En el texto se llama la atenci\u00f3n a los pa\u00edses de mayores ingresos para que refuercen su compromiso con la acci\u00f3n clim\u00e1tica.<\/p>\n<p>Desde\u00a0Brasil, el presidente anfitri\u00f3n\u00a0Luiz Inacio Lula da Silva\u00a0abri\u00f3 la cumbre afirmando que el resultado de ella representar\u00eda\u00a0un &#8220;antes y despu\u00e9s&#8221; en la historia de la Amazon\u00eda,\u00a0esperanzado, pero tambi\u00e9n expectante ante la urgencia que representa la crisis clim\u00e1tica para el llamado &#8216;pulm\u00f3n del mundo&#8217;.<\/p>\n<p>Las charlas diplom\u00e1ticas entre los jefes de Estado de\u00a0Colombia,\u00a0Bolivia, Per\u00fa,\u00a0Guyana\u00a0y\u00a0Brasil, as\u00ed como altos representantes gubernamentales de\u00a0Venezuela,\u00a0Ecuador\u00a0y\u00a0Surinam, se materializaron en\u00a0la Declaraci\u00f3n de Bel\u00e9m,\u00a0nombrada en consonancia con la ciudad brasile\u00f1a sede de la cumbre.<\/p>\n","protected":false},"author":327,"featured_media":39932,"comment_status":"open","ping_status":"open","sticky":false,"template":"","format":"standard","meta":{"_acf_changed":false,"footnotes":""},"categories":[3],"tags":[],"class_list":["post-39935","post","type-post","status-publish","format-standard","has-post-thumbnail","hentry","category-radar","category-3","description-off"],"acf":[],"_links":{"self":[{"href":"https:\/\/www.raisg.org\/en\/wp-json\/wp\/v2\/posts\/39935","targetHints":{"allow":["GET"]}}],"collection":[{"href":"https:\/\/www.raisg.org\/en\/wp-json\/wp\/v2\/posts"}],"about":[{"href":"https:\/\/www.raisg.org\/en\/wp-json\/wp\/v2\/types\/post"}],"author":[{"embeddable":true,"href":"https:\/\/www.raisg.org\/en\/wp-json\/wp\/v2\/users\/327"}],"replies":[{"embeddable":true,"href":"https:\/\/www.raisg.org\/en\/wp-json\/wp\/v2\/comments?post=39935"}],"version-history":[{"count":0,"href":"https:\/\/www.raisg.org\/en\/wp-json\/wp\/v2\/posts\/39935\/revisions"}],"wp:featuredmedia":[{"embeddable":true,"href":"https:\/\/www.raisg.org\/en\/wp-json\/wp\/v2\/media\/39932"}],"wp:attachment":[{"href":"https:\/\/www.raisg.org\/en\/wp-json\/wp\/v2\/media?parent=39935"}],"wp:term":[{"taxonomy":"category","embeddable":true,"href":"https:\/\/www.raisg.org\/en\/wp-json\/wp\/v2\/categories?post=39935"},{"taxonomy":"post_tag","embeddable":true,"href":"https:\/\/www.raisg.org\/en\/wp-json\/wp\/v2\/tags?post=39935"}],"curies":[{"name":"wp","href":"https:\/\/api.w.org\/{rel}","templated":true}]}}