{"id":41395,"date":"2023-09-07T16:18:00","date_gmt":"2023-09-07T19:18:00","guid":{"rendered":"https:\/\/www.raisg.org\/radar\/en-amazonas-comision-de-cientificos-saldran-en-expedicion-al-casiquiare\/"},"modified":"2023-11-28T16:21:12","modified_gmt":"2023-11-28T19:21:12","slug":"en-amazonas-comision-de-cientificos-saldran-en-expedicion-al-casiquiare","status":"publish","type":"post","link":"https:\/\/www.raisg.org\/en\/radar\/en-amazonas-comision-de-cientificos-saldran-en-expedicion-al-casiquiare\/","title":{"rendered":"En Amazonas comisi\u00f3n de cient\u00edficos saldr\u00e1n en expedici\u00f3n al Casiquiare"},"content":{"rendered":"<p>\u00daltimas Noticias<\/p>\n<p>&nbsp;<\/p>\n<p>La comisi\u00f3n binacional de cient\u00edficos de Venezuela y Colombia investigar\u00e1 los mam\u00edferos acu\u00e1ticos.<\/p>\n<p>&nbsp;<\/p>\n<p class=\"has-text-align-justify\">Esta semana, lleg\u00f3 a Puerto Ayacucho, Amazonas, la primera comisi\u00f3n binacional de cient\u00edficos de Venezuela y Colombia que saldr\u00e1 en expedici\u00f3n al r\u00edo Casiquiare, inform\u00f3 el gobernador de esa entidad, Miguel Rodr\u00edguez, quien recibi\u00f3 a los investigadores.<\/p>\n<p class=\"has-text-align-justify\">\u201cLa comisi\u00f3n es del Proyecto \u201cSOTALIA\u201d, y est\u00e1 enmarcado en las nueve l\u00edneas de acci\u00f3n establecidas en la \u00faltima reuni\u00f3n de la Organizaci\u00f3n de Tratado de la Cuenta Amaz\u00f3nica (OTCA)\u201d, explic\u00f3 el gobernador en su cuenta en sus redes sociales, rese\u00f1\u00f3 nota de prensa de AVN.<\/p>\n<p>\u201cEl proyecto SOTALIA investiga los mam\u00edferos acu\u00e1ticos en Venezuela, en este caso la Tonina, y est\u00e1 dirigido por investigadores del IVIC y del Ministerio de Ecosocialismo junto a los hermanos colombianos dirigidos por el reconocido cient\u00edfico Fernando Trujillo\u201d, precis\u00f3 Rodr\u00edguez.<\/p>\n<figure class=\"wp-block-embed is-type-rich is-provider-instagram wp-block-embed-instagram\">\n<div class=\"wp-block-embed__wrapper\"><iframe id=\"instagram-embed-0\" class=\"instagram-media instagram-media-rendered\" src=\"https:\/\/www.instagram.com\/p\/Cw3m3ZBNYq3\/embed\/captioned\/?cr=1&amp;v=14&amp;wp=1184&amp;rd=https%3A%2F%2Fultimasnoticias.com.ve&amp;rp=%2Fnoticias%2Famazonas%2Fen-amazonas-comision-de-cientificos-saldran-en-expedicion-al-casiquiare%2F#%7B%22ci%22%3A0%2C%22os%22%3A1402.6000000238419%7D\" height=\"955\" frameborder=\"0\" scrolling=\"no\" allowfullscreen=\"allowfullscreen\" data-instgrm-payload-id=\"instagram-media-payload-0\" data-mce-fragment=\"1\"><\/iframe><\/div>\n<\/figure>\n<p>Al respecto, indic\u00f3 que la expedici\u00f3n busca proyectar y fomentar el ecoturismo pues ir\u00e1n a bordo de La Iguana, el emblem\u00e1tico barco de Selva Adentro Expediciones.<\/p>\n<div id=\"ultim-5c750380346ae6bdff266c5bc61c284a\" class=\"ultim-5c750380346ae6bdff266c5bc61c284a ultim-content\"><\/div>\n<p class=\"has-text-align-justify\">Recientemente, el ministro para Ecosocialismo, Josu\u00e9 Alejandro Lorca Vega inform\u00f3 que el proyecto se propone \u201crecoger datos cient\u00edficos de la especie Inia geoffrensis (Tonina) que est\u00e1 protegida y amenazada, y as\u00ed garantizar su permanencia. Adem\u00e1s de ayudar a la poblaci\u00f3n local y fomentar el desarrollo del turismo en la zona\u201d.<\/p>\n<p class=\"has-text-align-justify\">Se prev\u00e9 que con esta expedici\u00f3n se tomen datos \u201cdel n\u00famero de poblaci\u00f3n y estado de salud de los Delfines\u201d, detall\u00f3.<\/p>\n<p>&nbsp;<\/p>\n<p>&nbsp;<\/p>\n<p>Tomado de: https:\/\/ultimasnoticias.com.ve\/noticias\/amazonas\/en-amazonas-comision-de-cientificos-saldran-en-expedicion-al-casiquiare\/#google_vignette<\/p>\n","protected":false},"excerpt":{"rendered":"<p>\u00daltimas Noticias &nbsp; La comisi\u00f3n binacional de cient\u00edficos de Venezuela y Colombia investigar\u00e1 los mam\u00edferos acu\u00e1ticos. &nbsp; Esta semana, lleg\u00f3 a Puerto Ayacucho, Amazonas, la primera comisi\u00f3n binacional de cient\u00edficos de Venezuela y Colombia que saldr\u00e1 en expedici\u00f3n al r\u00edo Casiquiare, inform\u00f3 el gobernador de esa entidad, Miguel Rodr\u00edguez, quien recibi\u00f3 a los investigadores. \u201cLa&hellip;<\/p>\n","protected":false},"author":324,"featured_media":41392,"comment_status":"open","ping_status":"open","sticky":false,"template":"","format":"standard","meta":{"_acf_changed":false,"footnotes":""},"categories":[3],"tags":[],"class_list":["post-41395","post","type-post","status-publish","format-standard","has-post-thumbnail","hentry","category-radar","category-3","description-off"],"acf":[],"_links":{"self":[{"href":"https:\/\/www.raisg.org\/en\/wp-json\/wp\/v2\/posts\/41395","targetHints":{"allow":["GET"]}}],"collection":[{"href":"https:\/\/www.raisg.org\/en\/wp-json\/wp\/v2\/posts"}],"about":[{"href":"https:\/\/www.raisg.org\/en\/wp-json\/wp\/v2\/types\/post"}],"author":[{"embeddable":true,"href":"https:\/\/www.raisg.org\/en\/wp-json\/wp\/v2\/users\/324"}],"replies":[{"embeddable":true,"href":"https:\/\/www.raisg.org\/en\/wp-json\/wp\/v2\/comments?post=41395"}],"version-history":[{"count":1,"href":"https:\/\/www.raisg.org\/en\/wp-json\/wp\/v2\/posts\/41395\/revisions"}],"predecessor-version":[{"id":41397,"href":"https:\/\/www.raisg.org\/en\/wp-json\/wp\/v2\/posts\/41395\/revisions\/41397"}],"wp:featuredmedia":[{"embeddable":true,"href":"https:\/\/www.raisg.org\/en\/wp-json\/wp\/v2\/media\/41392"}],"wp:attachment":[{"href":"https:\/\/www.raisg.org\/en\/wp-json\/wp\/v2\/media?parent=41395"}],"wp:term":[{"taxonomy":"category","embeddable":true,"href":"https:\/\/www.raisg.org\/en\/wp-json\/wp\/v2\/categories?post=41395"},{"taxonomy":"post_tag","embeddable":true,"href":"https:\/\/www.raisg.org\/en\/wp-json\/wp\/v2\/tags?post=41395"}],"curies":[{"name":"wp","href":"https:\/\/api.w.org\/{rel}","templated":true}]}}