{"id":41433,"date":"2023-11-10T16:30:55","date_gmt":"2023-11-10T19:30:55","guid":{"rendered":"https:\/\/www.raisg.org\/radar\/piden-a-la-cidh-medidas-cautelares-para-evitar-mayor-dano-ecologico-y-violacion-de-ddhh-en-el-arco-minero\/"},"modified":"2023-11-28T16:35:34","modified_gmt":"2023-11-28T19:35:34","slug":"piden-a-la-cidh-medidas-cautelares-para-evitar-mayor-dano-ecologico-y-violacion-de-ddhh-en-el-arco-minero","status":"publish","type":"post","link":"https:\/\/www.raisg.org\/en\/radar\/piden-a-la-cidh-medidas-cautelares-para-evitar-mayor-dano-ecologico-y-violacion-de-ddhh-en-el-arco-minero\/","title":{"rendered":"Piden a la CIDH medidas cautelares para evitar mayor da\u00f1o ecol\u00f3gico y violaci\u00f3n de DDHH en el Arco Minero"},"content":{"rendered":"<p>RunRunes<\/p>\n<p>G\u00e9nesis Pe\u00f1a Moreno<\/p>\n<p>&nbsp;<\/p>\n<ul>\n<li>SOSOrinoco advirti\u00f3 en el marco del\u00a0 188\u00b0 periodo de sesiones de la Comisi\u00f3n Interamericana de Derechos Humanos (CIDH) que\u00a0hay una nueva y m\u00e1s grande\u00a0\u00abinvasi\u00f3n\u00bb de galimpeiros que se han aliado a la FANB\u00a0y \u00abest\u00e1n invadiendo territorios yanomamis, yecuanas y las cabeceras del R\u00edo Orinoco\u00bb<\/li>\n<li>\u00abLa CIDH podr\u00eda dictar medidas cautelares para evitar mayores da\u00f1os ecol\u00f3gicos y da\u00f1os irreparables al medio ambiente-por la miner\u00eda ilegal en Venezuela- y asegurar la protecci\u00f3n de la vida y de la integridad de poblaciones ind\u00edgenas y criollas\u00bb, consider\u00f3 Cristina Burelli, fundadora de SOSOrinoco<\/li>\n<\/ul>\n<p>&nbsp;<\/p>\n<p>La\u00a0<a href=\"https:\/\/twitter.com\/CIDH\">Comisi\u00f3n Interamericana de Derechos Humanos (CIDH),<\/a>\u00a0en el marco de su 188\u00b0 periodo de sesiones, atendi\u00f3 en una audiencia el tema de\u00a0la miner\u00eda ilegal y la vulneraci\u00f3n de derechos humanos\u00a0en el sur de Venezuela as\u00ed como en otros pa\u00edses de Am\u00e9rica Latina.<\/p>\n<p>En el debate participaron organizaciones de pa\u00edses como Bolivia, Per\u00fa, Brasil, Nicaragua y Venezuela. Por nuestro pa\u00eds particip\u00f3\u00a0<a href=\"https:\/\/twitter.com\/SOSOrinoco\/status\/1720843037624975775\">SOSOrinoco<\/a>, quien present\u00f3 datos sobre la\u00a0explotaci\u00f3n minera en el Arco del Orinoco\u00a0y sus consecuencias no solo para el medio ambiente, sino para las comunidades ind\u00edgenas, quienes son las m\u00e1s afectadas.<\/p>\n<p>Este informe fue presentado por Cristina Burelli, fundadora de SOSOrinoco, quien resalt\u00f3 la situaci\u00f3n actual del pa\u00eds en esta materia, que encabeza la violaci\u00f3n de derechos humanos no s\u00f3lo a ind\u00edgenas sino tambi\u00e9n a mineros.<\/p>\n<blockquote><p>\u00abEl decreto ilegal del Arco Minero permite e impulsa la miner\u00eda criminal e ilegal que viola los derechos de los ind\u00edgenas, los derechos humanos de mineros y los derechos ambientales, es un modelo que le permite a Nicol\u00e1s Maduro y a sus allegados que se aferran al poder\u00a0 enriquecerse directamente\u00bb resalt\u00f3.<\/p><\/blockquote>\n<p>Recalc\u00f3 que la administraci\u00f3n de Maduro\u00a0se ha asociado con bandas criminales trasnacionales y nacionales,\u00a0as\u00ed como con la guerrilla colombiana, para operar y llevar el control de la miner\u00eda en el sur del pa\u00eds.<\/p>\n<p>&nbsp;<\/p>\n<h3>El negocio de los minerales algo \u00absencillo y poco sofisticado\u00bb<\/h3>\n<p>De acuerdo con Burelli, el negocio de la miner\u00eda de oro en Venezuela requiere de \u00abun\u00a0monopolio sobre el combustible, mercurio ilegal que se utiliza sin control,\u00a0acceso a las \u00e1reas protegidas donde permiten hacer miner\u00eda y facilitar el transporte de maquinarias y balsas mineras\u00bb.<\/p>\n<p>Seg\u00fan la fundadora de\u00a0SOSOrinoco\u00a0todo pasa por el control de la Fuerza Armada, en compa\u00f1\u00eda de autoridades civiles y la Corporaci\u00f3n Venezolana de Miner\u00eda.<\/p>\n<p>No obstante, advirti\u00f3 tambi\u00e9n que hay una nueva y m\u00e1s grande\u00a0\u00abinvasi\u00f3n\u00bb de galimpeiros que se han aliado a la FANB\u00a0y \u00abest\u00e1n invadiendo territorios yanomamis, yecuanas y las cabeceras del R\u00edo Orinoco\u00bb.<\/p>\n<p>Todos estos actos causan\u00a0graves da\u00f1os al medio ambiente a largo plazo,\u00a0no s\u00f3lo en el territorio venezolano, sino en toda la regi\u00f3n.<\/p>\n<blockquote><p>\u00abLa CIDH podr\u00eda dictar medidas cautelares para evitar mayores da\u00f1os ecol\u00f3gicos y da\u00f1os irreparables al medio ambiente, as\u00ed como el derecho a un medio ambiente sano y de esta manera asegurar la protecci\u00f3n de la vida y de la integridad de poblaciones ind\u00edgenas y criollas\u00bb.<\/p><\/blockquote>\n<p>&nbsp;<\/p>\n<h3>Ind\u00edgenas tambi\u00e9n participaron en la audiencia<\/h3>\n<p>Por la comunidad ind\u00edgena de Venezuela particip\u00f3 Olnar Ortiz, abogado\u00a0 representante de la Amazon\u00eda venezolana.<\/p>\n<p>D\u00edaz recalc\u00f3 la necesidad del desarrollo de normativas espec\u00edficas\u00a0y que\u00a0el pa\u00eds pueda firmar el Acuerdo de Escaz\u00fa,\u00a0pues la violaci\u00f3n de derechos de las comunidades ind\u00edgenas se ha intensificado.<\/p>\n<blockquote><p>\u00abSolamente en el estado Amazonas, producto de la droga y la miner\u00eda ilegal , entre el a\u00f1o 2022 y 2023 han ocurrido dos masacres a poblaciones ind\u00edgenas\u00bb,\u00a0 denunci\u00f3, al tiempo que mencion\u00f3 la presencia de grupos armados en\u00a0 territorios en los que han registrado el asesinato de l\u00edderes de estas comunidades.<\/p><\/blockquote>\n<p>A su vez,\u00a0las amenazas y hostigamiento cada vez son m\u00e1s frecuentes.<\/p>\n<p>D\u00edaz asegur\u00f3 que la situaci\u00f3n se agrava cada vez m\u00e1s y los efectos en el medio ambiente ya pueden percibirse,\u00a0por lo que insisti\u00f3 en que se debe actuar prontamente\u00a0y \u00abhacer lo que sea necesario para que los estados cumplan con los est\u00e1ndares internacionales\u00bb de los que atenten contra el medio ambiente.<\/p>\n<p>Por otro lado, y\u00a0 tras el levantamiento de las sanciones al oro,\u00a0<a href=\"http:\/\/cidh\/\">SOSOrinoco<\/a>\u00a0ha hecho \u00e9nfasis en que esto est\u00e1 creando una\u00a0situaci\u00f3n en la que se da una atracci\u00f3n por los pa\u00edses fronterizos que tienen miner\u00eda ilegal (Guyana, Brasil y Colombia).<\/p>\n<p>Ellos\u00a0van a poder \u00abcanalizar el producto ilegal a trav\u00e9s de la empresa Minerven\u00a0y de esa manera obtener esa miner\u00eda, entonces es una situaci\u00f3n muy compleja\u00bb , dijo la presidenta de la ONG.<\/p>\n<p>Ante estos planteamientos y los de los dem\u00e1s pa\u00edses participantes la CIDH acord\u00f3 trabajar en pro de soluciones no s\u00f3lo para estas naciones sino de todo el mundo ha que este es un tema de \u00abvida de toda la humanidad\u00bb , apunt\u00f3 Esmeralda Arosemera, presidenta de la CIDH.<\/p>\n<p>&nbsp;<\/p>\n","protected":false},"excerpt":{"rendered":"<p>RunRunes G\u00e9nesis Pe\u00f1a Moreno &nbsp; SOSOrinoco advirti\u00f3 en el marco del\u00a0 188\u00b0 periodo de sesiones de la Comisi\u00f3n Interamericana de Derechos Humanos (CIDH) que\u00a0hay una nueva y m\u00e1s grande\u00a0\u00abinvasi\u00f3n\u00bb de galimpeiros que se han aliado a la FANB\u00a0y \u00abest\u00e1n invadiendo territorios yanomamis, yecuanas y las cabeceras del R\u00edo Orinoco\u00bb \u00abLa CIDH podr\u00eda dictar medidas cautelares&hellip;<\/p>\n","protected":false},"author":324,"featured_media":41430,"comment_status":"open","ping_status":"open","sticky":false,"template":"","format":"standard","meta":{"_acf_changed":false,"footnotes":""},"categories":[3],"tags":[],"class_list":["post-41433","post","type-post","status-publish","format-standard","has-post-thumbnail","hentry","category-radar","category-3","description-off"],"acf":[],"_links":{"self":[{"href":"https:\/\/www.raisg.org\/en\/wp-json\/wp\/v2\/posts\/41433","targetHints":{"allow":["GET"]}}],"collection":[{"href":"https:\/\/www.raisg.org\/en\/wp-json\/wp\/v2\/posts"}],"about":[{"href":"https:\/\/www.raisg.org\/en\/wp-json\/wp\/v2\/types\/post"}],"author":[{"embeddable":true,"href":"https:\/\/www.raisg.org\/en\/wp-json\/wp\/v2\/users\/324"}],"replies":[{"embeddable":true,"href":"https:\/\/www.raisg.org\/en\/wp-json\/wp\/v2\/comments?post=41433"}],"version-history":[{"count":1,"href":"https:\/\/www.raisg.org\/en\/wp-json\/wp\/v2\/posts\/41433\/revisions"}],"predecessor-version":[{"id":41435,"href":"https:\/\/www.raisg.org\/en\/wp-json\/wp\/v2\/posts\/41433\/revisions\/41435"}],"wp:featuredmedia":[{"embeddable":true,"href":"https:\/\/www.raisg.org\/en\/wp-json\/wp\/v2\/media\/41430"}],"wp:attachment":[{"href":"https:\/\/www.raisg.org\/en\/wp-json\/wp\/v2\/media?parent=41433"}],"wp:term":[{"taxonomy":"category","embeddable":true,"href":"https:\/\/www.raisg.org\/en\/wp-json\/wp\/v2\/categories?post=41433"},{"taxonomy":"post_tag","embeddable":true,"href":"https:\/\/www.raisg.org\/en\/wp-json\/wp\/v2\/tags?post=41433"}],"curies":[{"name":"wp","href":"https:\/\/api.w.org\/{rel}","templated":true}]}}