{"id":42167,"date":"2024-02-12T08:19:45","date_gmt":"2024-02-12T11:19:45","guid":{"rendered":"https:\/\/www.raisg.org\/?p=42167"},"modified":"2024-02-23T08:21:15","modified_gmt":"2024-02-23T11:21:15","slug":"gobierno-de-ecuador-sopesa-retrasar-cierre-de-polemico-bloque-petrolero-itt","status":"publish","type":"post","link":"https:\/\/www.raisg.org\/en\/radar\/gobierno-de-ecuador-sopesa-retrasar-cierre-de-polemico-bloque-petrolero-itt\/","title":{"rendered":"Gobierno de Ecuador sopesa retrasar cierre de pol\u00e9mico bloque petrolero ITT"},"content":{"rendered":"<p>NEW EsEURO<br \/>\n12 de febrero, 2024<\/p>\n<ul>\n<li><em>El gobierno de Ecuador est\u00e1 considerando formas de evitar el cierre del bloque petrolero 43-ITT, ubicado dentro del Parque Nacional Yasun\u00ed en el este de la Amazonia, a pesar de los resultados de un refer\u00e9ndum nacional el a\u00f1o pasado para detener la perforaci\u00f3n.<\/em><\/li>\n<li><em>Desde su apertura en 2016, la operaci\u00f3n ha provocado numerosos derrames de petr\u00f3leo y la construcci\u00f3n de una carretera a trav\u00e9s de la reserva de 82.000 hect\u00e1reas (202.626 acres), amenazando la biodiversidad y a los grupos ind\u00edgenas, muchos de ellos que viven en aislamiento voluntario.<\/em><\/li>\n<li><em>Pero algunos funcionarios han dicho que el cierre del bloque petrolero debe retrasarse al menos un a\u00f1o para permitir que la econom\u00eda nacional responda a lo que podr\u00eda ascender a miles de millones de d\u00f3lares en p\u00e9rdidas.<\/em><\/li>\n<\/ul>\n<p>El gobierno de Ecuador est\u00e1 buscando formas de mantener abierto un controvertido bloque petrolero en la selva amaz\u00f3nica, desafiando los resultados de un refer\u00e9ndum para cerrar la operaci\u00f3n debido a la contaminaci\u00f3n y los riesgos para la salud p\u00fablica.<\/p>\n<p>Las autoridades dijeron que est\u00e1n considerando formas de evitar el cierre del bloque petrolero 43-ITT, ubicado dentro del Parque Nacional Yasun\u00ed en el este del Amazonas, a pesar de los resultados de un refer\u00e9ndum nacional el a\u00f1o pasado para detener la perforaci\u00f3n.<\/p>\n<p>\u201cTodo el sistema del Estado de derecho est\u00e1 en riesgo si no se cumple la voluntad del pueblo\u201d, dijo Pedro Bermeo, portavoz de YASunidos, un grupo anti-extractivismo que organiz\u00f3 el refer\u00e9ndum. \u201cEsto es fundamental para una democracia que funcione\u201d.<\/p>\n<p>M\u00e1s de cinco millones de personas votaron a favor del cierre del bloque petrolero el a\u00f1o pasado, que produc\u00eda alrededor de 57.000 barriles por d\u00eda en 12 plataformas petroleras y 230 pozos, seg\u00fan PetroEcuador, la petrolera estatal.<\/p>\n<p>Desde su apertura en 2016, la operaci\u00f3n masiva ha provocado numerosos derrames de petr\u00f3leo y la construcci\u00f3n de una carretera a trav\u00e9s de la reserva de 82.000 hect\u00e1reas (202.626 acres), amenazando la biodiversidad y a los grupos ind\u00edgenas, muchos de ellos que viven en aislamiento voluntario.<\/p>\n<p>Aunque los t\u00e9rminos del refer\u00e9ndum exigen que toda la infraestructura petrolera sea desmantelada en el plazo de un a\u00f1o (lo que significa que el bloque deber\u00eda cerrarse en agosto), varios funcionarios han pedido una \u201cmoratoria\u201d sobre el cierre para proteger la econom\u00eda. El petr\u00f3leo crudo representa alrededor de un tercio de las exportaciones de Ecuador y se esperaba que el bloque petrolero generara alrededor de 14 mil millones de d\u00f3lares en los pr\u00f3ximos 20 a\u00f1os, seg\u00fan PetroEcuador.<\/p>\n<figure class=\"wp-caption alignnone\"><figcaption class=\"wp-caption-text\"><\/figcaption><\/figure>\n<p>El viceministro de Econom\u00eda y Finanzas, Daniel Falcon\u00ed, dijo que el pa\u00eds necesita tiempo para encontrar un reemplazo para tantos ingresos. La ministra de Energ\u00eda, Andrea Arrobo, dijo que llenar un d\u00e9ficit de miles de millones de d\u00f3lares en la econom\u00eda podr\u00eda requerir que el bloque petrolero funcione durante al menos otros cinco a\u00f1os.<\/p>\n<p>El presidente Daniel Noboa, que asumi\u00f3 el cargo en noviembre pasado, prometi\u00f3 respetar los resultados del refer\u00e9ndum durante su campa\u00f1a pero, desde que asumi\u00f3 el cargo, ha dicho que la moratoria deber\u00eda durar un a\u00f1o, si no m\u00e1s.<\/p>\n<p>\u201cEstamos en guerra\u201d, dijo, refiri\u00e9ndose a una ola de violencia de pandillas que azot\u00f3 a Ecuador en enero y desestabiliz\u00f3 al pa\u00eds. \u201cNo estamos en la misma situaci\u00f3n que hace dos a\u00f1os [when a request for the referendum was originally approved].\u201d<\/p>\n<p>Los funcionarios no estuvieron disponibles para hacer comentarios o no respondieron a los correos electr\u00f3nicos de Mongabay.<\/p>\n<p>Retrasar el cierre del bloque petrolero podr\u00eda implicar la celebraci\u00f3n de un nuevo refer\u00e9ndum o solicitar una pr\u00f3rroga al Tribunal Constitucional. Hasta el momento, no se han tomado medidas formales para ninguna de las opciones.<\/p>\n<p>YASunidos y otros grupos activistas han solicitado informaci\u00f3n sobre el avance del cierre pero no han recibido respuesta. Tampoco se les ha dicho qu\u00e9 camino planean tomar los funcionarios para mantener abierto el bloque petrolero.<\/p>\n<p>Este mes presentaron una solicitud ante el Tribunal Constitucional pidiendo que la organizaci\u00f3n intervenga debido a los comentarios hechos por el presidente y otros funcionarios.<\/p>\n<p>\u201cLo que esperamos en los pr\u00f3ximos meses es que el tribunal utilice sus poderes para monitorear el caso y obligar al gobierno a cumplir con este mandato popular\u201d, dijo Bermeo.<\/p>\n<p><em><strong>Imagen de portada:<\/strong>\u00a0Parque Nacional Yasun\u00ed. Foto cortes\u00eda de Conservaci\u00f3n Global.<\/em><\/p>\n<div>\n<div>\n<p>&nbsp;<\/p>\n<\/div>\n<\/div>\n<p>Tomado de: <a href=\"https:\/\/news.eseuro.com\/trends\/3134082.html\">https:\/\/news.eseuro.com\/trends\/3134082.html<\/a><\/p>\n","protected":false},"excerpt":{"rendered":"<p>El gobierno de Ecuador est\u00e1 considerando formas de evitar el cierre del bloque petrolero 43-ITT, ubicado dentro del Parque Nacional Yasun\u00ed en el este de la Amazonia, a pesar de los resultados de un refer\u00e9ndum nacional el a\u00f1o pasado para detener la perforaci\u00f3n.<br \/>\nDesde su apertura en 2016, la operaci\u00f3n ha provocado numerosos derrames de petr\u00f3leo y la construcci\u00f3n de una carretera a trav\u00e9s de la reserva de 82.000 hect\u00e1reas (202.626 acres), amenazando la biodiversidad y a los grupos ind\u00edgenas, muchos de ellos que viven en aislamiento voluntario.<br \/>\nPero algunos funcionarios han dicho que el cierre del bloque petrolero debe retrasarse al menos un a\u00f1o para permitir que la econom\u00eda nacional responda a lo que podr\u00eda ascender a miles de millones de d\u00f3lares en p\u00e9rdidas.<\/p>\n","protected":false},"author":296,"featured_media":42168,"comment_status":"open","ping_status":"open","sticky":false,"template":"","format":"standard","meta":{"_acf_changed":false,"footnotes":""},"categories":[2],"tags":[],"class_list":["post-42167","post","type-post","status-publish","format-standard","has-post-thumbnail","hentry","category-radar","category-2","description-off"],"acf":[],"_links":{"self":[{"href":"https:\/\/www.raisg.org\/en\/wp-json\/wp\/v2\/posts\/42167","targetHints":{"allow":["GET"]}}],"collection":[{"href":"https:\/\/www.raisg.org\/en\/wp-json\/wp\/v2\/posts"}],"about":[{"href":"https:\/\/www.raisg.org\/en\/wp-json\/wp\/v2\/types\/post"}],"author":[{"embeddable":true,"href":"https:\/\/www.raisg.org\/en\/wp-json\/wp\/v2\/users\/296"}],"replies":[{"embeddable":true,"href":"https:\/\/www.raisg.org\/en\/wp-json\/wp\/v2\/comments?post=42167"}],"version-history":[{"count":1,"href":"https:\/\/www.raisg.org\/en\/wp-json\/wp\/v2\/posts\/42167\/revisions"}],"predecessor-version":[{"id":42171,"href":"https:\/\/www.raisg.org\/en\/wp-json\/wp\/v2\/posts\/42167\/revisions\/42171"}],"wp:featuredmedia":[{"embeddable":true,"href":"https:\/\/www.raisg.org\/en\/wp-json\/wp\/v2\/media\/42168"}],"wp:attachment":[{"href":"https:\/\/www.raisg.org\/en\/wp-json\/wp\/v2\/media?parent=42167"}],"wp:term":[{"taxonomy":"category","embeddable":true,"href":"https:\/\/www.raisg.org\/en\/wp-json\/wp\/v2\/categories?post=42167"},{"taxonomy":"post_tag","embeddable":true,"href":"https:\/\/www.raisg.org\/en\/wp-json\/wp\/v2\/tags?post=42167"}],"curies":[{"name":"wp","href":"https:\/\/api.w.org\/{rel}","templated":true}]}}