{"id":42675,"date":"2024-04-18T15:08:00","date_gmt":"2024-04-18T18:08:00","guid":{"rendered":"https:\/\/www.raisg.org\/?p=42675"},"modified":"2024-04-24T15:08:47","modified_gmt":"2024-04-24T18:08:47","slug":"federacion-iberoamericana-de-defensoria-del-pueblo-fio-emite-alerta-temprana-para-contener-la-deforestacion-en-la-amazonia","status":"publish","type":"post","link":"https:\/\/www.raisg.org\/en\/radar\/federacion-iberoamericana-de-defensoria-del-pueblo-fio-emite-alerta-temprana-para-contener-la-deforestacion-en-la-amazonia\/","title":{"rendered":"Federaci\u00f3n Iberoamericana de Defensor\u00eda del Pueblo (FIO) emite Alerta Temprana para contener la deforestaci\u00f3n en la Amazon\u00eda"},"content":{"rendered":"<p>NEWS ESEURO<\/p>\n<p>18 de abril, 2024<\/p>\n<p>&nbsp;<\/p>\n<p>&nbsp;<\/p>\n<p>Comunicado 585\/ Leticia (Amazonas), 17 de abril de 2024 (@DefensoriaCol). Los riesgos causados \u200b\u200bpor la deforestaci\u00f3n y p\u00e9rdida de la Amazonia, que incluyen adem\u00e1s la contaminaci\u00f3n y el tr\u00e1fico ilegal de bienes especiales, est\u00e1n afectando el pleno ejercicio de los derechos humanos y degradando el ecosistema estrat\u00e9gico en el sur de Colombia y otras latitudes de los pa\u00edses vecinos.<\/p>\n<p>\u201cAnte tal escenario, junto a nuestras pares de Bolivia, Ecuador y Per\u00fa, adem\u00e1s de la Procuradur\u00eda Federal de Derechos Ciudadanos de Brasil, emitimos la Alerta Temprana FIO 001\u201d, dijo el Defensor del Pueblo de Colombia y presidente de la Federaci\u00f3n. Defensor del Pueblo Iberoamericano (FIO), Carlos Camargo Assis.<\/p>\n<p>El documento de prevenci\u00f3n y defensa de alertas, agreg\u00f3 el presidente de la FIO, \u201cbusca contribuir a la identificaci\u00f3n de soluciones integrales a los problemas socioambientales de la Amazon\u00eda, que en los \u00faltimos a\u00f1os ha perdido alrededor de 54,2 millones de hect\u00e1reas, lo que \u201cequivale al 9% de sus bosques\u201d.<\/p>\n<p>La Alerta Temprana resalta la gravedad de las amenazas que enfrenta la amplia regi\u00f3n, como la miner\u00eda ilegal, el avance de la frontera agr\u00edcola, la construcci\u00f3n de infraestructura sin adecuados estudios de impacto ambiental y sus consecuencias sobre los recursos h\u00eddricos, la biodiversidad y el medio ambiente. cambio clim\u00e1tico.<\/p>\n<p>\u201cEstas actividades no s\u00f3lo degradan el medio ambiente, tambi\u00e9n representan una violaci\u00f3n directa de los derechos humanos al impactar negativamente la calidad de vida de las comunidades \u00e9tnicas y locales que dependen del gran ecosistema\u201d, se\u00f1al\u00f3 el Defensor del Pueblo de Colombia.<\/p>\n<p>Aproximadamente 50 millones de personas, incluidos miembros de poco m\u00e1s de 400 grupos \u00e9tnicos, ven amenazados sus derechos a la vida, la libertad, la integridad y la seguridad, as\u00ed como el derecho a un medio ambiente saludable en grave riesgo.<\/p>\n<p>\u201cLa Amazonia, que alberga el 30 por ciento de la biodiversidad del planeta y contiene la cuenca del r\u00edo Amazonas, considerada la m\u00e1s grande del mundo con un promedio de 230.000 metros c\u00fabicos de agua por segundo, representa aproximadamente el 20 por ciento del agua dulce de la superficie terrestre del mundo. superficie, por lo que la articulaci\u00f3n de las naciones es fundamental para buscar acciones efectivas encaminadas a su preservaci\u00f3n\u201d, destac\u00f3 Carlos Camargo Assis.<\/p>\n<p>Deforestaci\u00f3n en los pa\u00edses que conforman la Amazon\u00eda<\/p>\n<p>\u2022 Bolivia: En 2022 registr\u00f3 una deforestaci\u00f3n de 309.553 hect\u00e1reas, es decir, un aumento del 16% respecto a 2021.<\/p>\n<p>\u2022 Colombia: Hist\u00f3ricamente, la Amazon\u00eda ha concentrado entre el 65% y el 69% de la deforestaci\u00f3n nacional, con un aumento alarmante tras el Acuerdo de Paz, firmado a finales de 2016.<\/p>\n<p>\u2022 Ecuador: Se ha observado una deforestaci\u00f3n masiva en ciertos territorios amaz\u00f3nicos a un ritmo alarmante, que pone en peligro el ecosistema local y la vida de las comunidades ind\u00edgenas.<\/p>\n<p>\u2022 Per\u00fa: M\u00e1s de 2,6 millones de hect\u00e1reas deforestadas entre 2001 y 2020, adem\u00e1s de una p\u00e9rdida de bosque h\u00famedo primario del 66% entre 2002 y 2022. Esto representa una importante preocupaci\u00f3n por su contribuci\u00f3n a las emisiones de gases de efecto invernadero.<\/p>\n<p>\u2022 Brasil: en el caso del pa\u00eds energ\u00e9tico, para el per\u00edodo agosto 2022-julio 2023, la tasa fue de 9.001 km\u00b2, lo que represent\u00f3 una disminuci\u00f3n de la deforestaci\u00f3n del 22,3% respecto a 2021.<\/p>\n<p>Recomendaciones para afrontar los peligros de la deforestaci\u00f3n descontrolada<\/p>\n<p>Ante la urgencia y responsabilidad de todos los actores involucrados en la protecci\u00f3n del vasto ecosistema, Alerta Temprana FIO 001 emite una serie de recomendaciones, como la implementaci\u00f3n de pol\u00edticas y programas que fomenten la conversi\u00f3n de actividades productivas hacia pr\u00e1cticas sustentables, el fortalecimiento de las autonom\u00edas gesti\u00f3n de territorios por parte de comunidades locales, apoyo continuo a instituciones p\u00fablicas y autoridades ind\u00edgenas.<\/p>\n<p>Adem\u00e1s, la coordinaci\u00f3n de esfuerzos con la Organizaci\u00f3n del Tratado de Cooperaci\u00f3n Amaz\u00f3nica (OTCA) y la Uni\u00f3n Europea, la exigencia relacionada con el cumplimiento del Reglamento de la Madera de la Uni\u00f3n Europea (EUTR)\u2014que impide el ingreso a Europa de madera y otros productos provenientes de la destrucci\u00f3n de bosques, promoviendo investigaciones conjuntas para abordar los factores subyacentes de la deforestaci\u00f3n, entre otras recomendaciones.<\/p>\n<p>\u201cLa deforestaci\u00f3n descontrolada podr\u00eda llevarnos a un punto sin retorno, con consecuencias irreversibles para el clima global y la sostenibilidad de nuestro planeta. Por este inmenso y preocupante motivo, enfatizamos la necesidad de acciones inmediatas y efectivas, instando a todos los Estados del mundo a cumplir con sus obligaciones internacionales y trabajar juntos en estrategias que promuevan el uso sostenible de los recursos de la Amazon\u00eda\u201d, fue el llamado Por Carlos Camargo Assis.<\/p>\n<p>Tomado de: <a href=\"https:\/\/news.eseuro.com\/local\/3362874.html\">https:\/\/news.eseuro.com\/local\/3362874.html<\/a><\/p>\n","protected":false},"excerpt":{"rendered":"<p>NEWS ESEURO 18 de abril, 2024 &nbsp; &nbsp; Comunicado 585\/ Leticia (Amazonas), 17 de abril de 2024 (@DefensoriaCol). Los riesgos causados \u200b\u200bpor la deforestaci\u00f3n y p\u00e9rdida de la Amazonia, que incluyen adem\u00e1s la contaminaci\u00f3n y el tr\u00e1fico ilegal de bienes especiales, est\u00e1n afectando el pleno ejercicio de los derechos humanos y degradando el ecosistema estrat\u00e9gico&hellip;<\/p>\n","protected":false},"author":296,"featured_media":42676,"comment_status":"open","ping_status":"open","sticky":false,"template":"","format":"standard","meta":{"_acf_changed":false,"footnotes":""},"categories":[2],"tags":[],"class_list":["post-42675","post","type-post","status-publish","format-standard","has-post-thumbnail","hentry","category-radar","category-2","description-off"],"acf":[],"_links":{"self":[{"href":"https:\/\/www.raisg.org\/en\/wp-json\/wp\/v2\/posts\/42675","targetHints":{"allow":["GET"]}}],"collection":[{"href":"https:\/\/www.raisg.org\/en\/wp-json\/wp\/v2\/posts"}],"about":[{"href":"https:\/\/www.raisg.org\/en\/wp-json\/wp\/v2\/types\/post"}],"author":[{"embeddable":true,"href":"https:\/\/www.raisg.org\/en\/wp-json\/wp\/v2\/users\/296"}],"replies":[{"embeddable":true,"href":"https:\/\/www.raisg.org\/en\/wp-json\/wp\/v2\/comments?post=42675"}],"version-history":[{"count":1,"href":"https:\/\/www.raisg.org\/en\/wp-json\/wp\/v2\/posts\/42675\/revisions"}],"predecessor-version":[{"id":42679,"href":"https:\/\/www.raisg.org\/en\/wp-json\/wp\/v2\/posts\/42675\/revisions\/42679"}],"wp:featuredmedia":[{"embeddable":true,"href":"https:\/\/www.raisg.org\/en\/wp-json\/wp\/v2\/media\/42676"}],"wp:attachment":[{"href":"https:\/\/www.raisg.org\/en\/wp-json\/wp\/v2\/media?parent=42675"}],"wp:term":[{"taxonomy":"category","embeddable":true,"href":"https:\/\/www.raisg.org\/en\/wp-json\/wp\/v2\/categories?post=42675"},{"taxonomy":"post_tag","embeddable":true,"href":"https:\/\/www.raisg.org\/en\/wp-json\/wp\/v2\/tags?post=42675"}],"curies":[{"name":"wp","href":"https:\/\/api.w.org\/{rel}","templated":true}]}}