{"id":45546,"date":"2024-09-27T16:47:51","date_gmt":"2024-09-27T19:47:51","guid":{"rendered":"https:\/\/www.raisg.org\/radar\/amazonia-venezolana-escapa-de-incendios-forestales-que-afectan-a-brasil-y-bolivia\/"},"modified":"2024-11-20T16:50:33","modified_gmt":"2024-11-20T19:50:33","slug":"amazonia-venezolana-escapa-de-incendios-forestales-que-afectan-a-brasil-y-bolivia","status":"publish","type":"post","link":"https:\/\/www.raisg.org\/en\/radar\/amazonia-venezolana-escapa-de-incendios-forestales-que-afectan-a-brasil-y-bolivia\/","title":{"rendered":"Amazon\u00eda venezolana escapa de incendios forestales que afectan a Brasil y Bolivia"},"content":{"rendered":"<p>Correo del Caron\u00ed<\/p>\n<p>Mariett Hamilton Garc\u00eda<\/p>\n<p>24 de septiembre de 2024<\/p>\n<p>&nbsp;<\/p>\n<p>Organizaciones promueven la concientizaci\u00f3n sobre el uso del fuego a los pueblos ind\u00edgenas para evitar generar incendios por actividades de la agricultura tradicional.<\/p>\n<p>&nbsp;<\/p>\n<p>El Grupo de Investigaciones sobre la Amazon\u00eda (Griam) present\u00f3 un balance sobre los incendios forestales en el estado Amazonas para el mes de septiembre de 2024, en el cual aseguran que \u201cno se observan focos de incendios a gran escala en el estado Amazonas\u201d, seg\u00fan uniformes de sus aliados en La Esmeralda, Ocamo y Mavaca del municipio Alto Orinoco, San Fernando de Atabapo y San Carlos de R\u00edo Negro.<\/p>\n<p>\u201cTampoco se reportan focos de incendios forestales\u201d al norte, sur y sureste del municipio Atures, se\u00f1alan las fuentes.<\/p>\n<p>Es importante se\u00f1alar que, para el primer trimestre de 2024, Amazonas super\u00f3 su media de incendios forestales. La Administraci\u00f3n Nacional de Aeron\u00e1utica y el Espacio (NASA por sus siglas en ingl\u00e9s) alert\u00f3 sobre alrededor de 5.690 focos de calor en Amazonas, Bol\u00edvar y Delta Amacuro.<\/p>\n<p>Asimismo, el Departamento de Ingenier\u00eda Hidrometeorol\u00f3gica de la Universidad Central de Venezuela (Hidromet-UCV) estim\u00f3 que cerca de 2.283 focos de calor se encontraban en Bol\u00edvar (19,94% del total), 252 en Amazonas (2,2%) y 320 en Delta Amacuro (2,8%).<\/p>\n<p>Si bien, durante enero y abril de 2024, este grupo advirti\u00f3 sobre incendios forestales \u201cindiscriminados\u201d en el estado Amazonas, especialmente en los municipios Atures, Autana, Alto Orinoco y Manapiare; la llegada de las lluvias en mayo permiti\u00f3 que disminuyeran.<\/p>\n<p>Actualmente sostienen que \u201ccon esta situaci\u00f3n en el estado Amazonas, al igual que en los estados Bol\u00edvar y Delta Amacuro, podemos reportar que la Amazon\u00eda venezolana escapa de la grave crisis de incendios forestales que afecta principalmente a Brasil y Bolivia\u201d, escribieron a trav\u00e9s de Instagram.<\/p>\n<p class=\"has-medium-font-size\"><strong>Educar sobre los incendios<\/strong><\/p>\n<p>Seg\u00fan esta organizaci\u00f3n, una de las principales causa que acrecent\u00f3 los incendios forestales fue la quema de conucos. Jos\u00e9 Becerra, coordinador de Investigaciones Ambientales de Griam, explic\u00f3 que \u201clos pueblos ind\u00edgenas han practicado tradicionalmente la quema vegetal para renovar nutrientes de la tierra, un m\u00e9todo que evita el uso de agroqu\u00edmicos u otros componentes que pueden resultar a\u00fan m\u00e1s da\u00f1inos\u201d.<\/p>\n<p>Asimismo manifest\u00f3 que promueven nuevas alternativas para preservar pr\u00e1cticas ancestrales que se adapten a las necesidades actuales.<\/p>\n<p>A fin de \u201cproporcionar apoyo log\u00edstico para llegar a comunidades alejadas, crear redes de apoyo y capacitaci\u00f3n, formar a miembros de estas comunidades en t\u00e9cnicas actualizadas sobre gesti\u00f3n del fuego, promover determinados cultivos que no requieren la quema de conucos, no quemar en zonas de especial inter\u00e9s y\/o fragilidad ecol\u00f3gica (\u2026)\u201d, detall\u00f3 Becerra.<\/p>\n<p>No obstante, los m\u00e1s j\u00f3venes de las comunidades ind\u00edgenas desconocen estas pr\u00e1cticas tradicionales, lo que se traduce en un mayor esfuerzo por asegurar que esta informaci\u00f3n se difunda eficazmente entre las nuevas generaciones.<\/p>\n<p>Por otro lado, los incendios inciden directamente en las actividades cotidianas de estas poblaciones, dado que dependen del acceso a los servicios ecosist\u00e9micos que ofrece el bioma amaz\u00f3nico. Por lo tanto, aseguran los expertos, de agravarse los incendios, provocar\u00eda el desplazamiento forzado de los pueblos ind\u00edgenas desde sus territorios hacia otros, lo cual dificulta su adaptaci\u00f3n y acceso a los servicios habituales.<\/p>\n<p>\u201cLos incendios focalizados que ocurren en la Amazon\u00eda venezolana tambi\u00e9n generan afectaciones a los bosques tropicales de nuestro pa\u00eds, incluyendo al resto del continente, por tratarse de ecosistemas integrados en un mismo bioma\u201d, escribieron.<\/p>\n<p>La Red Amaz\u00f3nica de Informaci\u00f3n Socioambiental Georreferenciada (Raisg) constat\u00f3 que, desde el 2018, la actividad minera ilegal en la Amazon\u00eda venezolana \u201cva en aumento\u201d, lo que representa otra causa de incendios.<\/p>\n<p>&nbsp;<\/p>\n<p>Tomado de: https:\/\/correodelcaroni.com\/sociedad\/ambiente\/amazonia-venezolana-escapa-de-incendios-forestales-que-afectan-a-brasil-y-bolivia\/<\/p>\n","protected":false},"excerpt":{"rendered":"<p>Correo del Caron\u00ed Mariett Hamilton Garc\u00eda 24 de septiembre de 2024 &nbsp; Organizaciones promueven la concientizaci\u00f3n sobre el uso del fuego a los pueblos ind\u00edgenas para evitar generar incendios por actividades de la agricultura tradicional. &nbsp; El Grupo de Investigaciones sobre la Amazon\u00eda (Griam) present\u00f3 un balance sobre los incendios forestales en el estado Amazonas&hellip;<\/p>\n","protected":false},"author":324,"featured_media":45543,"comment_status":"open","ping_status":"open","sticky":false,"template":"","format":"standard","meta":{"_acf_changed":false,"footnotes":""},"categories":[3],"tags":[],"class_list":["post-45546","post","type-post","status-publish","format-standard","has-post-thumbnail","hentry","category-radar","category-3","description-off"],"acf":[],"_links":{"self":[{"href":"https:\/\/www.raisg.org\/en\/wp-json\/wp\/v2\/posts\/45546","targetHints":{"allow":["GET"]}}],"collection":[{"href":"https:\/\/www.raisg.org\/en\/wp-json\/wp\/v2\/posts"}],"about":[{"href":"https:\/\/www.raisg.org\/en\/wp-json\/wp\/v2\/types\/post"}],"author":[{"embeddable":true,"href":"https:\/\/www.raisg.org\/en\/wp-json\/wp\/v2\/users\/324"}],"replies":[{"embeddable":true,"href":"https:\/\/www.raisg.org\/en\/wp-json\/wp\/v2\/comments?post=45546"}],"version-history":[{"count":1,"href":"https:\/\/www.raisg.org\/en\/wp-json\/wp\/v2\/posts\/45546\/revisions"}],"predecessor-version":[{"id":45548,"href":"https:\/\/www.raisg.org\/en\/wp-json\/wp\/v2\/posts\/45546\/revisions\/45548"}],"wp:featuredmedia":[{"embeddable":true,"href":"https:\/\/www.raisg.org\/en\/wp-json\/wp\/v2\/media\/45543"}],"wp:attachment":[{"href":"https:\/\/www.raisg.org\/en\/wp-json\/wp\/v2\/media?parent=45546"}],"wp:term":[{"taxonomy":"category","embeddable":true,"href":"https:\/\/www.raisg.org\/en\/wp-json\/wp\/v2\/categories?post=45546"},{"taxonomy":"post_tag","embeddable":true,"href":"https:\/\/www.raisg.org\/en\/wp-json\/wp\/v2\/tags?post=45546"}],"curies":[{"name":"wp","href":"https:\/\/api.w.org\/{rel}","templated":true}]}}