{"id":49002,"date":"2025-07-03T17:09:19","date_gmt":"2025-07-03T20:09:19","guid":{"rendered":"https:\/\/www.raisg.org\/?p=49002"},"modified":"2025-07-07T08:54:22","modified_gmt":"2025-07-07T11:54:22","slug":"raisg-respalda-el-fortalecimiento-de-la-participacion-de-comunidades-locales-e-indigenas-en-los-procesos-climaticos-de-la-onu","status":"publish","type":"post","link":"https:\/\/www.raisg.org\/en\/radar\/raisg-respalda-el-fortalecimiento-de-la-participacion-de-comunidades-locales-e-indigenas-en-los-procesos-climaticos-de-la-onu\/","title":{"rendered":"RAISG respalda el fortalecimiento de la participaci\u00f3n de comunidades locales e ind\u00edgenas en los procesos clim\u00e1ticos de la ONU"},"content":{"rendered":"<p>La Red Amaz\u00f3nica de Informaci\u00f3n Socioambiental Georreferenciada (RAISG) reconoce y felicita la realizaci\u00f3n del Di\u00e1logo Formal sobre el rol de las comunidades locales e ind\u00edgenas en los procesos clim\u00e1ticos de las Naciones Unidas. Esta reuni\u00f3n, impulsada por la presidencia brasile\u00f1a de la pr\u00f3xima Conferencia de las Naciones Unidas sobre el Cambio Clim\u00e1tico (COP30), tuvo lugar como parte del proceso internacional acordado durante la reuni\u00f3n preparatoria celebrada en Bonn, Alemania, en junio de 2025.<\/p>\n<p>Esta iniciativa representa un avance clave hacia el reconocimiento del rol protag\u00f3nico que desempe\u00f1an los pueblos ind\u00edgenas y comunidades locales en la acci\u00f3n clim\u00e1tica global, especialmente en regiones estrat\u00e9gicas como la Amazon\u00eda.<\/p>\n<p>En este contexto, RAISG destaca la importancia del LCIPP (Plataforma de Comunidades Locales y Pueblos Ind\u00edgenas), un mecanismo oficial dentro de la Convenci\u00f3n Marco de las Naciones Unidas sobre el Cambio Clim\u00e1tico (CMNUCC) que promueve el intercambio de saberes, la participaci\u00f3n efectiva y la inclusi\u00f3n de las perspectivas ind\u00edgenas en las decisiones clim\u00e1ticas internacionales.<\/p>\n<p>Desde RAISG sostenemos que una acci\u00f3n clim\u00e1tica verdaderamente efectiva y justa requiere:<\/p>\n<ul>\n<li aria-level=\"1\">El reconocimiento de la gobernanza territorial ind\u00edgena como pilar esencial para la conservaci\u00f3n y adaptaci\u00f3n al cambio clim\u00e1tico.<\/li>\n<li aria-level=\"1\">La incorporaci\u00f3n del conocimiento tradicional en los Planes Nacionales de Adaptaci\u00f3n (NAPs) y en las Contribuciones Nacionalmente Determinadas (NDCs).<\/li>\n<li aria-level=\"1\">La participaci\u00f3n directa de representantes ind\u00edgenas amaz\u00f3nicos y afrodescendientes en los espacios de toma de decisiones clim\u00e1ticas globales.<\/li>\n<\/ul>\n<p>De acuerdo al proyecto Ciencia y Saber de la Amazon\u00eda, que forma parte de RAISG, los Pueblos Ind\u00edgenas y Comunidades Locales (PICLs) desempe\u00f1an un papel fundamental en la protecci\u00f3n de ecosistemas y reservas de carbono. Sus territorios, junto con las \u00e1reas naturales protegidas, son esenciales para la conservaci\u00f3n de los bosques y el servicio que brindan a la captura y almacenamiento de carbono, lo que contribuye significativamente a los objetivos clim\u00e1ticos de los pa\u00edses amaz\u00f3nicos.<\/p>\n<p>&nbsp;<\/p>\n\n\t\t\t<style type='text\/css'>\n\t\t\t\t#gallery-1 {\n\t\t\t\t\tmargin: auto;\n\t\t\t\t}\n\t\t\t\t#gallery-1 .gallery-item {\n\t\t\t\t\tfloat: left;\n\t\t\t\t\tmargin-top: 10px;\n\t\t\t\t\ttext-align: center;\n\t\t\t\t\twidth: 50%;\n\t\t\t\t}\n\t\t\t\t#gallery-1 img {\n\t\t\t\t\tborder: 2px solid #cfcfcf;\n\t\t\t\t}\n\t\t\t\t#gallery-1 .gallery-caption {\n\t\t\t\t\tmargin-left: 0;\n\t\t\t\t}\n\t\t\t\t\/* see gallery_shortcode() in wp-includes\/media.php *\/\n\t\t\t<\/style>\n\t\t<div id='gallery-1' class='dt-gallery-container gallery galleryid-49002 gallery-columns-2 gallery-size-large'><dl class='gallery-item'>\n\t\t\t\t<dt class='gallery-icon landscape'>\n\t\t\t\t\t<a class=\"rollover rollover-zoom dt-pswp-item\" title=\"54613018799_e183ad9d65_k\" data-dt-img-description=\"\" data-large_image_width=\"2048\" data-large_image_height=\"1365\"href='https:\/\/www.raisg.org\/wp-content\/uploads\/2025\/07\/54613018799_e183ad9d65_k.jpg'><img fetchpriority=\"high\" decoding=\"async\" width=\"1024\" height=\"683\" src=\"https:\/\/www.raisg.org\/wp-content\/uploads\/2025\/07\/54613018799_e183ad9d65_k-1024x683.jpg\" class=\"attachment-large size-large\" alt=\"\" aria-describedby=\"gallery-1-49007\" srcset=\"https:\/\/www.raisg.org\/wp-content\/uploads\/2025\/07\/54613018799_e183ad9d65_k-1024x683.jpg 1024w, https:\/\/www.raisg.org\/wp-content\/uploads\/2025\/07\/54613018799_e183ad9d65_k-300x200.jpg 300w, https:\/\/www.raisg.org\/wp-content\/uploads\/2025\/07\/54613018799_e183ad9d65_k-768x512.jpg 768w, https:\/\/www.raisg.org\/wp-content\/uploads\/2025\/07\/54613018799_e183ad9d65_k-1536x1024.jpg 1536w, https:\/\/www.raisg.org\/wp-content\/uploads\/2025\/07\/54613018799_e183ad9d65_k.jpg 2048w\" sizes=\"(max-width: 1024px) 100vw, 1024px\" \/><\/a>\n\t\t\t\t<\/dt>\n\t\t\t\t\t<dd class='wp-caption-text gallery-caption' id='gallery-1-49007'>\n\t\t\t\t\tPhoto: UN Climate Change &#8211; Lara Murillo\n\t\t\t\t\t<\/dd><\/dl><dl class='gallery-item'>\n\t\t\t\t<dt class='gallery-icon landscape'>\n\t\t\t\t\t<a class=\"rollover rollover-zoom dt-pswp-item\" title=\"54599924360_727d94de9c_k\" data-dt-img-description=\"\" data-large_image_width=\"2048\" data-large_image_height=\"1365\"href='https:\/\/www.raisg.org\/wp-content\/uploads\/2025\/07\/54599924360_727d94de9c_k.jpg'><img decoding=\"async\" width=\"1024\" height=\"683\" src=\"https:\/\/www.raisg.org\/wp-content\/uploads\/2025\/07\/54599924360_727d94de9c_k-1024x683.jpg\" class=\"attachment-large size-large\" alt=\"\" aria-describedby=\"gallery-1-49004\" srcset=\"https:\/\/www.raisg.org\/wp-content\/uploads\/2025\/07\/54599924360_727d94de9c_k-1024x683.jpg 1024w, https:\/\/www.raisg.org\/wp-content\/uploads\/2025\/07\/54599924360_727d94de9c_k-300x200.jpg 300w, https:\/\/www.raisg.org\/wp-content\/uploads\/2025\/07\/54599924360_727d94de9c_k-768x512.jpg 768w, https:\/\/www.raisg.org\/wp-content\/uploads\/2025\/07\/54599924360_727d94de9c_k-1536x1024.jpg 1536w, https:\/\/www.raisg.org\/wp-content\/uploads\/2025\/07\/54599924360_727d94de9c_k.jpg 2048w\" sizes=\"(max-width: 1024px) 100vw, 1024px\" \/><\/a>\n\t\t\t\t<\/dt>\n\t\t\t\t\t<dd class='wp-caption-text gallery-caption' id='gallery-1-49004'>\n\t\t\t\t\tPhoto: UN Climate Change &#8211; Lara Murillo\n\t\t\t\t\t<\/dd><\/dl><br style=\"clear: both\" \/>\n\t\t\t<\/div>\n\n<p>&nbsp;<\/p>\n<p>En consecuencia, la acci\u00f3n clim\u00e1tica est\u00e1 estrechamente conectada con la protecci\u00f3n de los territorios ind\u00edgenas y las \u00e1reas naturales protegidas.<\/p>\n<p>El cumplimiento de las Contribuciones Nacionalmente Determinadas (NDC) en la regi\u00f3n amaz\u00f3nica depende en gran medida de la protecci\u00f3n de estos territorios y del reconocimiento del papel de los pueblos ind\u00edgenas y comunidades locales como actores clave en la acci\u00f3n clim\u00e1tica.<\/p>\n<p>Incluir sus estrategias en las pol\u00edticas clim\u00e1ticas nacionales, garantizar financiamiento adecuado y fortalecer la cooperaci\u00f3n regional son pasos esenciales para maximizar el impacto de las acciones clim\u00e1ticas y avanzar hacia un modelo de desarrollo m\u00e1s justo, sostenible y resiliente en la Amazon\u00eda.<\/p>\n<p>Con base en nuestra experiencia regional, desde RAISG seguiremos generando y difundiendo informaci\u00f3n geoespacial, promoviendo el an\u00e1lisis t\u00e9cnico-pol\u00edtico y apoyando los procesos de articulaci\u00f3n ind\u00edgena y local para asegurar que los territorios y pueblos de la Amazon\u00eda sean parte central de la respuesta global frente a la crisis clim\u00e1tica.<\/p>\n<p>&nbsp;<\/p>\n<p><em>Photos: UN Climate Change &#8211; Lara Murillo<\/em><\/p>\n<p>&nbsp;<\/p>\n","protected":false},"excerpt":{"rendered":"<p>La Red Amaz\u00f3nica de Informaci\u00f3n Socioambiental Georreferenciada (RAISG) reconoce y felicita la realizaci\u00f3n del Di\u00e1logo Formal sobre el rol de las comunidades locales e ind\u00edgenas en los procesos clim\u00e1ticos de las Naciones Unidas. Esta reuni\u00f3n, impulsada por la presidencia brasile\u00f1a de la pr\u00f3xima Conferencia de las Naciones Unidas sobre el Cambio Clim\u00e1tico (COP30), tuvo lugar&hellip;<\/p>\n","protected":false},"author":296,"featured_media":49003,"comment_status":"closed","ping_status":"closed","sticky":false,"template":"","format":"standard","meta":{"_acf_changed":false,"footnotes":""},"categories":[625,2],"tags":[624],"class_list":["post-49002","post","type-post","status-publish","format-standard","has-post-thumbnail","hentry","category-noticias","category-radar","tag-cop30","category-625","category-2","description-off"],"acf":[],"_links":{"self":[{"href":"https:\/\/www.raisg.org\/en\/wp-json\/wp\/v2\/posts\/49002","targetHints":{"allow":["GET"]}}],"collection":[{"href":"https:\/\/www.raisg.org\/en\/wp-json\/wp\/v2\/posts"}],"about":[{"href":"https:\/\/www.raisg.org\/en\/wp-json\/wp\/v2\/types\/post"}],"author":[{"embeddable":true,"href":"https:\/\/www.raisg.org\/en\/wp-json\/wp\/v2\/users\/296"}],"replies":[{"embeddable":true,"href":"https:\/\/www.raisg.org\/en\/wp-json\/wp\/v2\/comments?post=49002"}],"version-history":[{"count":4,"href":"https:\/\/www.raisg.org\/en\/wp-json\/wp\/v2\/posts\/49002\/revisions"}],"predecessor-version":[{"id":49012,"href":"https:\/\/www.raisg.org\/en\/wp-json\/wp\/v2\/posts\/49002\/revisions\/49012"}],"wp:featuredmedia":[{"embeddable":true,"href":"https:\/\/www.raisg.org\/en\/wp-json\/wp\/v2\/media\/49003"}],"wp:attachment":[{"href":"https:\/\/www.raisg.org\/en\/wp-json\/wp\/v2\/media?parent=49002"}],"wp:term":[{"taxonomy":"category","embeddable":true,"href":"https:\/\/www.raisg.org\/en\/wp-json\/wp\/v2\/categories?post=49002"},{"taxonomy":"post_tag","embeddable":true,"href":"https:\/\/www.raisg.org\/en\/wp-json\/wp\/v2\/tags?post=49002"}],"curies":[{"name":"wp","href":"https:\/\/api.w.org\/{rel}","templated":true}]}}