{"id":54872,"date":"2026-04-28T15:53:37","date_gmt":"2026-04-28T18:53:37","guid":{"rendered":"https:\/\/www.raisg.org\/?p=54872"},"modified":"2026-04-28T15:54:40","modified_gmt":"2026-04-28T18:54:40","slug":"raisg-y-otca-fortalecen-agenda-regional-amazonica-en-encuentro-clave-en-brasilia","status":"publish","type":"post","link":"https:\/\/www.raisg.org\/en\/noticias\/raisg-y-otca-fortalecen-agenda-regional-amazonica-en-encuentro-clave-en-brasilia\/","title":{"rendered":"RAISG y OTCA fortalecen agenda regional amaz\u00f3nica en encuentro clave en Brasilia"},"content":{"rendered":"<p><b><img fetchpriority=\"high\" decoding=\"async\" class=\"alignnone size-full wp-image-54893\" src=\"https:\/\/www.raisg.org\/wp-content\/uploads\/2026\/04\/foto_otca.jpeg\" alt=\"\" width=\"1600\" height=\"756\" srcset=\"https:\/\/www.raisg.org\/wp-content\/uploads\/2026\/04\/foto_otca.jpeg 1600w, https:\/\/www.raisg.org\/wp-content\/uploads\/2026\/04\/foto_otca-300x142.jpeg 300w, https:\/\/www.raisg.org\/wp-content\/uploads\/2026\/04\/foto_otca-1024x484.jpeg 1024w, https:\/\/www.raisg.org\/wp-content\/uploads\/2026\/04\/foto_otca-768x363.jpeg 768w, https:\/\/www.raisg.org\/wp-content\/uploads\/2026\/04\/foto_otca-1536x726.jpeg 1536w\" sizes=\"(max-width: 1600px) 100vw, 1600px\" \/><\/b><\/p>\n<p><b>Brasilia, abril de 2026.<\/b><span style=\"font-weight: 400;\"> Representantes de la Red Amaz\u00f3nica de Informaci\u00f3n Socioambiental Georreferenciada (RAISG) y de la Organizaci\u00f3n del Tratado de Cooperaci\u00f3n Amaz\u00f3nica (OTCA) se reunieron el pasado 28 de abril en Brasilia en un encuentro estrat\u00e9gico orientado a fortalecer la gobernanza regional de la Amazon\u00eda, a partir de evidencia cient\u00edfica y conocimientos ind\u00edgenas.<\/span><\/p>\n<p><span style=\"font-weight: 400;\">El evento tuvo como eje central la presentaci\u00f3n de los principales resultados del proyecto <\/span><i><span style=\"font-weight: 400;\">\u201cCiencia y Saber Ind\u00edgena por la Amazon\u00eda\u201d<\/span><\/i><span style=\"font-weight: 400;\">, una iniciativa que articula informaci\u00f3n cient\u00edfica con el conocimiento de los pueblos ind\u00edgenas para comprender mejor los desaf\u00edos y oportunidades del bioma amaz\u00f3nico frente a la crisis clim\u00e1tica. Entre los principales hallazgos, se destac\u00f3 que los territorios ind\u00edgenas y las \u00e1reas naturales protegidas constituyen una prioridad clim\u00e1tica global. En la cuenca amaz\u00f3nica, el 60 % del carbono forestal se encuentra en territorios ind\u00edgenas (TI) y \u00e1reas naturales protegidas (ANP), las cuales registran p\u00e9rdidas de carbono significativamente menores (3,4 %) en comparaci\u00f3n con las \u00e1reas no protegidas (12,9 %).<\/span><\/p>\n<p><span style=\"font-weight: 400;\">Asimismo, los datos del proyecto disponibles en la <\/span><a href=\"https:\/\/ama.raisg.org\/\"><span style=\"font-weight: 400;\">plataforma AMA 2.0<\/span><\/a><span style=\"font-weight: 400;\"> contribuyen a evidenciar que la degradaci\u00f3n, la deforestaci\u00f3n y el calentamiento global intensifican los incendios, debilitando los bosques y alterando el ciclo h\u00eddrico en la Amazon\u00eda.<\/span><\/p>\n<p><span style=\"font-weight: 400;\">En este contexto, se subray\u00f3 la urgencia de fortalecer la gobernanza forestal para reducir las emisiones de carbono, as\u00ed como de impulsar el fortalecimiento de capacidades en comunicaci\u00f3n estrat\u00e9gica para voceros ind\u00edgenas. Tambi\u00e9n se resalt\u00f3 la importancia de promover la participaci\u00f3n activa de juventudes ind\u00edgenas en espacios de incidencia internacional, especialmente en el marco de la COP31.<\/span><\/p>\n<p><span style=\"font-weight: 400;\">Durante la jornada, RAISG hizo entrega a la OTCA de un conjunto de productos clave del proyecto, incluyendo an\u00e1lisis sobre escenarios de carbono al 2030 y herramientas de monitoreo regional que evidencian transformaciones en los ecosistemas amaz\u00f3nicos. Estos insumos est\u00e1n orientados a fortalecer los procesos de toma de decisiones, cooperaci\u00f3n regional y construcci\u00f3n de pol\u00edticas p\u00fablicas en los pa\u00edses amaz\u00f3nicos.<\/span><\/p>\n<p><i><span style=\"font-weight: 400;\">\u00a0\u201cLos resultados de este proyecto confirman algo clave: no es posible abordar la crisis clim\u00e1tica en la Amazon\u00eda sin integrar plenamente el conocimiento ind\u00edgena. Desde el Instituto del Bien Com\u00fan (IBC), como parte de RAISG, apostamos por fortalecer estos enfoques porque ofrecen soluciones reales, basadas en el territorio y en la experiencia de quienes lo han cuidado hist\u00f3ricamente, sostuvo Renzo Piana, director ejecutivo de IBC\u201d\u00a0<\/span><\/i><\/p>\n<p><span style=\"font-weight: 400;\">El encuentro puso especial \u00e9nfasis en el rol de los territorios ind\u00edgenas como pilares de estabilidad clim\u00e1tica, destacando c\u00f3mo sus sistemas de gobernanza y manejo del territorio son fundamentales para la conservaci\u00f3n de bosques, la protecci\u00f3n de humedales y la regulaci\u00f3n h\u00eddrica en la regi\u00f3n.<\/span><\/p>\n<p><span style=\"font-weight: 400;\">Julia Affonso, secretaria ejecutiva de RAISG, indic\u00f3 que el\u00a0 encuentro con la OTCA marca un paso importante para consolidar una agenda regional basada en evidencia s\u00f3lida y en el reconocimiento del rol de los pueblos ind\u00edgenas. <\/span><i><span style=\"font-weight: 400;\">\u201cDesde RAISG buscamos que la informaci\u00f3n que generamos no solo describa la situaci\u00f3n de la Amazon\u00eda, sino que contribuya de manera concreta a la toma de decisiones y a la acci\u00f3n coordinada entre pa\u00edses, en ese camino la OTCA es fundamental\u201d,<\/span><\/i><span style=\"font-weight: 400;\"> explic\u00f3.\u00a0<\/span><\/p>\n<p><span style=\"font-weight: 400;\">Asimismo, se gener\u00f3 un espacio de di\u00e1logo entre representantes de ambas organizaciones para identificar oportunidades de articulaci\u00f3n y fortalecer una agenda com\u00fan basada en evidencia, que permita enfrentar desaf\u00edos cr\u00edticos como la deforestaci\u00f3n, la degradaci\u00f3n ambiental y la vulnerabilidad clim\u00e1tica.<\/span><\/p>\n<p><span style=\"font-weight: 400;\">Este espacio se desarroll\u00f3 en un contexto regional e internacional donde la Amazon\u00eda ocupa un lugar prioritario en la agenda clim\u00e1tica global, y donde iniciativas como esta buscan posicionar el conocimiento ind\u00edgena no s\u00f3lo como un aporte complementario, sino como un componente esencial para las soluciones clim\u00e1ticas.<\/span><\/p>\n<p><span style=\"font-weight: 400;\">El encuentro en Brasilia representa un paso clave para consolidar una visi\u00f3n compartida del futuro de la Amazon\u00eda, basada en la integraci\u00f3n de ciencia, territorio y gobernanza, y alineada con los debates internacionales que marcar\u00e1n el rumbo de la acci\u00f3n clim\u00e1tica en los pr\u00f3ximos a\u00f1os.<\/span><\/p>\n<p><br style=\"font-weight: 400;\" \/><br style=\"font-weight: 400;\" \/><\/p>\n","protected":false},"excerpt":{"rendered":"<p>El encuentro reuni\u00f3 a ambas organizaciones para avanzar en una agenda com\u00fan basada en evidencia cient\u00edfica y conocimientos ind\u00edgenas, destacando el rol clave de los territorios ind\u00edgenas y \u00e1reas protegidas frente a la crisis clim\u00e1tica.<\/p>\n","protected":false},"author":296,"featured_media":54893,"comment_status":"closed","ping_status":"closed","sticky":false,"template":"","format":"standard","meta":{"_acf_changed":false,"footnotes":""},"categories":[625],"tags":[],"class_list":["post-54872","post","type-post","status-publish","format-standard","has-post-thumbnail","hentry","category-noticias","category-625","description-off"],"acf":[],"_links":{"self":[{"href":"https:\/\/www.raisg.org\/en\/wp-json\/wp\/v2\/posts\/54872","targetHints":{"allow":["GET"]}}],"collection":[{"href":"https:\/\/www.raisg.org\/en\/wp-json\/wp\/v2\/posts"}],"about":[{"href":"https:\/\/www.raisg.org\/en\/wp-json\/wp\/v2\/types\/post"}],"author":[{"embeddable":true,"href":"https:\/\/www.raisg.org\/en\/wp-json\/wp\/v2\/users\/296"}],"replies":[{"embeddable":true,"href":"https:\/\/www.raisg.org\/en\/wp-json\/wp\/v2\/comments?post=54872"}],"version-history":[{"count":2,"href":"https:\/\/www.raisg.org\/en\/wp-json\/wp\/v2\/posts\/54872\/revisions"}],"predecessor-version":[{"id":54896,"href":"https:\/\/www.raisg.org\/en\/wp-json\/wp\/v2\/posts\/54872\/revisions\/54896"}],"wp:featuredmedia":[{"embeddable":true,"href":"https:\/\/www.raisg.org\/en\/wp-json\/wp\/v2\/media\/54893"}],"wp:attachment":[{"href":"https:\/\/www.raisg.org\/en\/wp-json\/wp\/v2\/media?parent=54872"}],"wp:term":[{"taxonomy":"category","embeddable":true,"href":"https:\/\/www.raisg.org\/en\/wp-json\/wp\/v2\/categories?post=54872"},{"taxonomy":"post_tag","embeddable":true,"href":"https:\/\/www.raisg.org\/en\/wp-json\/wp\/v2\/tags?post=54872"}],"curies":[{"name":"wp","href":"https:\/\/api.w.org\/{rel}","templated":true}]}}