{"id":5558,"date":"2018-07-23T15:08:21","date_gmt":"2018-07-23T18:08:21","guid":{"rendered":"https:\/\/www.amazoniasocioambiental.org\/radar\/ecuador-instalan-nueva-junta-directiva-de-la-coica\/"},"modified":"2018-07-30T13:34:02","modified_gmt":"2018-07-30T16:34:02","slug":"ecuador-instalan-nueva-junta-directiva-de-la-coica","status":"publish","type":"post","link":"https:\/\/www.raisg.org\/en\/radar\/ecuador-instalan-nueva-junta-directiva-de-la-coica\/","title":{"rendered":"Ecuador: Instalan nueva junta Directiva de la Coica"},"content":{"rendered":"<div class=\"wpb-content-wrapper\"><p>[vc_row][vc_column][vc_column_text]<\/p>\n<p style=\"text-align: right;\"><a href=\"http:\/\/www.inforegion.pe\/\"><strong>Inforegi\u00f3n<\/strong><\/a><\/p>\n<p style=\"text-align: right;\"><strong>22 de julio de 2018<\/strong><\/p>\n<p>[\/vc_column_text][vc_column_text]Con la presencia de representantes de organizaciones ind\u00edgenas de pa\u00edses amaz\u00f3nicos de la Coordinadora de Organizaciones Ind\u00edgenas de la Cuenca Amaz\u00f3nica (Coica), se realiz\u00f3 la instalaci\u00f3n y el reconocimiento formal de la nueva Junta Directiva de Coordinaci\u00f3n (CDC), as\u00ed como la entrega del bast\u00f3n de mando al nuevo coordinador general, Gregorio Mirabal.<br \/>\n[\/vc_column_text][vc_column_text]\u201cNuestro mensaje aqu\u00ed es para contribuir a la defensa del planeta, para la defensa del territorio, para la defensa de la humanidad. Vamos a representar con honor y con transparencia a los pueblos de la Amazon\u00eda. Asimismo, la COICA impulsar\u00e1 y se sumar\u00e1 a la iniciativa de la UNASUR ind\u00edgena\u201d, sostuvo Mirabal.<\/p>\n<p>Alfredo L\u00f3pez, viceministro del Medio Ambiente del Ecuador, dijo que \u201cpara el Ministerio del Ambiente del Ecuador y para todos los ecuatorianos, cuando hablamos de Amazon\u00eda hablamos de 7.5 millones de km2; m\u00e1s de 40 millones de personas viven en la Cuenca Amaz\u00f3nica, el 50% de la poblaci\u00f3n de Am\u00e9rica Latina se encuentra en la Amazon\u00eda. Cuando hablamos de Am\u00e9rica Latina hablamos de grandeza. Grande es la Amazon\u00eda como grande es el reto de los dirigentes que est\u00e1n asumiendo el cargo. Desde el Ministerio del Ambiente saludamos ese esp\u00edritu de lucha\u201d.<\/p>\n<p>En tanto, Marlon Vargas, presidente de la Confeniae, se\u00f1al\u00f3 que su presencia es \u201cpara seguir adelante con la lucha y la resistencia. Los problemas son similares en toda la Cuenca Amaz\u00f3nica. El extractivismo es un problema com\u00fan y aun as\u00ed, en todos los pa\u00edses de la Cuenca Amaz\u00f3nica, los Estados han invertido solo un 1% para el desarrollo de las nacionalidades ind\u00edgenas que se encuentran en sus tierras\u201d.<\/p>\n<p><a href=\"http:\/\/www.inforegion.pe\/252519\/ecuador-instalan-nueva-junta-directiva-de-la-coica\/\">http:\/\/www.inforegion.pe\/252519\/ecuador-instalan-nueva-junta-directiva-de-la-coica\/<\/a>[\/vc_column_text][\/vc_column][vc_column][\/vc_column][\/vc_row]<\/p>\n<\/div>","protected":false},"excerpt":{"rendered":"<p>[vc_row][vc_column][vc_column_text] Inforegi\u00f3n 22 de julio de 2018 [\/vc_column_text][vc_column_text]Con la presencia de representantes de organizaciones ind\u00edgenas de pa\u00edses amaz\u00f3nicos de la Coordinadora de Organizaciones Ind\u00edgenas de la Cuenca Amaz\u00f3nica (Coica), se realiz\u00f3 la instalaci\u00f3n y el reconocimiento formal de la nueva Junta Directiva de Coordinaci\u00f3n (CDC), as\u00ed como la entrega del bast\u00f3n de mando al nuevo&hellip;<\/p>\n","protected":false},"author":310,"featured_media":5523,"comment_status":"open","ping_status":"open","sticky":false,"template":"","format":"standard","meta":{"_acf_changed":false,"footnotes":""},"categories":[3],"tags":[],"class_list":["post-5558","post","type-post","status-publish","format-standard","has-post-thumbnail","hentry","category-radar","category-3","description-off"],"acf":[],"_links":{"self":[{"href":"https:\/\/www.raisg.org\/en\/wp-json\/wp\/v2\/posts\/5558","targetHints":{"allow":["GET"]}}],"collection":[{"href":"https:\/\/www.raisg.org\/en\/wp-json\/wp\/v2\/posts"}],"about":[{"href":"https:\/\/www.raisg.org\/en\/wp-json\/wp\/v2\/types\/post"}],"author":[{"embeddable":true,"href":"https:\/\/www.raisg.org\/en\/wp-json\/wp\/v2\/users\/310"}],"replies":[{"embeddable":true,"href":"https:\/\/www.raisg.org\/en\/wp-json\/wp\/v2\/comments?post=5558"}],"version-history":[{"count":1,"href":"https:\/\/www.raisg.org\/en\/wp-json\/wp\/v2\/posts\/5558\/revisions"}],"predecessor-version":[{"id":5561,"href":"https:\/\/www.raisg.org\/en\/wp-json\/wp\/v2\/posts\/5558\/revisions\/5561"}],"wp:featuredmedia":[{"embeddable":true,"href":"https:\/\/www.raisg.org\/en\/wp-json\/wp\/v2\/media\/5523"}],"wp:attachment":[{"href":"https:\/\/www.raisg.org\/en\/wp-json\/wp\/v2\/media?parent=5558"}],"wp:term":[{"taxonomy":"category","embeddable":true,"href":"https:\/\/www.raisg.org\/en\/wp-json\/wp\/v2\/categories?post=5558"},{"taxonomy":"post_tag","embeddable":true,"href":"https:\/\/www.raisg.org\/en\/wp-json\/wp\/v2\/tags?post=5558"}],"curies":[{"name":"wp","href":"https:\/\/api.w.org\/{rel}","templated":true}]}}