{"id":6674,"date":"2018-11-21T18:00:22","date_gmt":"2018-11-21T20:00:22","guid":{"rendered":"https:\/\/www.amazoniasocioambiental.org\/radar\/advierten-al-gobierno-que-cada-hora-se-destruyen-17-hectareas-de-bosque-en-el-amazonas\/"},"modified":"2019-09-27T12:01:18","modified_gmt":"2019-09-27T15:01:18","slug":"advierten-al-gobierno-que-cada-hora-se-destruyen-17-hectareas-de-bosque-en-el-amazonas","status":"publish","type":"post","link":"https:\/\/www.raisg.org\/en\/radar\/advierten-al-gobierno-que-cada-hora-se-destruyen-17-hectareas-de-bosque-en-el-amazonas\/","title":{"rendered":"Advierten al gobierno que cada hora se destruyen 17 hect\u00e1reas de bosque en el Amazonas"},"content":{"rendered":"<div class=\"wpb-content-wrapper\"><p>[vc_row][vc_column][vc_column_text]<\/p>\n<p style=\"text-align: right;\">Publicado en: Noticias Caracol<\/p>\n<p style=\"text-align: right;\">16 de noviembre de 2018<\/p>\n<p style=\"text-align: right;\">Caracol TV<\/p>\n<p>[\/vc_column_text][\/vc_column][\/vc_row][vc_row][vc_column][vc_video link=&#8221;https:\/\/youtu.be\/kH8YR3nKYTM&#8221; el_width=&#8221;80&#8243; align=&#8221;center&#8221; title=&#8221;Cada hora se destruyen 17 hect\u00e1reas de bosque en el Amazonas | Noticias Caracol&#8221;][\/vc_column][\/vc_row][vc_row][vc_column][vc_column_text]<\/p>\n<p class=\"rtejustify\">Ganader\u00eda extensiva, cultivos il\u00edcitos y extracci\u00f3n de madera son algunas de las razones, seg\u00fan organizaci\u00f3n de pueblos de esta zona.<\/p>\n<p class=\"rtejustify\">Alrededor de 15 cancha de f\u00fatbol repletas de \u00e1rboles, flora y fauna son taladas cada hora en el Amazonas, de acuerdo con la Organizaci\u00f3n Nacional de los Pueblos Ind\u00edgenas (OPIAC).<\/p>\n<p class=\"rtejustify\">\u201cSe estima que en el a\u00f1o 2017 hay una p\u00e9rdida de bosque de 144.147 hect\u00e1reas, el doble del a\u00f1o 2016. En el a\u00f1o 2017 se talaron 400 hect\u00e1reas al d\u00eda, 17 hect\u00e1reas cada hora\u201d, asegur\u00f3 Robinson L\u00f3pez, coordinador de derechos humanos y paz de la OPIAC.<\/p>\n<p class=\"rtejustify\">Cultivos il\u00edcitos de coca, ganader\u00eda extensiva y la venta ilegal de madera son los principales males que ha llevado la civilizaci\u00f3n occidental a las selvas amaz\u00f3nicas.<\/p>\n<p class=\"rtejustify\">Por eso, los pueblos que viven en dicha zona han pedido que se les deje de ignorar y se le preste atenci\u00f3n a la sabidur\u00eda de sus ancestros<\/p>\n<p class=\"rtejustify\">\u201cLos pueblos ind\u00edgenas son la riqueza de Colombia, por esto es importante que el gobierno nacional, en cabeza de la ministra del Interior, nos brinden las garant\u00edas suficientes, amplias y necesarias para que la poblaci\u00f3n de del Amazonas, que representa m\u00e1s del 42% del territorio nacional, sea tenida en cuenta o incluida en estos planes de desarrollo\u201d, coment\u00f3 L\u00f3pez.<\/p>\n<p class=\"rtejustify\">De igual manera, le pidieron al Gobierno que la consulta previa sea considerada como un derecho fundamental.<\/p>\n<p class=\"rtejustify\">\u201cLa consulta previa no es un mero formalismo. El gobierno nacional, los gobiernos ind\u00edgenas -en este caso las organizaciones-, las autoridades de base, si hacen acuerdos en el marco del plan nacional de desarrollo y esos acuerdos no deben quedar escritos en el papel, esos acuerdos se deben cumplir\u201d, asegur\u00f3 el coordinador de derechos humanos.<\/p>\n<p>[\/vc_column_text][\/vc_column][\/vc_row][vc_row][vc_column][vc_column_text]Tomado de:\u00a0<a href=\"https:\/\/noticias.caracoltv.com\/colombia\/advierten-al-gobierno-que-cada-hora-se-destruyen-17-hectareas-de-bosque-en-el-amazonas\">https:\/\/noticias.caracoltv.com\/colombia\/advierten-al-gobierno-que-cada-hora-se-destruyen-17-hectareas-de-bosque-en-el-amazonas<\/a>[\/vc_column_text][\/vc_column][\/vc_row]<\/p>\n<\/div>","protected":false},"excerpt":{"rendered":"<p>[vc_row][vc_column][vc_column_text] Publicado en: Noticias Caracol 16 de noviembre de 2018 Caracol TV [\/vc_column_text][\/vc_column][\/vc_row][vc_row][vc_column][vc_video link=&#8221;https:\/\/youtu.be\/kH8YR3nKYTM&#8221; el_width=&#8221;80&#8243; align=&#8221;center&#8221; title=&#8221;Cada hora se destruyen 17 hect\u00e1reas de bosque en el Amazonas | Noticias Caracol&#8221;][\/vc_column][\/vc_row][vc_row][vc_column][vc_column_text] Ganader\u00eda extensiva, cultivos il\u00edcitos y extracci\u00f3n de madera son algunas de las razones, seg\u00fan organizaci\u00f3n de pueblos de esta zona. Alrededor de 15 cancha de&hellip;<\/p>\n","protected":false},"author":299,"featured_media":11044,"comment_status":"open","ping_status":"open","sticky":false,"template":"","format":"standard","meta":{"_acf_changed":false,"footnotes":""},"categories":[3],"tags":[],"class_list":["post-6674","post","type-post","status-publish","format-standard","has-post-thumbnail","hentry","category-radar","category-3","description-off"],"acf":[],"_links":{"self":[{"href":"https:\/\/www.raisg.org\/en\/wp-json\/wp\/v2\/posts\/6674","targetHints":{"allow":["GET"]}}],"collection":[{"href":"https:\/\/www.raisg.org\/en\/wp-json\/wp\/v2\/posts"}],"about":[{"href":"https:\/\/www.raisg.org\/en\/wp-json\/wp\/v2\/types\/post"}],"author":[{"embeddable":true,"href":"https:\/\/www.raisg.org\/en\/wp-json\/wp\/v2\/users\/299"}],"replies":[{"embeddable":true,"href":"https:\/\/www.raisg.org\/en\/wp-json\/wp\/v2\/comments?post=6674"}],"version-history":[{"count":1,"href":"https:\/\/www.raisg.org\/en\/wp-json\/wp\/v2\/posts\/6674\/revisions"}],"predecessor-version":[{"id":6676,"href":"https:\/\/www.raisg.org\/en\/wp-json\/wp\/v2\/posts\/6674\/revisions\/6676"}],"wp:featuredmedia":[{"embeddable":true,"href":"https:\/\/www.raisg.org\/en\/wp-json\/wp\/v2\/media\/11044"}],"wp:attachment":[{"href":"https:\/\/www.raisg.org\/en\/wp-json\/wp\/v2\/media?parent=6674"}],"wp:term":[{"taxonomy":"category","embeddable":true,"href":"https:\/\/www.raisg.org\/en\/wp-json\/wp\/v2\/categories?post=6674"},{"taxonomy":"post_tag","embeddable":true,"href":"https:\/\/www.raisg.org\/en\/wp-json\/wp\/v2\/tags?post=6674"}],"curies":[{"name":"wp","href":"https:\/\/api.w.org\/{rel}","templated":true}]}}