{"id":8806,"date":"2019-06-12T17:41:46","date_gmt":"2019-06-12T20:41:46","guid":{"rendered":"https:\/\/www.amazoniasocioambiental.org\/radar\/podrian-restituir-mas-de-500-000-hectareas-a-indigenas-de-la-amazonia\/"},"modified":"2019-06-13T15:39:11","modified_gmt":"2019-06-13T18:39:11","slug":"podrian-restituir-mas-de-500-000-hectareas-a-indigenas-de-la-amazonia","status":"publish","type":"post","link":"https:\/\/www.raisg.org\/en\/radar\/podrian-restituir-mas-de-500-000-hectareas-a-indigenas-de-la-amazonia\/","title":{"rendered":"Podr\u00edan restituir m\u00e1s de 500.000 hect\u00e1reas a ind\u00edgenas de la Amazonia"},"content":{"rendered":"<div class=\"wpb-content-wrapper\"><p>[vc_row][vc_column][vc_column_text]<\/p>\n<p style=\"text-align: right;\">Publicado en: Semana<\/p>\n<p style=\"text-align: right;\">6 de junio de 2019<\/p>\n<p style=\"text-align: right;\">Semana<\/p>\n<p>[\/vc_column_text][\/vc_column][\/vc_row][vc_row][vc_column][vc_column_text]La profunda y espesa selva amaz\u00f3nica colombiana fue durante d\u00e9cadas el fort\u00edn predilecto de los grupos armados ilegales para camuflar sus macabras operaciones. En medio de la manigua fueron perpetrados asesinatos, secuestros y atentados, cr\u00edmenes que causaron un desplazamiento forzado para muchos de sus habitantes, en su mayor\u00eda pueblos ind\u00edgenas que viv\u00edan de las bondades de la naturaleza.<\/p>\n<p>El resguardo Arara, Bacat\u00ed, Carur\u00fa y Lagos de Jamaicur\u00fa, una mancha verde ubicada entre los municipios de Carur\u00fa en Vaup\u00e9s y Miraflores en Guaviare, no fue ajeno a los coletazos de la violencia.<strong>\u00a0Seg\u00fan la Unidad de Restituci\u00f3n de Tierras (URT), en los a\u00f1os 90 la guerrilla de las FARC intensific\u00f3 su presencia en la zona para fortalecer el tr\u00e1fico de drogas, utilizando al r\u00edo Vaup\u00e9s como principal v\u00eda.<\/strong><\/p>\n<p>Entre 1997 y 2003, el grupo armado sembr\u00f3 cultivos il\u00edcitos en la parte oriental, lo que trajo consigo la llegada de colonos e instalaci\u00f3n de pistas de embarque y laboratorios para el procesamiento de coca. Adem\u00e1s, destin\u00f3 la zona para la siembra de minas antipersona, reclutamiento forzado de menores, secuestros y homicidios. Las FARC mantuvo control del territorio hasta 2015, pero los impactos continuaron con la incursi\u00f3n de los paramilitares del Bloque Centauros al municipio de Carur\u00fa.<\/p>\n<div id=\"hybs-mslot-11abd843-0\" class=\"hybs-mslot\"><\/div>\n<p><img fetchpriority=\"high\" decoding=\"async\" src=\"http:\/\/static.iris.net.co\/semana\/upload\/images\/\/2019\/6\/4\/618394_1.jpg\" alt=\"\" width=\"1040\" height=\"500\" \/><sub>Con la firma del acuerdo de paz y la salida de las FARC de su territorio, las 369 familias ind\u00edgenas del resguardo Arara, Bacat\u00ed, Carur\u00fa y Lagos de Jamaicur\u00fa decidieron levantar su voz para recuperar la tierra robada, que en total suma 506.900 hect\u00e1reas. Foto: Gentil Novoa.<\/sub><\/p>\n<p>Los 15 pueblos ind\u00edgenas que hacen parte del resguardo (cubeo, tucano, desano, tuyuca, tatuyo, wanano, carapano, piratapuyo, tariano, makuna, siriano, mak\u00fa, jiw, yurut\u00ed y bar\u00e1), cedieron parte de sus tierras para las actividades del narcotr\u00e1fico<strong>. Adriano Rodr\u00edguez, gobernador ind\u00edgena del resguardo, asegura que perdieron casi la mitad de su territorio por el frente primero de las FARC y las autodefensas. \u201cNos quitaron mucha tierra y terminamos hacinados\u201d.<\/strong><\/p>\n<p>La Organizaci\u00f3n de las Naciones Unidas para la Alimentaci\u00f3n y la Agricultura (FAO), apoyada en datos de la Consultor\u00eda para los Derechos Humanos y Desplazamiento, inform\u00f3 que entre 2000 y 2010, 7.519 personas fueron v\u00edctimas de desplazamiento en Guain\u00eda, Vaup\u00e9s y Amazonas, de las cuales 67 por ciento proven\u00edan de Carur\u00fa, Barrancominas, Mit\u00fa y Mapiripana. Por su parte, seg\u00fan la Unidad para las V\u00edctimas, en Miraflores hay registradas 656 v\u00edctimas del conflicto armado y en Carur\u00fa 210.<\/p>\n<div id=\"hybs-mslot-11abd843-1\" class=\"hybs-mslot\"><\/div>\n<p><b>Demanda a su favor<\/b><\/p>\n<p><strong>Con la firma del acuerdo de paz y la salida de las FARC de su territorio, las 369 familias ind\u00edgenas del resguardo Arara, Bacat\u00ed, Carur\u00fa y Lagos de Jamaicur\u00fa decidieron levantar su voz para recuperar la tierra robada<\/strong>, que en total suma 506.900 hect\u00e1reas, y para que el Estado les garantice sus derechos territoriales.<\/p>\n<p>Actualmente, s\u00f3lo 264.800 hect\u00e1reas est\u00e1n legalizadas como parte del resguardo, por lo cual los ind\u00edgenas le solicitaron a la Agencia Nacional de Tierras que les adjudique 242.100 hect\u00e1reas m\u00e1s, para completar as\u00ed todo su territorio ancestral y desarrollar acciones que eviten futuras apropiaciones por parte de los colonos.<\/p>\n<div id=\"hybs-mslot-11abd843-2\" class=\"hybs-mslot\"><\/div>\n<p><img decoding=\"async\" src=\"http:\/\/static.iris.net.co\/semana\/upload\/images\/\/2019\/6\/4\/618397_1.jpg\" alt=\"\" width=\"1280\" height=\"960\" \/><\/p>\n<p><sub>Adriano Rodr\u00edguez, gobernador del resguardo Arara, Bacat\u00ed, Carur\u00fa y Lagos de Jamaicur\u00fa junto a Andr\u00e9s Castro, director general de la Unidad de Restituci\u00f3n de Tierras, presentando la demanada que busca que les devuelvan las tierras arrebatadas por el conflicto armado. Foto. Unidad de Restituci\u00f3n de Tierras.<\/sub><\/p>\n<div id=\"SMIntext-clearfix-1560371227050\" class=\"SMIntext-clearfix SMIntext-clearfix-21ee3a6c-ad42-4ccd-a91d-677cacb585ca desktop\"><\/div>\n<p><center><\/center>Ante esto, la Unidad de Restituci\u00f3n de Tierras decidi\u00f3 tomar medidas.<strong>\u00a0Hace pocas semanas present\u00f3 una demanda ante el\u00a0<\/strong><strong>Juzgado del circuito especializado de restituci\u00f3n de tierras de Villavicencio (Meta), la cual busca que el Estado le devuelva todas las tierras a estas comunidades ind\u00edgenas v\u00edctimas de violencia, despojo y abandono forzado, garantizando as\u00ed sus derechos colectivos territoriales.<\/strong><\/p>\n<div id=\"hybs-mslot-11abd843-3\" class=\"hybs-mslot\"><\/div>\n<p>Es decir, la medida judicial da luz verde para que las m\u00e1s de 500.000 hect\u00e1reas hoy reclamadas por los ind\u00edgenas logren una titulaci\u00f3n a nombre del resguardo.<\/p>\n<p>Seg\u00fan el director general de la URT, Andr\u00e9s Castro, el objetivo de la demanda es lograr que la comunidad involucrada pueda acceder a su derecho fundamental de la restituci\u00f3n y hacer un goce efectivo de su territorio ancestral de acuerdo a la cultura, cosmovisi\u00f3n y formas de organizaci\u00f3n propias.\u00a0<strong>\u201cLa presentaci\u00f3n de esta demanda representa un caso emblem\u00e1tico que conduce a la reparaci\u00f3n hist\u00f3rica de comunidades ind\u00edgenas del suroriente del pa\u00eds\u201d.<\/strong><\/p>\n<p>Castro indic\u00f3 que la demanda surge como respuesta a una solicitud de las autoridades ind\u00edgenas del resguardo y por el resultado de una caracterizaci\u00f3n de m\u00e1s de un a\u00f1o realizada entre la entidad y la FAO, la cual recogi\u00f3\u00a0pruebas del despojo y abandono forzado que sufri\u00f3 el resguardo y\u00a0logr\u00f3 identificar afectaciones territoriales con impacto sociocultural como proliferaci\u00f3n de cultivos il\u00edcitos, narcotr\u00e1fico, miner\u00eda il\u00edcita, siembra de minas antipersona y enfrentamientos entre grupos armados ilegales para control del territorio.<\/p>\n<div id=\"hybs-mslot-11abd843-4\" class=\"hybs-mslot\"><\/div>\n<p><strong>La demanda de la Unidad tambi\u00e9n busca la adopci\u00f3n de medidas de atenci\u00f3n y asistencia humanitaria;<\/strong>\u00a0actividades de acci\u00f3n integral contra minas antipersona; brigadas de atenci\u00f3n en salud; recuperaci\u00f3n de pr\u00e1cticas culturales y fortalecimiento del su gobierno; ampliaci\u00f3n del resguardo; y documentaci\u00f3n de los hechos victimizantes sucedidos por las acciones de grupos delincuenciales.<\/p>\n<p>Rodr\u00edguez, gobernador ind\u00edgena del resguardo, manifest\u00f3 que esta medida beneficiar\u00e1 a las m\u00e1s de 1.500 personas que all\u00ed habitan. \u201cCon la firma de la paz ya ganamos tranquilidad y seguridad. Ahora esperamos que fallen a nuestro favor para recuperar las tierras, para luego poner en marcha varios programas agr\u00edcolas y sociales\u201d.<\/p>\n<p><b>Titulaci\u00f3n hist\u00f3rica<\/b><\/p>\n<div id=\"hybs-mslot-11abd843-5\" class=\"hybs-mslot\"><\/div>\n<p>La FAO afirm\u00f3 que la demanda podr\u00eda convertirse en el primer proceso de restituci\u00f3n de tierras iniciado en territorio amaz\u00f3nico y el m\u00e1s grande hasta el momento en Colombia a favor de los pueblos ind\u00edgenas de la Amazonia.<\/p>\n<p><img decoding=\"async\" src=\"http:\/\/static.iris.net.co\/semana\/upload\/images\/\/2019\/6\/4\/618396_1.jpg\" alt=\"\" width=\"1040\" height=\"500\" \/><sub>Actualmente, s\u00f3lo 264.800 hect\u00e1reas est\u00e1n legalizadas como parte del resguardo, por lo cual los ind\u00edgenas le solicitaron a la Agencia Nacional de Tierras que les adjudique 242.100 hect\u00e1reas m\u00e1s, para completar as\u00ed todo su territorio ancestral. Foto: Gentil Novoa.<\/sub><\/p>\n<p><strong>\u201cLa radicaci\u00f3n de esta solicitud de restituci\u00f3n es s\u00f3lo un logro de todo un proceso que reconstruy\u00f3 la historia del conflicto armado en territorios \u00e9tnicos de zonas apartadas, la cual, con los diferentes talleres realizados, los testimonios recogidos y la reconstrucci\u00f3n de cada uno de los hechos victimizantes, sirven como memoria viva de lo ocurrido en el territorio para las generaciones actuales y futuras de estos pueblos \u00e9tnicos\u201d,<\/strong>\u00a0afirm\u00f3 Danny Herr\u00e1n, punto focal de asuntos \u00e9tnicos de la FAO en Colombia.<\/p>\n<div id=\"hybs-mslot-11abd843-6\" class=\"hybs-mslot\"><\/div>\n<p>La organizaci\u00f3n enfatiz\u00f3 que si la demanda es fallada a favor de los ind\u00edgenas, le permitir\u00e1 al resguardo Arara, Bacat\u00ed, Carur\u00fa y Lagos de Jamaicur\u00fa la titulaci\u00f3n de su territorio colectivo y la restituci\u00f3n de sus derechos territoriales, \u201cun logro que no s\u00f3lo permitir\u00e1 a los pueblos ind\u00edgenas el ejercicio de su gobierno propio y el goce efectivo de sus territorios, sino la protecci\u00f3n y ampliaci\u00f3n de la seguridad jur\u00eddica de una gran parte de la selva amaz\u00f3nica del del Vaup\u00e9s, favoreciendo la conservaci\u00f3n y protecci\u00f3n del bioma amaz\u00f3nico\u201d.<\/p>\n<p>De los 15 pueblos ind\u00edgenas que habitan este resguardo, tres fueron declarados por la Organizaci\u00f3n Nacional Ind\u00edgena de Colombia (ONIC) bajo riesgo de exterminio f\u00edsico y cultural a causa del conflicto.[\/vc_column_text][vc_column_text]Tomado de:<a href=\"https:\/\/www.semana.com\/nacion\/articulo\/podrian-restituir-mas-de-500000-hectareas-a-indigenas-de-la-amazonia\/618386\"> https:\/\/www.semana.com\/nacion\/articulo\/podrian-restituir-mas-de-500000-hectareas-a-indigenas-de-la-amazonia\/618386<\/a>[\/vc_column_text][\/vc_column][\/vc_row]<\/p>\n<\/div>","protected":false},"excerpt":{"rendered":"<p>[vc_row][vc_column][vc_column_text] Publicado en: Semana 6 de junio de 2019 Semana [\/vc_column_text][\/vc_column][\/vc_row][vc_row][vc_column][vc_column_text]La profunda y espesa selva amaz\u00f3nica colombiana fue durante d\u00e9cadas el fort\u00edn predilecto de los grupos armados ilegales para camuflar sus macabras operaciones. En medio de la manigua fueron perpetrados asesinatos, secuestros y atentados, cr\u00edmenes que causaron un desplazamiento forzado para muchos de sus habitantes,&hellip;<\/p>\n","protected":false},"author":299,"featured_media":8779,"comment_status":"open","ping_status":"open","sticky":false,"template":"","format":"standard","meta":{"_acf_changed":false,"footnotes":""},"categories":[3],"tags":[],"class_list":["post-8806","post","type-post","status-publish","format-standard","has-post-thumbnail","hentry","category-radar","category-3","description-off"],"acf":[],"_links":{"self":[{"href":"https:\/\/www.raisg.org\/en\/wp-json\/wp\/v2\/posts\/8806","targetHints":{"allow":["GET"]}}],"collection":[{"href":"https:\/\/www.raisg.org\/en\/wp-json\/wp\/v2\/posts"}],"about":[{"href":"https:\/\/www.raisg.org\/en\/wp-json\/wp\/v2\/types\/post"}],"author":[{"embeddable":true,"href":"https:\/\/www.raisg.org\/en\/wp-json\/wp\/v2\/users\/299"}],"replies":[{"embeddable":true,"href":"https:\/\/www.raisg.org\/en\/wp-json\/wp\/v2\/comments?post=8806"}],"version-history":[{"count":1,"href":"https:\/\/www.raisg.org\/en\/wp-json\/wp\/v2\/posts\/8806\/revisions"}],"predecessor-version":[{"id":8808,"href":"https:\/\/www.raisg.org\/en\/wp-json\/wp\/v2\/posts\/8806\/revisions\/8808"}],"wp:featuredmedia":[{"embeddable":true,"href":"https:\/\/www.raisg.org\/en\/wp-json\/wp\/v2\/media\/8779"}],"wp:attachment":[{"href":"https:\/\/www.raisg.org\/en\/wp-json\/wp\/v2\/media?parent=8806"}],"wp:term":[{"taxonomy":"category","embeddable":true,"href":"https:\/\/www.raisg.org\/en\/wp-json\/wp\/v2\/categories?post=8806"},{"taxonomy":"post_tag","embeddable":true,"href":"https:\/\/www.raisg.org\/en\/wp-json\/wp\/v2\/tags?post=8806"}],"curies":[{"name":"wp","href":"https:\/\/api.w.org\/{rel}","templated":true}]}}