{"id":9791,"date":"2019-08-12T14:01:24","date_gmt":"2019-08-12T17:01:24","guid":{"rendered":"https:\/\/www.amazoniasocioambiental.org\/?p=9791"},"modified":"2019-08-12T14:03:40","modified_gmt":"2019-08-12T17:03:40","slug":"tribus-indigenas-del-amazonas-protestan-contra-el-gobierno-de-ecuador-para-que-no-aumente-la-produccion-petrolera-en-la-region","status":"publish","type":"post","link":"https:\/\/www.raisg.org\/en\/radar\/tribus-indigenas-del-amazonas-protestan-contra-el-gobierno-de-ecuador-para-que-no-aumente-la-produccion-petrolera-en-la-region\/","title":{"rendered":"Tribus ind\u00edgenas del Amazonas protestan contra el Gobierno de Ecuador para que no aumente la producci\u00f3n petrolera en la regi\u00f3n"},"content":{"rendered":"<p style=\"text-align: right;\"><a href=\"https:\/\/cnnespanol.cnn.com\/video\/amazonas-pulmon-del-planeta-calentamiento-global-tribu-activistas-pkg-becky-anderson\/\"><img fetchpriority=\"high\" decoding=\"async\" class=\"wp-image-9787 aligncenter\" src=\"https:\/\/www.raisg.org\/wp-content\/uploads\/2019\/08\/waoranis-300x175.jpg\" alt=\"\" width=\"389\" height=\"227\" srcset=\"https:\/\/www.raisg.org\/wp-content\/uploads\/2019\/08\/waoranis-300x175.jpg 300w, https:\/\/www.raisg.org\/wp-content\/uploads\/2019\/08\/waoranis-500x291.jpg 500w, https:\/\/www.raisg.org\/wp-content\/uploads\/2019\/08\/waoranis.jpg 757w\" sizes=\"(max-width: 389px) 100vw, 389px\" \/><\/a><\/p>\n<p style=\"text-align: right;\">Publicado en CNN<br \/>\n9 agosto, 2019<br \/>\nPor\u00a0<a href=\"https:\/\/cnnespanol.cnn.com\/author\/becky-anderson\/\">Becky Anderson<\/a><\/p>\n<p>La\u00a0selva tropical del Amazonas\u00a0tambi\u00e9n se conoce como \u201cel pulm\u00f3n del planeta\u201d, y su protecci\u00f3n es imprescindible para luchar contra el calentamiento global. Sin embargo, el Gobierno de Ecuador intent\u00f3 ampliar la producci\u00f3n petrolera en la regi\u00f3n para estimular su econom\u00eda. Las tribus ind\u00edgenas del Amazonas salieron a las calles para mostrar su desacuerdo con el Gobierno, e intentar frenar estas medidas que pueden ser decisivas para la regi\u00f3n.<\/p>\n<p>Fuente: <a href=\"https:\/\/cnnespanol.cnn.com\/video\/amazonas-pulmon-del-planeta-calentamiento-global-tribu-activistas-pkg-becky-anderson\/\">https:\/\/cnnespanol.cnn.com\/video\/amazonas-pulmon-del-planeta-calentamiento-global-tribu-activistas-pkg-becky-anderson\/<\/a><\/p>\n","protected":false},"excerpt":{"rendered":"<p>Publicado en CNN 9 agosto, 2019 Por\u00a0Becky Anderson La\u00a0selva tropical del Amazonas\u00a0tambi\u00e9n se conoce como \u201cel pulm\u00f3n del planeta\u201d, y su protecci\u00f3n es imprescindible para luchar contra el calentamiento global. Sin embargo, el Gobierno de Ecuador intent\u00f3 ampliar la producci\u00f3n petrolera en la regi\u00f3n para estimular su econom\u00eda. Las tribus ind\u00edgenas del Amazonas salieron a&hellip;<\/p>\n","protected":false},"author":327,"featured_media":0,"comment_status":"open","ping_status":"open","sticky":false,"template":"","format":"standard","meta":{"_acf_changed":false,"footnotes":""},"categories":[3],"tags":[],"class_list":["post-9791","post","type-post","status-publish","format-standard","hentry","category-radar","category-3","description-off"],"acf":[],"_links":{"self":[{"href":"https:\/\/www.raisg.org\/en\/wp-json\/wp\/v2\/posts\/9791","targetHints":{"allow":["GET"]}}],"collection":[{"href":"https:\/\/www.raisg.org\/en\/wp-json\/wp\/v2\/posts"}],"about":[{"href":"https:\/\/www.raisg.org\/en\/wp-json\/wp\/v2\/types\/post"}],"author":[{"embeddable":true,"href":"https:\/\/www.raisg.org\/en\/wp-json\/wp\/v2\/users\/327"}],"replies":[{"embeddable":true,"href":"https:\/\/www.raisg.org\/en\/wp-json\/wp\/v2\/comments?post=9791"}],"version-history":[{"count":2,"href":"https:\/\/www.raisg.org\/en\/wp-json\/wp\/v2\/posts\/9791\/revisions"}],"predecessor-version":[{"id":9797,"href":"https:\/\/www.raisg.org\/en\/wp-json\/wp\/v2\/posts\/9791\/revisions\/9797"}],"wp:attachment":[{"href":"https:\/\/www.raisg.org\/en\/wp-json\/wp\/v2\/media?parent=9791"}],"wp:term":[{"taxonomy":"category","embeddable":true,"href":"https:\/\/www.raisg.org\/en\/wp-json\/wp\/v2\/categories?post=9791"},{"taxonomy":"post_tag","embeddable":true,"href":"https:\/\/www.raisg.org\/en\/wp-json\/wp\/v2\/tags?post=9791"}],"curies":[{"name":"wp","href":"https:\/\/api.w.org\/{rel}","templated":true}]}}