{"id":10185,"date":"2019-08-29T16:20:46","date_gmt":"2019-08-29T19:20:46","guid":{"rendered":"https:\/\/www.amazoniasocioambiental.org\/radar\/onu-propoe-reuniao-sobre-amazonia-durante-sua-assembleia-geral-em-setembro\/"},"modified":"2019-08-29T16:23:10","modified_gmt":"2019-08-29T19:23:10","slug":"onu-propoe-reuniao-sobre-amazonia-durante-sua-assembleia-geral-em-setembro","status":"publish","type":"post","link":"https:\/\/www.raisg.org\/es\/radar\/onu-propoe-reuniao-sobre-amazonia-durante-sua-assembleia-geral-em-setembro\/","title":{"rendered":"ONU prop\u00f5e reuni\u00e3o sobre Amaz\u00f4nia durante sua Assembleia Geral em setembro"},"content":{"rendered":"<div class=\"wpb-content-wrapper\"><p>[vc_row][vc_column][vc_column_text]<\/p>\n<p style=\"text-align: right;\"><strong>RFI<\/strong><\/p>\n<p style=\"text-align: right;\"><strong>28 de agosto de 2019<\/strong><\/p>\n<p>[\/vc_column_text][\/vc_column][\/vc_row][vc_row][vc_column][vc_column_text]<\/p>\n<div class=\"intro\">\n<p>O secret\u00e1rio-geral das Na\u00e7\u00f5es Unidas, Antonio Guterres, levantou nesta quinta-feira (29) a possibilidade de organizar \u00e0 margem da Assembleia Geral da ONU em setembro uma reuni\u00e3o espec\u00edfica ao lado sobre a situa\u00e7\u00e3o na Amaz\u00f4nia, onde os inc\u00eandios se multiplicam.<\/p>\n<p>&nbsp;<\/p>\n<\/div>\n<div>\n<div><img fetchpriority=\"high\" decoding=\"async\" class=\"aligncenter size-full wp-image-10179\" src=\"https:\/\/www.raisg.org\/wp-content\/uploads\/2019\/08\/2019-08-01t183328z_1101243326_rc1d58003930_rtrmadp_3_russia-usa-missiles-un_0.jpg\" alt=\"\" width=\"1024\" height=\"578\" srcset=\"https:\/\/www.raisg.org\/wp-content\/uploads\/2019\/08\/2019-08-01t183328z_1101243326_rc1d58003930_rtrmadp_3_russia-usa-missiles-un_0.jpg 1024w, https:\/\/www.raisg.org\/wp-content\/uploads\/2019\/08\/2019-08-01t183328z_1101243326_rc1d58003930_rtrmadp_3_russia-usa-missiles-un_0-300x169.jpg 300w, https:\/\/www.raisg.org\/wp-content\/uploads\/2019\/08\/2019-08-01t183328z_1101243326_rc1d58003930_rtrmadp_3_russia-usa-missiles-un_0-768x434.jpg 768w, https:\/\/www.raisg.org\/wp-content\/uploads\/2019\/08\/2019-08-01t183328z_1101243326_rc1d58003930_rtrmadp_3_russia-usa-missiles-un_0-500x282.jpg 500w\" sizes=\"(max-width: 1024px) 100vw, 1024px\" \/><\/div>\n<div style=\"text-align: center;\"><em>O secret\u00e1rio geral da ONU, Antonio Guterres, em agosto de 2019.<\/em><\/div>\n<div><\/div>\n<p>&nbsp;<\/p>\n<p>\u00abA situa\u00e7\u00e3o na Amaz\u00f4nia \u00e9 obviamente muito s\u00e9ria\u00bb, disse Guterres em declara\u00e7\u00f5es \u00e0 imprensa \u00e0 margem de uma confer\u00eancia sobre o desenvolvimento da \u00c1frica, organizada em Yokohama (Jap\u00e3o).<\/p>\n<div id=\"divVideoStepAdBottom\" class=\"divVideoStep\"><\/div>\n<p>Mais de 1.040 inc\u00eandios foram detectados na ter\u00e7a-feira no Brasil pelo Instituto Nacional de Pesquisas Espaciais (Inpe).<\/p>\n<p>No total, houve cerca de 80.000 inc\u00eandios desde o in\u00edcio do ano, metade deles na floresta amaz\u00f4nica, o que representa o n\u00famero mais alto desde 2013.<\/p>\n<p>\u00abPedimos veementemente que os recursos sejam alocados e contatamos os pa\u00edses para ver se poderia haver uma reuni\u00e3o dedicada \u00e0 ajuda \u00e0 Amaz\u00f4nia durante a Assembleia Geral\u00bb, que ser\u00e1 realizada de 20 a 23 de setembro em Nova York, disse Guterres.<\/p>\n<div id=\"teads-18820378949151917\"><\/div>\n<p>Na ter\u00e7a-feira, o Brasil mostrou-se aberto para a aceitar ajuda externa para combater inc\u00eandios na floresta amaz\u00f4nica com a condi\u00e7\u00e3o de administrar esses fundos, tendo rejeitado o aux\u00edlio oferecido pelos pa\u00edses do G7 na segunda-feira.<\/p>\n<p>O presidente brasileiro Jair Bolsonaro assinou um decreto na quarta-feira proibindo queimadas em todo o Brasil por 60 dias, em rea\u00e7\u00e3o \u00e0 press\u00e3o internacional.<\/p>\n<p>\u00abEu acho que a comunidade internacional deve se mobilizar fortemente para apoiar os pa\u00edses da Amaz\u00f4nia com o objetivo de acabar com os inc\u00eandios o mais r\u00e1pido poss\u00edvel e com todos os meios poss\u00edveis, e ent\u00e3o executar uma pol\u00edtica completa de reflorestamento\u00bb, acrescentou o secret\u00e1rio-geral das Na\u00e7\u00f5es Unidas.<\/p>\n<\/div>\n<p>&nbsp;<\/p>\n<p><strong>Fonte<\/strong>: <a href=\"http:\/\/br.rfi.fr\/brasil\/20190829-onu-propoe-reuniao-sobre-amazonia-durante-sua-assembleia-geral-em-setembro\">http:\/\/br.rfi.fr\/brasil\/20190829-onu-propoe-reuniao-sobre-amazonia-durante-sua-assembleia-geral-em-setembro<\/a>[\/vc_column_text][\/vc_column][\/vc_row]<\/p>\n<\/div>","protected":false},"excerpt":{"rendered":"<p>O secret\u00e1rio-geral das Na\u00e7\u00f5es Unidas, Antonio Guterres, levantou nesta quinta-feira (29) a possibilidade de organizar \u00e0 margem da Assembleia Geral da ONU em setembro uma reuni\u00e3o espec\u00edfica ao lado sobre a situa\u00e7\u00e3o na Amaz\u00f4nia, onde os inc\u00eandios se multiplicam.<\/p>\n<p>\u00abA situa\u00e7\u00e3o na Amaz\u00f4nia \u00e9 obviamente muito s\u00e9ria\u00bb, disse Guterres em declara\u00e7\u00f5es \u00e0 imprensa \u00e0 margem de uma confer\u00eancia sobre o desenvolvimento da \u00c1frica, organizada em Yokohama (Jap\u00e3o).<\/p>\n","protected":false},"author":11,"featured_media":10181,"comment_status":"open","ping_status":"open","sticky":false,"template":"","format":"standard","meta":{"_acf_changed":false,"footnotes":""},"categories":[2],"tags":[],"class_list":["post-10185","post","type-post","status-publish","format-standard","has-post-thumbnail","hentry","category-radar","category-2","description-off"],"acf":[],"_links":{"self":[{"href":"https:\/\/www.raisg.org\/es\/wp-json\/wp\/v2\/posts\/10185","targetHints":{"allow":["GET"]}}],"collection":[{"href":"https:\/\/www.raisg.org\/es\/wp-json\/wp\/v2\/posts"}],"about":[{"href":"https:\/\/www.raisg.org\/es\/wp-json\/wp\/v2\/types\/post"}],"author":[{"embeddable":true,"href":"https:\/\/www.raisg.org\/es\/wp-json\/wp\/v2\/users\/11"}],"replies":[{"embeddable":true,"href":"https:\/\/www.raisg.org\/es\/wp-json\/wp\/v2\/comments?post=10185"}],"version-history":[{"count":2,"href":"https:\/\/www.raisg.org\/es\/wp-json\/wp\/v2\/posts\/10185\/revisions"}],"predecessor-version":[{"id":10191,"href":"https:\/\/www.raisg.org\/es\/wp-json\/wp\/v2\/posts\/10185\/revisions\/10191"}],"wp:featuredmedia":[{"embeddable":true,"href":"https:\/\/www.raisg.org\/es\/wp-json\/wp\/v2\/media\/10181"}],"wp:attachment":[{"href":"https:\/\/www.raisg.org\/es\/wp-json\/wp\/v2\/media?parent=10185"}],"wp:term":[{"taxonomy":"category","embeddable":true,"href":"https:\/\/www.raisg.org\/es\/wp-json\/wp\/v2\/categories?post=10185"},{"taxonomy":"post_tag","embeddable":true,"href":"https:\/\/www.raisg.org\/es\/wp-json\/wp\/v2\/tags?post=10185"}],"curies":[{"name":"wp","href":"https:\/\/api.w.org\/{rel}","templated":true}]}}