{"id":12391,"date":"2019-11-25T12:50:01","date_gmt":"2019-11-25T15:50:01","guid":{"rendered":"https:\/\/www.amazoniasocioambiental.org\/?p=12391"},"modified":"2019-12-04T12:53:24","modified_gmt":"2019-12-04T15:53:24","slug":"comunicado-de-la-asociacion-wataniba-ante-los-graves-hechos-de-violencia-en-ikabaru-estado-bolivar","status":"publish","type":"post","link":"https:\/\/www.raisg.org\/es\/radar\/comunicado-de-la-asociacion-wataniba-ante-los-graves-hechos-de-violencia-en-ikabaru-estado-bolivar\/","title":{"rendered":"Comunicado de la Asociaci\u00f3n Wataniba ante los graves hechos de violencia en Ikabar\u00fa, estado Bol\u00edvar."},"content":{"rendered":"<p style=\"text-align: right;\"><a href=\"https:\/\/watanibasocioambiental.org\/comunicado-wataniba-ikabaru\/\">Wataniba<\/a><\/p>\n<p style=\"text-align: right;\">25 de Noviembre de 2019<\/p>\n<p>&nbsp;<\/p>\n<p>El Grupo de Trabajo Socioambiental de la Amazonia\u00a0<strong>Wataniba<\/strong>\u00a0ha recibido informaci\u00f3n de manera directa por varias fuentes, con relaci\u00f3n a que el d\u00eda 22 de noviembre de 2019 ocurrieron graves hechos de violencia en la poblaci\u00f3n de Ikabar\u00fa, estado Bol\u00edvar, donde habr\u00edan fallecido un total aproximado de seis personas, en el contexto de un ataque por un grupo armado vinculado a la actividad minera en la zona. La versi\u00f3n oficial indica que el viernes 22 de noviembre hacia las 9 de la noche se present\u00f3 un grupo armado a la poblaci\u00f3n de Ikabar\u00fa al sur del estado Bol\u00edvar, que se habr\u00eda identificado como integrante del \u201cTren de Guayana\u201d, cuyo jefe seria un pran conocido como el \u201cCiego\u201d, en un local donde estaban reunidas un grupo de personas del lugar. El grupo armado preguntaba por personas conocidas en la zona que pertenecen a otro grupo tambi\u00e9n armado, que controla la miner\u00eda. Se conoce que en el lugar no estaban los que buscaban, pero el grupo asesin\u00f3 a ciertas y determinadas personas presentes, resultando seis fallecidos por arma de fuego y un herido. Se ha informado que todos los fallecidos eran criollos (no ind\u00edgenas) excepto un mestizo residente del sector Santa Elena. Los \u00f3rganos oficiales informan que no hay ind\u00edgenas fallecidos ni heridos en estos hechos.<\/p>\n<p>La Asociaci\u00f3n Wataniba expresa su preocupaci\u00f3n y repudia, no solo estos hechos concretos, sino la grave situaci\u00f3n de violencia que se vive en la zona tomada completamente por la miner\u00eda ilegal desde hace muchos a\u00f1os y actualmente incluida como un bloque especial dentro de la denominada ZDEN Arco Minero del Orinoco, proyecto oficial que promueve la miner\u00eda a gran escala en el estado Bol\u00edvar. Adem\u00e1s, se debe destacar que toda la zona de Ikabar\u00fa, como parte de la Gran Sabana, es territorio ind\u00edgena ancestral del pueblo Pem\u00f3n, y parte de la Amazon\u00eda venezolana, habitada por numerosas comunidades ind\u00edgenas que est\u00e1n afectadas en sus derechos fundamentales y con fuertes presiones y amenazas a su vida colectiva, a su econom\u00eda propia y a su identidad espec\u00edfica, debido al extractivismo minero y a la presencia de numerosas mafias (sindicatos y grupos irregulares armados) que luchan por controlar dichas actividades.<\/p>\n<div id=\"attachment_1755\" class=\"wp-caption alignright\">\n<p><img decoding=\"async\" class=\"size-medium wp-image-1755\" src=\"https:\/\/watanibasocioambiental.org\/wp-content\/uploads\/2019\/11\/Ikabaru_google-300x149.png\" sizes=\"(max-width: 300px) 100vw, 300px\" srcset=\"https:\/\/watanibasocioambiental.org\/wp-content\/uploads\/2019\/11\/Ikabaru_google-300x149.png 300w, https:\/\/watanibasocioambiental.org\/wp-content\/uploads\/2019\/11\/Ikabaru_google-768x380.png 768w, https:\/\/watanibasocioambiental.org\/wp-content\/uploads\/2019\/11\/Ikabaru_google.png 1022w\" alt=\"\" width=\"300\" height=\"149\" \/><\/p>\n<p class=\"wp-caption-text\">Pistas en la poblaci\u00f3n de Ikabaru<\/p>\n<\/div>\n<p>Frente a esta situaci\u00f3n los graves hechos de violencia y el contexto que la est\u00e1 originando, vinculado al caos de la actividad minera, la presencia de diferentes mafias y grupos armados (sindicatos) que luchan por el control minero y que act\u00faan abiertamente en tierras ind\u00edgenas sin ning\u00fan control por parte del Estado, produciendo fuertes impactos ambientales y socioculturales, se genera una responsabilidad para el Estado venezolano por omisi\u00f3n en el control de esta situaci\u00f3n y por el incumplimiento del deber de protecci\u00f3n hacia los ciudadanos. Lo que queda claro de estos graves hechos es que los derechos humanos y los derechos ind\u00edgenas en particular se ven seriamente afectados por la violencia del modelo minero extractivo.<\/p>\n<div id=\"attachment_1756\" class=\"wp-caption alignleft\">\n<p><img fetchpriority=\"high\" decoding=\"async\" class=\"size-medium wp-image-1756\" src=\"https:\/\/watanibasocioambiental.org\/wp-content\/uploads\/2019\/11\/Ikabaru_mina_Ikabaru-300x168.png\" sizes=\"(max-width: 300px) 100vw, 300px\" srcset=\"https:\/\/watanibasocioambiental.org\/wp-content\/uploads\/2019\/11\/Ikabaru_mina_Ikabaru-300x168.png 300w, https:\/\/watanibasocioambiental.org\/wp-content\/uploads\/2019\/11\/Ikabaru_mina_Ikabaru-768x429.png 768w, https:\/\/watanibasocioambiental.org\/wp-content\/uploads\/2019\/11\/Ikabaru_mina_Ikabaru.png 967w\" alt=\"\" width=\"300\" height=\"168\" \/><\/p>\n<p class=\"wp-caption-text\">Minas de Ikabar\u00fa<\/p>\n<\/div>\n<p>Tambi\u00e9n queremos enfatizar desde el punto de vista de la geopol\u00edtica regional, que las pol\u00edticas extractivas incluyendo la minera se est\u00e1n imponiendo en todos los pa\u00edses de la regi\u00f3n amaz\u00f3nica y generando hechos de violencia. Recientemente hemos escuchado de asesinatos y violencia en tierras ind\u00edgenas en Brasil y Colombia, de manera que esta situaci\u00f3n no es aislada sino que ocurre en un contexto m\u00e1s amplio de megaproyectos vinculados a la extracci\u00f3n de recursos naturales en la Amazon\u00eda. En el caso venezolano esto est\u00e1 vinculado con la imposici\u00f3n de la ya mencionada ZDEN Arco Minero del Orinoco.<\/p>\n<p>Como Grupo de Trabajo Socioambiental que desarrolla su labor en la regi\u00f3n amaz\u00f3nica venezolana, queremos hacer un llamado a las diferentes instituciones competentes del Estado venezolano para que adopten medidas urgentes que permitan controlar estos problemas al sur del Orinoco, especialmente garantizando los derechos fundamentales a la vida, la integridad f\u00edsica y la seguridad personal, pero tambi\u00e9n los derechos espec\u00edficos de los pueblos ind\u00edgenas y los derechos ambientales tal como est\u00e1n reconocidos en la Constituci\u00f3n de la Republica. Esto es un deber constitucional del Estado y forma parte de los compromisos internacionales que hacen referencia a la protecci\u00f3n de los derechos humanos, la garant\u00eda de los derechos ind\u00edgenas y ambientales.<\/p>\n<div class=\"wp-video\"><\/div>\n<div>Leer original en: <a href=\"https:\/\/watanibasocioambiental.org\/comunicado-wataniba-ikabaru\/\">https:\/\/watanibasocioambiental.org\/comunicado-wataniba-ikabaru\/<\/a><\/div>\n","protected":false},"excerpt":{"rendered":"<p>Wataniba 25 de Noviembre de 2019 &nbsp; El Grupo de Trabajo Socioambiental de la Amazonia\u00a0Wataniba\u00a0ha recibido informaci\u00f3n de manera directa por varias fuentes, con relaci\u00f3n a que el d\u00eda 22 de noviembre de 2019 ocurrieron graves hechos de violencia en la poblaci\u00f3n de Ikabar\u00fa, estado Bol\u00edvar, donde habr\u00edan fallecido un total aproximado de seis personas,&hellip;<\/p>\n","protected":false},"author":305,"featured_media":12392,"comment_status":"open","ping_status":"open","sticky":false,"template":"","format":"standard","meta":{"_acf_changed":false,"footnotes":""},"categories":[2],"tags":[178,176,177,140,81],"class_list":["post-12391","post","type-post","status-publish","format-standard","has-post-thumbnail","hentry","category-radar","tag-grupos-irregulares","tag-ikabaru","tag-minas","tag-mineria-ilegal","tag-venezuela","category-2","description-off"],"acf":[],"_links":{"self":[{"href":"https:\/\/www.raisg.org\/es\/wp-json\/wp\/v2\/posts\/12391","targetHints":{"allow":["GET"]}}],"collection":[{"href":"https:\/\/www.raisg.org\/es\/wp-json\/wp\/v2\/posts"}],"about":[{"href":"https:\/\/www.raisg.org\/es\/wp-json\/wp\/v2\/types\/post"}],"author":[{"embeddable":true,"href":"https:\/\/www.raisg.org\/es\/wp-json\/wp\/v2\/users\/305"}],"replies":[{"embeddable":true,"href":"https:\/\/www.raisg.org\/es\/wp-json\/wp\/v2\/comments?post=12391"}],"version-history":[{"count":2,"href":"https:\/\/www.raisg.org\/es\/wp-json\/wp\/v2\/posts\/12391\/revisions"}],"predecessor-version":[{"id":12398,"href":"https:\/\/www.raisg.org\/es\/wp-json\/wp\/v2\/posts\/12391\/revisions\/12398"}],"wp:featuredmedia":[{"embeddable":true,"href":"https:\/\/www.raisg.org\/es\/wp-json\/wp\/v2\/media\/12392"}],"wp:attachment":[{"href":"https:\/\/www.raisg.org\/es\/wp-json\/wp\/v2\/media?parent=12391"}],"wp:term":[{"taxonomy":"category","embeddable":true,"href":"https:\/\/www.raisg.org\/es\/wp-json\/wp\/v2\/categories?post=12391"},{"taxonomy":"post_tag","embeddable":true,"href":"https:\/\/www.raisg.org\/es\/wp-json\/wp\/v2\/tags?post=12391"}],"curies":[{"name":"wp","href":"https:\/\/api.w.org\/{rel}","templated":true}]}}