{"id":15103,"date":"2020-05-20T00:47:05","date_gmt":"2020-05-20T03:47:05","guid":{"rendered":"https:\/\/www.amazoniasocioambiental.org\/?p=15103"},"modified":"2020-05-20T00:47:05","modified_gmt":"2020-05-20T03:47:05","slug":"detectan-primer-caso-de-coronavirus-en-comunidad-indigena-waorani-de-ecuador","status":"publish","type":"post","link":"https:\/\/www.raisg.org\/es\/radar\/detectan-primer-caso-de-coronavirus-en-comunidad-indigena-waorani-de-ecuador\/","title":{"rendered":"Detectan primer caso de coronavirus en comunidad ind\u00edgena waorani de Ecuador"},"content":{"rendered":"<h6><img decoding=\"async\" class=\"m-figure__img\" src=\"https:\/\/s.france24.com\/media\/display\/008ed45a-989f-11ea-ab1d-005056bf18d4\/w:1240\/p:16x9\/8f013f7333d592cae53c06547aed2e4aeeeb398d.webp\" alt=\"Indios de la etnia Waorani protestan frente al Ministerio de Medio Ambiente en Quito, Ecuador, el 4 de septiembre de 2019 en solidaridad con los nativos amaz\u00f3nicos de Brasil afectados por incendios en la selva.\" data-image-dataset=\"{&quot;url&quot;:&quot;https:\\\/\\\/s.france24.com\\\/media\\\/display\\\/008ed45a-989f-11ea-ab1d-005056bf18d4\\\/&quot;,&quot;filename&quot;:&quot;8f013f7333d592cae53c06547aed2e4aeeeb398d.jpg&quot;,&quot;ratio&quot;:&quot;p:16x9&quot;,&quot;displayFormat&quot;:&quot;16x9&quot;,&quot;maxWidth&quot;:1240}\" \/><span class=\"m-figure__caption__legend\">Indios de la etnia Waorani protestan frente al Ministerio de Medio Ambiente en Quito, Ecuador, el 4 de septiembre de 2019 en solidaridad con los nativos amaz\u00f3nicos de Brasil afectados por incendios en la selva.<\/span>\u00a0<span class=\"m-figure__caption__credits\">Rodrigo BUENDIA AFP<\/span><\/h6>\n<p style=\"text-align: right;\"><strong>FRANCE 24<\/strong><br \/>\n<strong>18 de mayo, 2020<\/strong><\/p>\n<p class=\"t-location\">Quito (AFP)<\/p>\n<p>Ecuador report\u00f3 este domingo el primer caso de coronavirus entre los ind\u00edgenas waorani de la Amazon\u00eda, luego de que una joven de 17 a\u00f1os diera positivo al test, seg\u00fan el Ministerio de Salud.<\/p>\n<p>El \u00abprimer caso COVID reportado en la comunidad Waorani\u00bb se trata de \u00abuna mujer gestante, de 17 a\u00f1os, que inici\u00f3 sintomatolog\u00eda el 4 de mayo\u00bb, se\u00f1al\u00f3 la cartera en un comunicado.<\/p>\n<p>La mujer fue trasladada a un hospital en Quito donde \u00abse encuentra aislada\u00bb, indic\u00f3 el ministerio, sin dar detalles sobre el estado de salud de la paciente.<\/p>\n<div id=\"tms-ad-inread-7534169063046576\" class=\"tms-ad\" data-tms-ad-type=\"inread\" data-tms-ad-provider=\"invibes\" data-tms-ad-status=\"loaded\">\n<div id=\"divVideoStepAdBottom\" class=\"divVideoStep\"><\/div>\n<\/div>\n<p>Tras conocerse el caso, el gobierno, en coordinaci\u00f3n con l\u00edderes ind\u00edgenas, atendi\u00f3 a 40 personas de la comunidad de Miwaguno (Orellana), de unos 140 habitantes, con la que la mujer tuvo contacto.<\/p>\n<p>\u00abSe encontr\u00f3 a 17 ciudadanos con antecedentes de s\u00edntomas respiratorios. A la fecha, 6 de ellos presentan sintomatolog\u00eda, por lo que se realizaron 20 pruebas r\u00e1pidas y un total de 7 hisopados nasofar\u00edngeos\u00bb, se\u00f1al\u00f3 el ministerio de Salud, sin precisar los resultados de los ex\u00e1menes.<\/p>\n<p>Ecuador, uno de los pa\u00edses m\u00e1s golpeados por la pandemia en Latinoam\u00e9rica, cumple dos meses de confinamiento debido al coronavirus, que deja unos 33.000 casos, incluidos m\u00e1s de 2.700 muertos.<\/p>\n<p>A trav\u00e9s de un comunicado de la ONG Alianza por los Derechos Humanos del Ecuador, organizaciones waorani expresaron que la propagaci\u00f3n del virus \u00abpodr\u00eda ser catastr\u00f3fica y altamente letal\u00bb, pues los ind\u00edgenas \u00abno poseen defensas que les permita resistir y generar anticuerpos para combatir varias enfermedades, entre ellas este nuevo virus\u00bb.<\/p>\n<p>La ONG tambi\u00e9n alert\u00f3 sobre el peligro que implica para otras comunidades ind\u00edgenas.<\/p>\n<p>\u00abEstos clanes suelen acercarse a las comunidades waoranis, en ocasiones, toman objetos o recorren la zona, por lo que el riesgo de su contagio de COVID-19 est\u00e1 latente\u00bb, agrega el comunicado de la ONG.<\/p>\n<p>M\u00e1s de 500 pueblos ind\u00edgenas, 66 de ellos en aislamiento voluntario, ocupan siete millones de km2 de la selva de la Amazon\u00eda, compartida por Bolivia, Brasil, Colombia, Ecuador, Guayana Francesa, Guyana, Per\u00fa, Surinam y Venezuela, seg\u00fan la Coordinadora de las Organizaciones Ind\u00edgenas de la Cuenca Amaz\u00f3nica (COICA).<\/p>\n<p>La organizaci\u00f3n que agrupa a ind\u00edgenas de los nueve pa\u00edses que comparten la Amazon\u00eda pidi\u00f3 hace dos semanas al mundo un aporte urgente de cinco millones de d\u00f3lares para enfrentar la pandemia y evitar la extinci\u00f3n de sus comunidades, guardianas del mayor bosque tropical.<\/p>\n<p>La covid-19 deja 26.500 casos, entre ellos 1.630 muertos, en la cuenca amaz\u00f3nica, de acuerdo con cifras de la COICA.<\/p>\n<p>Las comunidades amaz\u00f3nicas son guardianas cruciales de la biodiversidad, lo que es reconocido por el Panel Intergubernamental sobre Cambio Clim\u00e1tico de la ONU (IPCC). Protegen un \u00e1rea forestal que mantiene atrapadas unas 200.000 millones de toneladas de carbono.<\/p>\n<p class=\"t-copyright\">\u00a9 2020 AFP<\/p>\n<p>Tomado de: <a href=\"https:\/\/www.france24.com\/es\/20200518-detectan-primer-caso-de-coronavirus-en-comunidad-ind%C3%ADgena-waorani-de-ecuador\">https:\/\/www.france24.com\/es\/20200518-detectan-primer-caso-de-coronavirus-en-comunidad-ind%C3%ADgena-waorani-de-ecuador<\/a><\/p>\n","protected":false},"excerpt":{"rendered":"<p>Indios de la etnia Waorani protestan frente al Ministerio de Medio Ambiente en Quito, Ecuador, el 4 de septiembre de 2019 en solidaridad con los nativos amaz\u00f3nicos de Brasil afectados por incendios en la selva.\u00a0Rodrigo BUENDIA AFP FRANCE 24 18 de mayo, 2020 Quito (AFP) Ecuador report\u00f3 este domingo el primer caso de coronavirus entre&hellip;<\/p>\n","protected":false},"author":327,"featured_media":0,"comment_status":"open","ping_status":"open","sticky":false,"template":"","format":"standard","meta":{"_acf_changed":false,"footnotes":""},"categories":[2],"tags":[],"class_list":["post-15103","post","type-post","status-publish","format-standard","hentry","category-radar","category-2","description-off"],"acf":[],"_links":{"self":[{"href":"https:\/\/www.raisg.org\/es\/wp-json\/wp\/v2\/posts\/15103","targetHints":{"allow":["GET"]}}],"collection":[{"href":"https:\/\/www.raisg.org\/es\/wp-json\/wp\/v2\/posts"}],"about":[{"href":"https:\/\/www.raisg.org\/es\/wp-json\/wp\/v2\/types\/post"}],"author":[{"embeddable":true,"href":"https:\/\/www.raisg.org\/es\/wp-json\/wp\/v2\/users\/327"}],"replies":[{"embeddable":true,"href":"https:\/\/www.raisg.org\/es\/wp-json\/wp\/v2\/comments?post=15103"}],"version-history":[{"count":1,"href":"https:\/\/www.raisg.org\/es\/wp-json\/wp\/v2\/posts\/15103\/revisions"}],"predecessor-version":[{"id":15104,"href":"https:\/\/www.raisg.org\/es\/wp-json\/wp\/v2\/posts\/15103\/revisions\/15104"}],"wp:attachment":[{"href":"https:\/\/www.raisg.org\/es\/wp-json\/wp\/v2\/media?parent=15103"}],"wp:term":[{"taxonomy":"category","embeddable":true,"href":"https:\/\/www.raisg.org\/es\/wp-json\/wp\/v2\/categories?post=15103"},{"taxonomy":"post_tag","embeddable":true,"href":"https:\/\/www.raisg.org\/es\/wp-json\/wp\/v2\/tags?post=15103"}],"curies":[{"name":"wp","href":"https:\/\/api.w.org\/{rel}","templated":true}]}}