{"id":15191,"date":"2020-05-21T12:27:32","date_gmt":"2020-05-21T15:27:32","guid":{"rendered":"https:\/\/www.amazoniasocioambiental.org\/?p=15191"},"modified":"2020-05-26T12:41:09","modified_gmt":"2020-05-26T15:41:09","slug":"ong-venezolanas-piden-protocolo-especial-para-atender-comunidades-indigenas-por-covid-19","status":"publish","type":"post","link":"https:\/\/www.raisg.org\/es\/radar\/ong-venezolanas-piden-protocolo-especial-para-atender-comunidades-indigenas-por-covid-19\/","title":{"rendered":"ONG venezolanas piden protocolo especial para atender comunidades ind\u00edgenas por COVID-19"},"content":{"rendered":"<p style=\"text-align: right;\">Efecto Cocuyo<\/p>\n<p style=\"text-align: right;\">Jeanfreddy Guitierrez<\/p>\n<p style=\"text-align: right;\">21 de Mayo de 2020<\/p>\n<p>&nbsp;<\/p>\n<p>Vulnerables y aislados. La segunda edici\u00f3n del bolet\u00edn de seguimiento de la pandemia en la PanAmazonia y en la Amazon\u00eda venezolana destaca que para el 10 de mayo hab\u00edan 53.908 casos confirmados de\u00a0<strong>COVID-19<\/strong>\u00a0con aproximadamente 3.385 fallecidos, de acuerdo con las autoridades sanitarias de los pa\u00edses que conforman la regi\u00f3n: Bolivia, Brasil, Colombia, Ecuador, Guyana, Guyana Francesa, Per\u00fa, Surinam y Venezuela. Esto es un incremento del 39% con respecto a una semana antes.<\/p>\n<p>El\u00a0<a href=\"https:\/\/watanibasocioambiental.org\/observatorio-covid-19-en-la-amazonia-venezolana-orpia-wataniba-una-ventana-para-el-seguimiento-de-la-pandemia-en-la-panamazonia-y-en-la-amazonia-venezolana-boletin-numero-2\/\">informe<\/a>, producido por Organizaci\u00f3n Regional de Pueblos Ind\u00edgenas de Amazonas (<strong>Orpia<\/strong>) y sus organizaciones de base, la Coordinadora de Organizaciones Ind\u00edgenas de la Cuenca Amaz\u00f3nica (<strong>Coica<\/strong>) y el Grupo de Trabajo Socioambiental de la Amazon\u00eda\u00a0<strong>Wataniba, se\u00f1ala que Brasil es\u00a0<\/strong>el pa\u00eds cuyos estados amaz\u00f3nicos tiene mayor n\u00famero de casos con 62,1%, seguido por Per\u00fa 26%, Bolivia 4,4%, Colombia 3,7% y Ecuador 2,8%.<\/p>\n<figure class=\"wp-block-image size-large\"><img decoding=\"async\" class=\"wp-image-2071 aligncenter\" src=\"https:\/\/efectococuyo.com\/wp-content\/uploads\/2020\/05\/IMG-20200516-WA0026.jpg\" sizes=\"(max-width: 645px) 100vw, 645px\" srcset=\"https:\/\/efectococuyo.com\/wp-content\/uploads\/2020\/05\/IMG-20200516-WA0026.jpg 645w, https:\/\/efectococuyo.com\/wp-content\/uploads\/2020\/05\/IMG-20200516-WA0026-300x231.jpg 300w\" alt=\"\" \/><\/figure>\n<p>En el estado de Amazonas (Brasil) se hab\u00edan registrado 12.599 casos y 1.004 fallecidos para el 10 de mayo. 57 % se encuentra en la capital Manaus y el restante 43% se encuentra esparcido en 55 de los 62 municipios del estado, incluidos los tres municipios fronterizos con\u00a0<strong>Venezuela<\/strong>.<\/p>\n<p>Le sigue la provincia peruana de Lambayeque (3.655 casos y 376 fallecidos) y las provincias brasileras de Par\u00e1 (7.256 casos y 652 fallecidos) y Maranh\u00e3o (5.799 casos y 379 fallecidos).<\/p>\n<h4>Foco brasile\u00f1o<\/h4>\n<p>Un reporte de\u00a0<em>BBC<\/em>\u00a0<a href=\"https:\/\/www.bbc.com\/mundo\/noticias-america-latina-52530718\">detalla<\/a>\u00a0que en este estado brasile\u00f1o viven cerca de 2 millones de personas, es el que posee mayor cantidad de ind\u00edgenas y cuya capital es la\u00a0 m\u00e1s aislada del pa\u00eds. El alcalde se ha quejado de sentirse abandonado por el gobierno central por la lentitud de la entrega de equipos m\u00e9dicos y de protecci\u00f3n. Las autoridades han permitido que los habitantes caven zanjas para enterrar los muertos, al registrar un aumento de 578% en fallecimientos por problemas respiratorios. Los ind\u00edgenas se sienten invisibilizados porque son registrados como \u201cblancos\u201d, lo que limita la posibilidad de mapear d\u00f3nde hay m\u00e1s contagios.<\/p>\n<figure class=\"wp-block-image size-large\"><img decoding=\"async\" class=\"wp-image-2072 aligncenter\" src=\"https:\/\/efectococuyo.com\/wp-content\/uploads\/2020\/05\/IMG-20200516-WA0027.jpg\" sizes=\"(max-width: 936px) 100vw, 936px\" srcset=\"https:\/\/efectococuyo.com\/wp-content\/uploads\/2020\/05\/IMG-20200516-WA0027.jpg 936w, https:\/\/efectococuyo.com\/wp-content\/uploads\/2020\/05\/IMG-20200516-WA0027-300x176.jpg 300w, https:\/\/efectococuyo.com\/wp-content\/uploads\/2020\/05\/IMG-20200516-WA0027-768x451.jpg 768w\" alt=\"\" \/><\/figure>\n<p>Entre los pueblos ind\u00edgenas de la Amazon\u00eda que han sido golpeados con decesos por esta pandemia se encuentran: Apurina, Baniwa, Borari, Kokama, Macuxi, Mira\u00f1a, Mokana, Mura, Ocaina\/Huitoto, Palikur, Sater\u00e9 Mau\u00e9, Siekopai, Tikuna, Warao, Yanacona y Yanomami, enumera el Bolet\u00edn No. 2.<\/p>\n<p>Con 72 decesos, hasta el 10 de mayo, Brasil lidera la lista fatal con 47% de los fallecidos, seguido por Colombia (36%), Per\u00fa (8%), Bolivia (4%), Ecuador (3%) y\u00a0<strong>Venezuela (1%)<\/strong>, la cual corresponde a\u00a0<a href=\"https:\/\/efectococuyo.com\/salud\/muere-una-mujer-warao-por-covid-19-en-brasil\/\">una mujer de etnia Warao<\/a>\u00a0que estaba en condici\u00f3n de refugiada en Manaus, Brasil.<\/p>\n<h4>En Venezuela<\/h4>\n<p>A\u00fan sin ind\u00edgenas fallecidos en el territorio, Venezuela presenta el mayor aumento porcentual de los casos confirmados de COVID-19 en las \u00faltimas dos semanas, registrando un aumento del 82%, seguido de Colombia con 74% y Brasil 70%.<\/p>\n<p>El Bolet\u00edn se\u00f1ala que en la Amazon\u00eda Venezolana (conformada por los estados Amazonas, Bol\u00edvar y Delta Amacuro) se registraron 17 contagiados, repartidos por los municipios Gran Sabana, Heres y Caron\u00ed en el estado Bol\u00edvar y 4 en el municipio R\u00edo Negro del Estado Amazonas hasta el 10 de mayo.<\/p>\n<p>Y presumen que los cuatro contagiados del Municipio\u00a0<strong>R\u00edo Negro<\/strong>\u00a0en el estado Amazonas son los primeros ind\u00edgenas venezolanos, en territorio venezolano, en contagiarse de esta enfermedad.<\/p>\n<p>Sin embargo, el 3 de mayo <a href=\"https:\/\/efectococuyo.com\/coronavirus\/casos-de-coronavirus-en-venezuela-ascienden-a-357-este-3may\/\">se inform\u00f3<\/a>\u00a0 que una pareja wayuu que cruz\u00f3 de Venezuela a Colombia estaba contagiada en el Zulia. Esto fue confirmado el d\u00eda siguiente por el gobernador de la entidad, Omar Prieto, asegurando que proven\u00edan de Maicao como reportaron\u00a0<em><a href=\"https:\/\/elpitazo.net\/occidente\/casos-nuevos-de-covid-19-en-zulia-son-por-contagio-comunitario\/\">El Pitazo\u00a0<\/a><\/em>y\u00a0<em><a href=\"https:\/\/www.panorama.com.ve\/ciudad\/Vino-de-Maicao-pareja-wayuu-que-dio-positivo-al-Covid-19-en-Zulia-Prieto-20200504-0041.html\">Panorama<\/a><\/em>.<\/p>\n<div>\n<p>Para el mi\u00e9rcoles 20 de mayo hay 42 casos en Bol\u00edvar, 9 en Amazonas y 1 en Delta Amacuro para un total de 52.<\/p>\n<p>El informe alerta que los municipios brasileros, colombianos, guyaneses y venezolanos que est\u00e1n en la periferia de Venezuela, suman 221 casos y 10 fallecidos, lo que representa un aumento del 79% de casos y del 80% de fallecidos con relaci\u00f3n al 27 de abril. Esto refleja un claro riesgo para toda la poblaci\u00f3n venezolana y, en especial, para los pueblos ind\u00edgenas, m\u00e1s vulnerables inmunol\u00f3gicamente ante infecciones externas, reza el informe de Orpia-Wataniba.<\/p>\n<figure class=\"wp-block-image size-large\"><img decoding=\"async\" class=\"wp-image-2074 aligncenter\" src=\"https:\/\/efectococuyo.com\/wp-content\/uploads\/2020\/05\/IMG-20200516-WA0025.jpg\" sizes=\"(max-width: 587px) 100vw, 587px\" srcset=\"https:\/\/efectococuyo.com\/wp-content\/uploads\/2020\/05\/IMG-20200516-WA0025.jpg 587w, https:\/\/efectococuyo.com\/wp-content\/uploads\/2020\/05\/IMG-20200516-WA0025-300x234.jpg 300w\" alt=\"\" \/><\/figure>\n<figure class=\"wp-block-image size-large\"><img decoding=\"async\" class=\"wp-image-2075 aligncenter\" src=\"https:\/\/efectococuyo.com\/wp-content\/uploads\/2020\/05\/IMG-20200516-WA0028.jpg\" sizes=\"(max-width: 647px) 100vw, 647px\" srcset=\"https:\/\/efectococuyo.com\/wp-content\/uploads\/2020\/05\/IMG-20200516-WA0028.jpg 647w, https:\/\/efectococuyo.com\/wp-content\/uploads\/2020\/05\/IMG-20200516-WA0028-300x232.jpg 300w\" alt=\"\" \/><figcaption><\/figcaption><\/figure>\n<p>Wataniba y Orpia\u00a0<a href=\"https:\/\/watanibasocioambiental.org\/ante-llegada-del-covid-19-a-amazonas-urge-crear-un-protocolo-intercultural-de-prevencion-contencion-y-control\/\">urgen<\/a>\u00a0a los gobiernos de Colombia, Brasil y Venezuela a crea un\u00a0<strong>protocolo intercultural de prevenci\u00f3n<\/strong>, contenci\u00f3n y control del COVID-19 en coordinaci\u00f3n con las organizaciones ind\u00edgenas, autoridades tradicionales e instituciones aliadas para frenar la expansi\u00f3n del virus en la\u00a0<strong>Amazon\u00eda venezolana<\/strong>.<\/p>\n<p>As\u00ed mismo\u00a0<a href=\"https:\/\/watanibasocioambiental.org\/comunicado-con-motivo-de-la-llegada-del-covid-19-a-la-amazonia-venezolana\/\">solicitan<\/a>\u00a0que se aplique un sistema de atenci\u00f3n con las especificidades propias de las comunidades, medidas de aislamiento comunitario temporal, por parte de las propias comunidades, asumiendo su econom\u00eda propia y sus actividades tradicionales de subsistencia y finalmente, un plan de vigilancia y control de entrada ante agentes externos a territorios ind\u00edgenas.<\/p>\n<p>Tomado de: https:\/\/efectococuyo.com\/author\/jeanfreddy-gutierrez\/<\/p>\n<\/div>\n","protected":false},"excerpt":{"rendered":"<p>Efecto Cocuyo Jeanfreddy Guitierrez 21 de Mayo de 2020 &nbsp; Vulnerables y aislados. La segunda edici\u00f3n del bolet\u00edn de seguimiento de la pandemia en la PanAmazonia y en la Amazon\u00eda venezolana destaca que para el 10 de mayo hab\u00edan 53.908 casos confirmados de\u00a0COVID-19\u00a0con aproximadamente 3.385 fallecidos, de acuerdo con las autoridades sanitarias de los pa\u00edses&hellip;<\/p>\n","protected":false},"author":321,"featured_media":15192,"comment_status":"open","ping_status":"open","sticky":false,"template":"","format":"standard","meta":{"_acf_changed":false,"footnotes":""},"categories":[2],"tags":[],"class_list":["post-15191","post","type-post","status-publish","format-standard","has-post-thumbnail","hentry","category-radar","category-2","description-off"],"acf":[],"_links":{"self":[{"href":"https:\/\/www.raisg.org\/es\/wp-json\/wp\/v2\/posts\/15191","targetHints":{"allow":["GET"]}}],"collection":[{"href":"https:\/\/www.raisg.org\/es\/wp-json\/wp\/v2\/posts"}],"about":[{"href":"https:\/\/www.raisg.org\/es\/wp-json\/wp\/v2\/types\/post"}],"author":[{"embeddable":true,"href":"https:\/\/www.raisg.org\/es\/wp-json\/wp\/v2\/users\/321"}],"replies":[{"embeddable":true,"href":"https:\/\/www.raisg.org\/es\/wp-json\/wp\/v2\/comments?post=15191"}],"version-history":[{"count":2,"href":"https:\/\/www.raisg.org\/es\/wp-json\/wp\/v2\/posts\/15191\/revisions"}],"predecessor-version":[{"id":15196,"href":"https:\/\/www.raisg.org\/es\/wp-json\/wp\/v2\/posts\/15191\/revisions\/15196"}],"wp:featuredmedia":[{"embeddable":true,"href":"https:\/\/www.raisg.org\/es\/wp-json\/wp\/v2\/media\/15192"}],"wp:attachment":[{"href":"https:\/\/www.raisg.org\/es\/wp-json\/wp\/v2\/media?parent=15191"}],"wp:term":[{"taxonomy":"category","embeddable":true,"href":"https:\/\/www.raisg.org\/es\/wp-json\/wp\/v2\/categories?post=15191"},{"taxonomy":"post_tag","embeddable":true,"href":"https:\/\/www.raisg.org\/es\/wp-json\/wp\/v2\/tags?post=15191"}],"curies":[{"name":"wp","href":"https:\/\/api.w.org\/{rel}","templated":true}]}}