{"id":19734,"date":"2020-11-24T13:48:10","date_gmt":"2020-11-24T16:48:10","guid":{"rendered":"https:\/\/www.amazoniasocioambiental.org\/?p=19734"},"modified":"2020-11-25T14:30:06","modified_gmt":"2020-11-25T17:30:06","slug":"indigenas-de-la-amazonia-ecuatoriana-presentaran-reclamo-contra-el-estado-ante-oit","status":"publish","type":"post","link":"https:\/\/www.raisg.org\/es\/radar\/indigenas-de-la-amazonia-ecuatoriana-presentaran-reclamo-contra-el-estado-ante-oit\/","title":{"rendered":"Ind\u00edgenas de la Amazon\u00eda ecuatoriana presentar\u00e1n reclamo contra el Estado ante OIT"},"content":{"rendered":"<p><img decoding=\"async\" src=\"https:\/\/cdnmundo3.img.sputniknews.com\/img\/105555\/33\/1055553301_0:29:2390:1322_1000x541_80_0_0_1102840c3b889bb128472a5533d8a443.jpg.webp\" alt=\"Ind\u00edgenas de Ecuador (archivo)\" \/><\/p>\n<p>Sputnik<br \/>\nAm\u00e9rica Latina<br \/>\n24 de noviembre, 2020<\/p>\n<div class=\"b-article__lead\">\n<p>QUITO (Sputnik) \u2014 La nacionalidad amaz\u00f3nica Shuar Arutam de Ecuador anunci\u00f3 que presentar\u00e1 ante la Organizaci\u00f3n Internacional del Trabajo (OIT) un reclamo contra el Estado ecuatoriano por la supuesta violaci\u00f3n de derechos establecidos en el Convenio 169, por la entrega de concesiones mineras.<\/p>\n<\/div>\n<div class=\"b-article__text\">\n<blockquote class=\"marker-quote1\"><p>\u00abLa pr\u00f3xima semana, el pueblo Shuar Arutam acudir\u00e1 ante la OIT (Organizaci\u00f3n Internacional del Trabajo) y presentar\u00e1 una reclamaci\u00f3n en contra del Estado ecuatoriano por la violaci\u00f3n de sus derechos consagrados en el convenio 169 de la OIT\u00bb, dijo el asesor legal del Consejo de Gobierno del pueblo Shuar Arutam, Mario Melo, en conferencia de prensa virtual.<\/p><\/blockquote>\n<p>Se\u00f1al\u00f3 que, al momento, existen 271 concesiones mineras otorgadas a 10 empresas transnacionales ocupando el 56% del territorio del pueblo ind\u00edgena Shuar Arutam.<\/p>\n<p>&nbsp;<\/p>\n<div class=\"b-inject m-inject-min\">\n<div class=\"b-inject__media\"><a href=\"https:\/\/mundo.sputniknews.com\/america-latina\/202009301092965953-nativos-de-ecuador-anuncian-justicia-indigena-a-empresas-que-operen-sin-consultarlos\/\" target=\"_blank\" rel=\"noopener noreferrer\"><picture><source class=\"\" srcset=\"https:\/\/cdnmundo3.img.sputniknews.com\/img\/106990\/63\/1069906360_0:119:3499:1980_331x0_80_0_1_8d83f8e791790b496e091bbb4655f853.jpg.webp\" media=\"(min-width: 768px)\" data-srcset=\"https:\/\/cdnmundo3.img.sputniknews.com\/img\/106990\/63\/1069906360_0:119:3499:1980_331x0_80_0_1_8d83f8e791790b496e091bbb4655f853.jpg.webp\" \/><source class=\"\" srcset=\"https:\/\/cdnmundo3.img.sputniknews.com\/img\/106990\/63\/1069906360_0:119:3499:1980_768x0_80_0_1_4d3128a58186ebcdffe1ea3ec7703b9b.jpg.webp\" media=\"(min-width: 480px)\" data-srcset=\"https:\/\/cdnmundo3.img.sputniknews.com\/img\/106990\/63\/1069906360_0:119:3499:1980_768x0_80_0_1_4d3128a58186ebcdffe1ea3ec7703b9b.jpg.webp\" \/><source class=\"\" srcset=\"https:\/\/cdnmundo3.img.sputniknews.com\/img\/106990\/63\/1069906360_0:119:3499:1980_480x0_80_0_1_909dcbb14b4721facc3d05fd674d5a2e.jpg.webp\" media=\"(min-width: 0px)\" data-srcset=\"https:\/\/cdnmundo3.img.sputniknews.com\/img\/106990\/63\/1069906360_0:119:3499:1980_480x0_80_0_1_909dcbb14b4721facc3d05fd674d5a2e.jpg.webp\" \/><\/picture><\/a>Seg\u00fan Melo, en el transcurso de los \u00faltimos 40 a\u00f1os diferentes gobiernos entregaron dichas concesiones para explotaci\u00f3n minera a cielo abierto incumpliendo la obligaci\u00f3n constitucional de llevar adelante procesos de consulta previa, libre e informada.&nbsp;<\/p>\n<p>De igual manera, se incumpli\u00f3 sistem\u00e1ticamente el Convenio 169 de la OIT, suscrito por Ecuador en 1999, el cual establece un conjunto de derechos colectivos de los pueblos ind\u00edgenas, sostuvo Melo, aunque no precis\u00f3 los incumplimientos.<\/p>\n<p>En la misma conferencia de prensa, la presidenta de la comunidad Shuar Arutam de la provincia de Morona Santiago (este), Josefina Tunki, dijo que las concesiones mineras abarcan una superficie aproximada de 230.000 hect\u00e1reas localizadas en las estribaciones de las cordilleras del C\u00f3ndor (frontera con Per\u00fa) y Cutuc\u00fa.<\/p>\n<p>En estas cordilleras nace el r\u00edo Santiago, en cuyas riberas se asientan comunidades donde habitan unas 10.000 personas que se ver\u00edan afectadas por la contaminaci\u00f3n de las aguas agua a causa de la exploraci\u00f3n minera, subray\u00f3.<\/p>\n<h2>Riesgos<\/h2>\n<p>Tunki avizor\u00f3 que la explotaci\u00f3n minera pondr\u00eda en riesgo la integridad de las vertientes de agua, adem\u00e1s provocar\u00eda el deterioro de las condiciones de vida de los habitantes de las comunidades as\u00ed como de las especies de animales y vegetales que habitan en los bosques ancestrales.<\/p>\n<p>Dijo que su pueblo realizar\u00e1, como lo hicieron sus antepasados, miner\u00eda artesanal, que asegur\u00f3 que no contamina el ambiente.<\/p>\n<p>&nbsp;<\/p>\n<p>De acuerdo con Andr\u00e9s Tapia, responsable del \u00e1rea de comunicaci\u00f3n de la Confederaci\u00f3n de Nacionalidades Ind\u00edgenas de la Amazon\u00eda Ecuatoriana (Confeniae), desde marzo las provincias amaz\u00f3nicas se han visto afectadas por una doble pandemia: el\u00a0<a href=\"https:\/\/mundo.sputniknews.com\/infografia\/202006171091784802-la-verdad-sobre-7-mitos-del-coronavirus\/\" target=\"_blank\" rel=\"noopener noreferrer\">COVID-19<\/a>\u00a0y las actividades extractivas.<\/p>\n<p>Seg\u00fan Tapia, en el sureste de Ecuador la principal fuente de conflictos se asocia con la actividad minera.<\/p>\n<p>Tapia a\u00f1adi\u00f3 que a la actividad minera se une la \u00abfiebre\u00bb de la tala ilegal de madera de balsa, que se desarrolla en el centro de la Amazon\u00eda ecuatoriana.<\/p>\n<p>En el noreste, mientras tanto, como consecuencia de la explotaci\u00f3n petrolera se produjo la rotura de dos oleoductos que provocaron un derrame de petr\u00f3leo en los r\u00edos Coca y Napo.<\/p>\n<\/div>\n<\/div>\n<p>Tomado de: <a href=\"https:\/\/mundo.sputniknews.com\/america-latina\/202011241093603054-indigenas-de-la-amazonia-ecuatoriana-presentaran-reclamo-contra-el-estado-ante-oit\/\">Sputniknews.com<\/a><\/p>\n<\/div>\n","protected":false},"excerpt":{"rendered":"<p>Sputnik Am\u00e9rica Latina 24 de noviembre, 2020 QUITO (Sputnik) \u2014 La nacionalidad amaz\u00f3nica Shuar Arutam de Ecuador anunci\u00f3 que presentar\u00e1 ante la Organizaci\u00f3n Internacional del Trabajo (OIT) un reclamo contra el Estado ecuatoriano por la supuesta violaci\u00f3n de derechos establecidos en el Convenio 169, por la entrega de concesiones mineras. \u00abLa pr\u00f3xima semana, el pueblo&hellip;<\/p>\n","protected":false},"author":327,"featured_media":0,"comment_status":"open","ping_status":"open","sticky":false,"template":"","format":"standard","meta":{"_acf_changed":false,"footnotes":""},"categories":[2],"tags":[],"class_list":["post-19734","post","type-post","status-publish","format-standard","hentry","category-radar","category-2","description-off"],"acf":[],"_links":{"self":[{"href":"https:\/\/www.raisg.org\/es\/wp-json\/wp\/v2\/posts\/19734","targetHints":{"allow":["GET"]}}],"collection":[{"href":"https:\/\/www.raisg.org\/es\/wp-json\/wp\/v2\/posts"}],"about":[{"href":"https:\/\/www.raisg.org\/es\/wp-json\/wp\/v2\/types\/post"}],"author":[{"embeddable":true,"href":"https:\/\/www.raisg.org\/es\/wp-json\/wp\/v2\/users\/327"}],"replies":[{"embeddable":true,"href":"https:\/\/www.raisg.org\/es\/wp-json\/wp\/v2\/comments?post=19734"}],"version-history":[{"count":1,"href":"https:\/\/www.raisg.org\/es\/wp-json\/wp\/v2\/posts\/19734\/revisions"}],"predecessor-version":[{"id":19735,"href":"https:\/\/www.raisg.org\/es\/wp-json\/wp\/v2\/posts\/19734\/revisions\/19735"}],"wp:attachment":[{"href":"https:\/\/www.raisg.org\/es\/wp-json\/wp\/v2\/media?parent=19734"}],"wp:term":[{"taxonomy":"category","embeddable":true,"href":"https:\/\/www.raisg.org\/es\/wp-json\/wp\/v2\/categories?post=19734"},{"taxonomy":"post_tag","embeddable":true,"href":"https:\/\/www.raisg.org\/es\/wp-json\/wp\/v2\/tags?post=19734"}],"curies":[{"name":"wp","href":"https:\/\/api.w.org\/{rel}","templated":true}]}}