{"id":19745,"date":"2020-11-16T10:42:20","date_gmt":"2020-11-16T13:42:20","guid":{"rendered":"https:\/\/www.amazoniasocioambiental.org\/?p=19745"},"modified":"2020-11-27T12:59:38","modified_gmt":"2020-11-27T15:59:38","slug":"es-verdad-que-se-esta-desforestando-el-amazonas","status":"publish","type":"post","link":"https:\/\/www.raisg.org\/es\/radar\/es-verdad-que-se-esta-desforestando-el-amazonas\/","title":{"rendered":"\u00bfEs verdad que se est\u00e1 desforestando el Amazonas?"},"content":{"rendered":"<p style=\"text-align: right;\">OK Diario<\/p>\n<p style=\"text-align: right;\">16 de noviembre de 2020<\/p>\n<p>&nbsp;<\/p>\n<p>Mientras el mundo sigue conmocionado por el Coronavirus,\u00a0<strong>Brasil es noticia en medios internacionales por la devastaci\u00f3n del Amazonas<\/strong>. En el primer trimestre de 2020,\u00a0<a href=\"https:\/\/okdiario.com\/internacional\/brasil-frena-todas-acciones-contra-deforestacion-amazonas-falta-presupuesto-6075709\" target=\"_blank\" rel=\"noopener noreferrer\">la deforestaci\u00f3n de la selva<\/a>\u00a0amaz\u00f3nica ha alcanzado un record hist\u00f3rico. Se calcula que al menos 1.202 kil\u00f3metros cuadrados de bosques han sido arrasados entre los meses de enero y abril de este a\u00f1o. No obstante, las negativas por parte de l\u00edderes pol\u00edticos y sectores productivos ponen esta realidad en tela de juicio<\/p>\n<p>&nbsp;<\/p>\n<p><strong><span class=\"title2\">3 evidencias de que se est\u00e1 deforestando el Amazonas en Brasil:<\/span><\/strong><\/p>\n<p>&nbsp;<\/p>\n<p><strong><span class=\"title3\">-El \u00e1rea deforestada creci\u00f3 un 64% en tan solo un a\u00f1o<\/span><\/strong><\/p>\n<p>Seg\u00fan datos del <a href=\"http:\/\/www.inpe.br\/\" rel=\"nofollow\">Instituto Nacional de Investigaci\u00f3n Espacial<\/a>\u00a0(INPE) de Brasil,\u00a0<strong>la deforestaci\u00f3n del Amazonas registr\u00f3 un aumento de 64% en abril de 2020.<\/strong>\u00a0Solo en este mes, m\u00e1s de 400 kil\u00f3metros cuadrados de selvas fueron devastados. Un \u00e1rea equivalente al tama\u00f1o del Estado de California (EEUU), para tener una idea m\u00e1s clara de la dimensi\u00f3n del da\u00f1o.<\/p>\n<p>Adem\u00e1s, los 1.202 kil\u00f3metros cuadrados devastados entre enero y abril de 2020 suponen un aumento de 55% en relaci\u00f3n al mismo periodo de 2019. Y\u00a0<strong>las cifras de deforestaci\u00f3n durante el primer trimestre se incrementaron un 50%<\/strong>\u00a0en relaci\u00f3n al a\u00f1o anterior.<\/p>\n<p>&nbsp;<\/p>\n<p><img fetchpriority=\"high\" decoding=\"async\" class=\"alignnone size-medium wp-image-6438642\" src=\"https:\/\/okdiario.com\/img\/2020\/11\/16\/-es-verdad-que-se-esta-desforestando-el-amazonas_-620x349.jpg\" sizes=\"(max-width: 709px) 85vw, (max-width: 909px) 67vw, (max-width: 984px) 61vw, (max-width: 1362px) 45vw, 600px\" srcset=\"https:\/\/okdiario.com\/img\/2020\/11\/16\/-es-verdad-que-se-esta-desforestando-el-amazonas_-620x349.jpg 620w, https:\/\/okdiario.com\/img\/2020\/11\/16\/-es-verdad-que-se-esta-desforestando-el-amazonas_-177x100.jpg 177w, https:\/\/okdiario.com\/img\/2020\/11\/16\/-es-verdad-que-se-esta-desforestando-el-amazonas_-990x556.jpg 990w, https:\/\/okdiario.com\/img\/2020\/11\/16\/-es-verdad-que-se-esta-desforestando-el-amazonas_-655x368.jpg 655w, https:\/\/okdiario.com\/img\/2020\/11\/16\/-es-verdad-que-se-esta-desforestando-el-amazonas_-487x274.jpg 487w, https:\/\/okdiario.com\/img\/2020\/11\/16\/-es-verdad-que-se-esta-desforestando-el-amazonas_-320x180.jpg 320w, https:\/\/okdiario.com\/img\/2020\/11\/16\/-es-verdad-que-se-esta-desforestando-el-amazonas_-235x132.jpg 235w, https:\/\/okdiario.com\/img\/2020\/11\/16\/-es-verdad-que-se-esta-desforestando-el-amazonas_.jpg 1200w\" alt=\"El Amazonas\" width=\"620\" height=\"349\" \/><\/p>\n<aside class=\"envoltorio-intext2\">\n<div id=\"intext2\" data-google-query-id=\"CMu3_6rsou0CFUr-hwod1gwMVA\">\n<div><\/div>\n<div id=\"google_ads_iframe_\/95562950\/okdiario.com\/articulo_intext2_0__container__\"><strong>-Los incendios son cada vez m\u00e1s frecuentes<\/strong><\/div>\n<div><strong>La tala ilegal de arboles no es la \u00fanica pr\u00e1ctica que impulsa la deforestaci\u00f3n del Amazonas<\/strong>. De hecho, los incendios provocados intencionalmente representan una de las principales amenazas a la selva amaz\u00f3nica en la actualidad. En su gran mayor\u00eda, son impulsados por acaparadores de tierras y ganaderos, en la b\u00fasqueda de expandir sus tierras productivas. Tanto para la cr\u00eda del ganado, como para el plant\u00edo de la soja.<\/div>\n<\/div>\n<\/aside>\n<p>Las observaciones del INTE revelan que\u00a0<strong>se est\u00e1 deforestando el Amazonas de forma ilegal<\/strong>. Alrededor de 74% de los incendios registrados en 2020 se produjeron despu\u00e9s de la prohibici\u00f3n por el gobierno nacional en mediados de julio. Casi 30.000 incendios ocurrieron durante el mes de agosto, lo que significa un aumento de 2% en relaci\u00f3n al mismo periodo de 2019. Adem\u00e1s, faltando d\u00edas para la celebraci\u00f3n del D\u00eda del Amazonas (5 de septiembre), el INTE ha confirmado m\u00e1s de 63.000 incendios ocurridos entre enero y agosto de 2020.<\/p>\n<p>&nbsp;<\/p>\n<p><strong><span class=\"title3\">-Los bosques primarios est\u00e1n desapareciendo<\/span><\/strong><\/p>\n<p><strong>La radical reducci\u00f3n de bosques primarios<\/strong>\u00a0es otra de las se\u00f1ales claras de que se est\u00e1 deforestando el Amazonas. Estos ecosistemas v\u00edrgenes son especialmente ricos en\u00a0<a href=\"https:\/\/okdiario.com\/sociedad\/cuidar-biodiversidad-proteger-nuestra-salud-5663369\" target=\"_blank\" rel=\"noopener noreferrer\">biodiversidad<\/a>, sirviendo como h\u00e1bitat natural para miles de especies nativas. Muchas de las cuales se encuentran en peligro de extinci\u00f3n y dependen de la selva amaz\u00f3nica para cumplir su ciclo biol\u00f3gico.<\/p>\n<p>Seg\u00fan informes de\u00a0<a href=\"https:\/\/www.globalforestwatch.org\/dashboards\/global\/?category=summary&amp;location=WyJnbG9iYWwiXQ%3D%3D&amp;map=eyJkYXRhc2V0cyI6W3sib3BhY2l0eSI6MC43LCJ2aXNpYmlsaXR5Ijp0cnVlLCJkYXRhc2V0IjoicHJpbWFyeS1mb3Jlc3RzIiwibGF5ZXJzIjpbInByaW1hcnktZm9yZXN0cy0yMDAxIl19LHsiZGF0\" rel=\"nofollow\">Global Forest Watch<\/a><strong>, la p\u00e9rdida de cobertura forestal en el Amazonas fue de 24.000 km<sup>2<\/sup>\u00a0solo en el 2019.<\/strong>\u00a0En este mismo a\u00f1o, se calcula que 1.7 millones de hect\u00e1reas de bosques primarios fueron arrasados. Para dar una idea m\u00e1s tangible de la gravedad de la situaci\u00f3n, ello significa que un \u00e1rea equivalente a tres campos de futbol fue talada a cada minuto.<\/p>\n<p><strong>La p\u00e9rdida de los bosques primarios significa mucho m\u00e1s que la disminuci\u00f3n de la cantidad de arboles.<\/strong>\u00a0Se trata de un da\u00f1o irreparable a los ecosistemas que componen el gran bioma amaz\u00f3nico y las especies que all\u00ed habitan. Sin duda ello implicar\u00e1 numerosos eventos clim\u00e1ticos, como sequias e inundaciones, que afectar\u00e1n tambi\u00e9n a las poblaciones humanas, sobre todo a las m\u00e1s que tienen m\u00e1s carencias.<\/p>\n<p>&nbsp;<\/p>\n<p>Tomado de: <a href=\"https:\/\/okdiario.com\/naturaleza\/verdad-que-esta-desforestando-amazonas-6438612\">https:\/\/okdiario.com\/naturaleza\/verdad-que-esta-desforestando-amazonas-6438612<\/a><\/p>\n","protected":false},"excerpt":{"rendered":"<p>OK Diario 16 de noviembre de 2020 &nbsp; Mientras el mundo sigue conmocionado por el Coronavirus,\u00a0Brasil es noticia en medios internacionales por la devastaci\u00f3n del Amazonas. En el primer trimestre de 2020,\u00a0la deforestaci\u00f3n de la selva\u00a0amaz\u00f3nica ha alcanzado un record hist\u00f3rico. Se calcula que al menos 1.202 kil\u00f3metros cuadrados de bosques han sido arrasados entre&hellip;<\/p>\n","protected":false},"author":324,"featured_media":19746,"comment_status":"closed","ping_status":"closed","sticky":false,"template":"","format":"standard","meta":{"_acf_changed":false,"footnotes":""},"categories":[2],"tags":[],"class_list":["post-19745","post","type-post","status-publish","format-standard","has-post-thumbnail","hentry","category-radar","category-2","description-off"],"acf":[],"_links":{"self":[{"href":"https:\/\/www.raisg.org\/es\/wp-json\/wp\/v2\/posts\/19745","targetHints":{"allow":["GET"]}}],"collection":[{"href":"https:\/\/www.raisg.org\/es\/wp-json\/wp\/v2\/posts"}],"about":[{"href":"https:\/\/www.raisg.org\/es\/wp-json\/wp\/v2\/types\/post"}],"author":[{"embeddable":true,"href":"https:\/\/www.raisg.org\/es\/wp-json\/wp\/v2\/users\/324"}],"replies":[{"embeddable":true,"href":"https:\/\/www.raisg.org\/es\/wp-json\/wp\/v2\/comments?post=19745"}],"version-history":[{"count":1,"href":"https:\/\/www.raisg.org\/es\/wp-json\/wp\/v2\/posts\/19745\/revisions"}],"predecessor-version":[{"id":19749,"href":"https:\/\/www.raisg.org\/es\/wp-json\/wp\/v2\/posts\/19745\/revisions\/19749"}],"wp:featuredmedia":[{"embeddable":true,"href":"https:\/\/www.raisg.org\/es\/wp-json\/wp\/v2\/media\/19746"}],"wp:attachment":[{"href":"https:\/\/www.raisg.org\/es\/wp-json\/wp\/v2\/media?parent=19745"}],"wp:term":[{"taxonomy":"category","embeddable":true,"href":"https:\/\/www.raisg.org\/es\/wp-json\/wp\/v2\/categories?post=19745"},{"taxonomy":"post_tag","embeddable":true,"href":"https:\/\/www.raisg.org\/es\/wp-json\/wp\/v2\/tags?post=19745"}],"curies":[{"name":"wp","href":"https:\/\/api.w.org\/{rel}","templated":true}]}}