{"id":20656,"date":"2020-12-03T18:26:03","date_gmt":"2020-12-03T21:26:03","guid":{"rendered":"https:\/\/www.amazoniasocioambiental.org\/?p=20656"},"modified":"2020-12-10T18:40:23","modified_gmt":"2020-12-10T21:40:23","slug":"noruega-aportara-46-mil-millones-para-combatir-la-deforestacion-en-el-amazonas","status":"publish","type":"post","link":"https:\/\/www.raisg.org\/es\/radar\/noruega-aportara-46-mil-millones-para-combatir-la-deforestacion-en-el-amazonas\/","title":{"rendered":"Noruega aportar\u00e1 $46 mil millones para combatir la deforestaci\u00f3n en el Amazonas"},"content":{"rendered":"<p style=\"text-align: right;\">El Espectador<\/p>\n<p style=\"text-align: right;\">3 de diciembre de 2020<\/p>\n<p>&nbsp;<\/p>\n<p class=\"font--secondary\">Este es un a\u00f1o clave en la lucha contra las consecuencias contra el cambio clim\u00e1tico, principalmente porque se cumplen cinco a\u00f1os de la firma del Acuerdo de Par\u00eds y cada uno de los pa\u00edses participes del tratado, entre ellos Colombia, deben mostrar sus avances. Por eso, recientemente el pa\u00eds se comprometi\u00f3 a reducir el 51% de la emisi\u00f3n de gases de efecto invernadero (gei) para 2030. Entre otra de las medidas est\u00e1 la reducci\u00f3n de la deforestaci\u00f3n. Para ello, se implementar\u00e1 el Programa de Fortalecimiento de las capacidades colombianas para luchar contra la deforestaci\u00f3n.<\/p>\n<p class=\"font--secondary\">En esta iniciativa, el Gobierno colombiano tiene como aliado a Noruega y a las Naciones Unidas contra la Droga y el Delito en Colombia (UNODC). Recientemente, a trav\u00e9s de su cuenta de Twitter, la UNODC inform\u00f3 que el el Gobierno de Noruega aportar\u00e1 $46 mil millones de pesos que ser\u00e1n destinados para \u201cpromover la acci\u00f3n conjunta en la implementaci\u00f3n de acciones contundentes para combatir la deforestaci\u00f3n en los territorios m\u00e1s afectados por el fen\u00f3meno\u201d.<\/p>\n<p>Con este dinero, explic\u00f3 la agencia, 11 entidades nacionales y regionales fortalecer\u00e1n sus capacidades en prevenci\u00f3n, investigaci\u00f3n y control, enfocadas en detener la degradaci\u00f3n de los bosques colombianos.<\/p>\n<div class=\"\" data-oembed-type=\"twitter\">\n<div class=\"col-lg-8\">\n<section>\n<article class=\"Article Article_type_article\">\n<div class=\"Article-Body\">\n<div>\n<div class=\"Article-Content\">\n<section>\n<p class=\"font--secondary\">El programa, impulsado desde el Ministerio de Ambiente busca contribuir con la prevenci\u00f3n, investigaci\u00f3n y el abordaje de los cr\u00edmenes ambientales relacionados con la deforestaci\u00f3n. Adem\u00e1s, pretende \u201creducir las oportunidades de las estructuras criminales organizadas nacionales e internacionales que est\u00e1n detr\u00e1s del financiamiento de la deforestaci\u00f3n, el acaparamiento de tierras y las pr\u00e1cticas insostenibles\u201d.<\/p>\n<p class=\"font--secondary\">Seg\u00fan explic\u00f3 el ministerio, con los recursos destinados por el Gobierno de Noruega, el sector ambiente se fortalecer\u00e1 con $7.300 millones, $5.130 millones para personal y los restantes 2.170 millones para la adquisici\u00f3n de equipos y herramientas tecnol\u00f3gicas.<\/p>\n<p class=\"font--secondary\">Recientemente, La iniciativa \u201cParques Nacionales C\u00f3mo Vamos\u201d en su \u00faltimo informe mostr\u00f3 que aument\u00f3 la deforestaci\u00f3n en varios Parques Nacionales Naturales (PNN). Entre ellos los de la Sierra de la Macarena, Tinigua, Chiribiquete, Sierra Nevada de Santa Marta, La Paya, Catatumbo Bari, Cordillera de los Picachos y Paramillo.<\/p>\n<p class=\"font--secondary\">Sandra Vilardy, bi\u00f3loga y directora de la iniciativa, asegur\u00f3 que \u201cel 67,4% del \u00e1rea afectada por los procesos de deforestaci\u00f3n est\u00e1 concentrada en los Parques Sierra de la Macarena (41,7%) y Tinigua (25,7%). Al comparar los datos con los del Bolet\u00edn 18 del primer trimestre del 2019, se aprecia un importante aumento en la magnitud del proceso de deforestaci\u00f3n\u201d.<\/p>\n<\/section>\n<\/div>\n<\/div>\n<\/div>\n<\/article>\n<\/section>\n<\/div>\n<div class=\"col-lg-4\">\n<aside>\n<div class=\"RelatedStories-Ad\" data-gtm-vis-first-on-screen-1214397_386=\"86515\">\n<div class=\"RelatedStories RelatedStories_type_article\">\n<div>\n<div class=\"RelatedStories-Story\">\n<div><\/div>\n<\/div>\n<\/div>\n<\/div>\n<\/div>\n<\/aside>\n<\/div>\n<\/div>\n<p>Tomado de: <a href=\"https:\/\/www.elespectador.com\/noticias\/medio-ambiente\/noruega-aportara-46-mil-millones-para-combatir-la-deforestacion-en-el-amazonas\/\">https:\/\/www.elespectador.com\/noticias\/medio-ambiente\/noruega-aportara-46-mil-millones-para-combatir-la-deforestacion-en-el-amazonas\/<\/a><\/p>\n","protected":false},"excerpt":{"rendered":"<p>El Espectador 3 de diciembre de 2020 &nbsp; Este es un a\u00f1o clave en la lucha contra las consecuencias contra el cambio clim\u00e1tico, principalmente porque se cumplen cinco a\u00f1os de la firma del Acuerdo de Par\u00eds y cada uno de los pa\u00edses participes del tratado, entre ellos Colombia, deben mostrar sus avances. Por eso, recientemente&hellip;<\/p>\n","protected":false},"author":324,"featured_media":20657,"comment_status":"open","ping_status":"open","sticky":false,"template":"","format":"standard","meta":{"_acf_changed":false,"footnotes":""},"categories":[2],"tags":[],"class_list":["post-20656","post","type-post","status-publish","format-standard","has-post-thumbnail","hentry","category-radar","category-2","description-off"],"acf":[],"_links":{"self":[{"href":"https:\/\/www.raisg.org\/es\/wp-json\/wp\/v2\/posts\/20656","targetHints":{"allow":["GET"]}}],"collection":[{"href":"https:\/\/www.raisg.org\/es\/wp-json\/wp\/v2\/posts"}],"about":[{"href":"https:\/\/www.raisg.org\/es\/wp-json\/wp\/v2\/types\/post"}],"author":[{"embeddable":true,"href":"https:\/\/www.raisg.org\/es\/wp-json\/wp\/v2\/users\/324"}],"replies":[{"embeddable":true,"href":"https:\/\/www.raisg.org\/es\/wp-json\/wp\/v2\/comments?post=20656"}],"version-history":[{"count":1,"href":"https:\/\/www.raisg.org\/es\/wp-json\/wp\/v2\/posts\/20656\/revisions"}],"predecessor-version":[{"id":20660,"href":"https:\/\/www.raisg.org\/es\/wp-json\/wp\/v2\/posts\/20656\/revisions\/20660"}],"wp:featuredmedia":[{"embeddable":true,"href":"https:\/\/www.raisg.org\/es\/wp-json\/wp\/v2\/media\/20657"}],"wp:attachment":[{"href":"https:\/\/www.raisg.org\/es\/wp-json\/wp\/v2\/media?parent=20656"}],"wp:term":[{"taxonomy":"category","embeddable":true,"href":"https:\/\/www.raisg.org\/es\/wp-json\/wp\/v2\/categories?post=20656"},{"taxonomy":"post_tag","embeddable":true,"href":"https:\/\/www.raisg.org\/es\/wp-json\/wp\/v2\/tags?post=20656"}],"curies":[{"name":"wp","href":"https:\/\/api.w.org\/{rel}","templated":true}]}}