{"id":21041,"date":"2020-12-28T17:31:27","date_gmt":"2020-12-28T20:31:27","guid":{"rendered":"https:\/\/www.amazoniasocioambiental.org\/?p=21041"},"modified":"2021-01-11T17:35:51","modified_gmt":"2021-01-11T20:35:51","slug":"peru-covid-19-cerca-de-25-mil-indigenas-de-la-amazonia-han-sido-contagiados-entre-marzo-y-noviembre","status":"publish","type":"post","link":"https:\/\/www.raisg.org\/es\/radar\/peru-covid-19-cerca-de-25-mil-indigenas-de-la-amazonia-han-sido-contagiados-entre-marzo-y-noviembre\/","title":{"rendered":"Per\u00fa: COVID-19: Cerca de 25 mil ind\u00edgenas de la Amazon\u00eda han sido contagiados entre marzo y noviembre"},"content":{"rendered":"<p style=\"text-align: right;\">Convoca<\/p>\n<p style=\"text-align: right;\">28 de diciembre de 2020<\/p>\n<p>&nbsp;<\/p>\n<p>Un total de 24,911 ciudadanos ind\u00edgenas de 42 etnias amaz\u00f3nicas han sido reportados como contagiados con el\u00a0<a href=\"https:\/\/convoca.pe\/tags\/covid-19\"><strong>COVID-19<\/strong><\/a>\u00a0en diez regiones de la selva peruana y en cinco ciudades costeras, seg\u00fan datos oficiales del\u00a0<strong>Sistema Integrado del Ministerio de Salud (Minsa),<\/strong>\u00a0hasta el 23 de noviembre, a los que accedi\u00f3 el portal\u00a0<strong><a href=\"https:\/\/convoca.pe\/agenda-propia\/convoca.pe\">Convoca.pe<\/a>.<\/strong><\/p>\n<p>Seg\u00fan informaci\u00f3n del Minsa,\u00a0<strong>Loreto<\/strong>\u00a0es la regi\u00f3n que registra una mayor poblaci\u00f3n ind\u00edgena contagiada por\u00a0<strong>COVID-19<\/strong>\u00a0con m\u00e1s de 11 mil casos reportados, el 44 por ciento del total de infectados en comunidades nativas, seguida\u00a0por\u00a0<strong>Amazonas,<\/strong>\u00a0con 6559 casos (26%), y\u00a0<strong>Ucayali,<\/strong>\u00a0que acumula 4411 ind\u00edgenas que fueron contagiados (17.7%).<\/p>\n<p>Estas cifras adquieren especial relevancia cuando se observa la cantidad de casos reportados ent cada comunidad ind\u00edgena, grupos humanos que, en muchos casos, no se encuentran en una sola regi\u00f3n, sino que habitan en poblados a lo largo de la\u00a0<strong>Amazon\u00eda<\/strong>. Tal es el caso de los pueblos\u00a0<strong>awaj\u00fan,<\/strong>\u00a0que habitan en las regiones de\u00a0<strong>Amazonas, Loreto, Cajamarca y San Mart\u00edn<\/strong>. Esas comunidades concentran\u00a0<strong>7399 contagiados<\/strong>, casi el\u00a0<strong>30% del total<\/strong>\u00a0de casos registrados por las autoridades sanitarias.<\/p>\n<p>&nbsp;<\/p>\n<h3 class=\"text-align-center\">Conoce en qu\u00e9 localidades se han registrado los casos de COVID-19 en miembros de comunidades nativas amaz\u00f3nicas<\/h3>\n<p class=\"text-align-center\"><iframe src=\"https:\/\/www.google.com\/maps\/d\/embed?mid=1YgY7Rc8zicyKJh6HvFB2ClCtKZDUoKC3\" width=\"640\" height=\"480\" data-mce-fragment=\"1\"><\/iframe><\/p>\n<h5 class=\"text-align-center\">Fuente: Sistema\u00a0Integrado del Ministerio de Salud, al 23 de noviembre de 2020.<\/h5>\n<p>&nbsp;<\/p>\n<p>En el\u00a0<strong>pueblo awaj\u00fan,<\/strong>\u00a0la mayor cantidad de casos se concentra en las comunidades de\u00a0<strong>Nieva,<\/strong>\u00a0en la provincia de Condorcanqui, con 2534 casos, y en\u00a0<strong>Imaza,<\/strong>\u00a0en la provincia de Bagua, con 2172. Ambas provincias se encuentran en la regi\u00f3n Amazonas. Otros 899 casos se reportaron en la comunidad de\u00a0<strong>Alto Cenepa,<\/strong>\u00a0tambi\u00e9n en Condorcanqui, y 460 en el distrito de\u00a0<strong>Manseriche,<\/strong>\u00a0en la provincia loretana de Datem del Mara\u00f1\u00f3n.<\/p>\n<p>Respecto a los\u00a0<strong>kichwa esta es la segunda comunidad<\/strong>\u00a0que registra el mayor n\u00famero de casos COVID-19, con 6122 contagiados, el 24.5 por ciento del total de pobladores ind\u00edgenas que contrajeron la enfermedad. No obstante, los kichwa registran 2743 contagiados solo en la comunidad ubicada en el distrito de Napo, en la provincia de Maynas, en Loreto. Este \u00faltimo es el poblado nativo\u00a0<strong>que registra m\u00e1s casos<\/strong>\u00a0entre todas las comunidades amaz\u00f3nicas.<\/p>\n<p>Los kichwa -que habitan entre\u00a0<strong>Loreto y San Mart\u00edn<\/strong>&#8211;\u00a0han registrado cientos de casos en los distritos loretanos de Andoas (967), Torres Causana (638) y Tigre (519), as\u00ed como en las comunidades de San Jos\u00e9 de Sisa y Santa Rosa, en San Mart\u00edn, que registraron 428 y 234 casos, respectivamente.<\/p>\n<p>Respecto a la comunidad\u00a0<strong>shipibo-conibo,<\/strong>\u00a0que habita fundamentalmente en la regi\u00f3n\u00a0<strong>Ucayali<\/strong>, al 23 de noviembre, esa etnia registr\u00f3 1870 casos, seg\u00fan los datos oficiales. Solo en la provincia de Coronel Portillo se concentra el 78% de los contagios reportados por las autoridades sanitarias.<\/p>\n<p>En dicha provincia, los casos se cuentan por cientos en los distritos de Caller\u00eda, con 369 casos;\u00a0Iparia, con 363;\u00a0Masisea, que registr\u00f3 358 confirmados; y Yarinacocha, con 252 casos.<\/p>\n<p>&nbsp;<\/p>\n<p><strong>Incluyeron la variable \u00e9tnica<\/strong><\/p>\n<p>En junio \u00faltimo,\u00a0<a href=\"https:\/\/convoca.pe\/agenda-propia\/convoca.pe\"><strong>Convoca.pe<\/strong><\/a>\u00a0public\u00f3 un informe que revel\u00f3 que tres regiones de la Amazon\u00eda\u00a0<a href=\"https:\/\/convoca.pe\/agenda-propia\/covid-19-tres-regiones-no-consideran-el-origen-etnico-de-los-casos-confirmados-en-la\">no consideraban el origen \u00e9tnico<\/a>\u00a0de los pobladores contagiados por\u00a0<strong>COVID-19<\/strong>\u00a0en sus reportes, pese a la situaci\u00f3n de la vulnerabilidad en la que se encontraban estas comunidades, ante el avance de la pandemia en los primeros meses de la declaratoria de emergencia sanitaria.<\/p>\n<p>Estas regiones eran\u00a0<strong>San Mart\u00edn, Pasco y Hu\u00e1nuco<\/strong>, donde sus establecimientos sanitarios administrados por las Direcciones Regionales de Salud no preguntaban a los habitantes si integraban\u00a0<strong>alguna etnia o pueblo ind\u00edgena originario.<\/strong><\/p>\n<p>En el registro actualizado al que accedi\u00f3 este portal period\u00edstico, esta situaci\u00f3n de ausencia de informaci\u00f3n fue superada, ya que entre los 25 mil casos\u00a0<strong>se registran 1670 que han sido\u00a0confirmados<\/strong>\u00a0en las regiones de San Mart\u00edn, Pasco y Hu\u00e1nuco.<\/p>\n<p>&nbsp;<\/p>\n<p><img decoding=\"async\" src=\"https:\/\/convoca.pe\/sites\/default\/files\/inline-images\/indig.jpg\" alt=\"Poblaciones ind\u00edgenas\" data-align=\"center\" data-entity-type=\"file\" data-entity-uuid=\"28565fb2-fc7b-436a-bb57-b37da95543ae\" \/><\/p>\n<h5 class=\"text-align-center\">Luego de la revelaci\u00f3n de Convoca.pe, las autoridades sanitarias regionales empezaron a considerar la variable \u00e9tnica en los reportes de COVID-19. Foto: Difusi\u00f3n.<\/h5>\n<p>Solo\u00a0<strong>San Mart\u00edn<\/strong>\u00a0registr\u00f3 1115 casos. Los afectados son principalmente pobladores de la etnia kichwa y Awaj\u00fan. En la comunidad kichwa de San Jos\u00e9 de Sisa, se registraron 428 contagiados, mientras que 234 casos se reportaron en el distrito de Santa Rosa.<\/p>\n<p>En\u00a0<strong>Pasco<\/strong>, se registraron 364 casos en las comunidades shipibo-konibo de Honoria (42), Yanesha en Yayapichis (40), ash\u00e1ninka en Puerto Inca y la etnia lakaitaibo, en el distrito de Codo de Pozuso (31), todas en la provincia de Puerto Inca.<\/p>\n<p>La inclusi\u00f3n de esta variable \u00e9tnica fue confirmada por\u00a0<strong>Romina Rivera<\/strong>, coordinadora para temas de la Amazon\u00eda del\u00a0<strong>Movimiento Ciudadano frente al Cambio Clim\u00e1tico (Mocicc)<\/strong>, quien a\u00f1adi\u00f3 que el Estado, a nivel central y regional, demor\u00f3 meses en incluir la variable \u00e9tnica en los registros de casos COVID-19, lo que caus\u00f3 incertidumbre entre\u00a0las comunidades ind\u00edgenas, al no tener datos certeros sobre los contagios en las comunidades.<\/p>\n<p>Rivera a\u00f1adi\u00f3 que la mayor cantidad de casos de\u00a0<strong>COVID-19<\/strong>\u00a0en las comunidades de las etnias Awaj\u00fan, Kichwa, Ashaninka, entre otras, se explica por el importante n\u00famero de poblaci\u00f3n ind\u00edgena que habita\u00a0en Loreto, Ucayali y Amazonas. Otras etnias\u00a0que, seg\u00fan el\u00a0<strong>Censo de Comunidades Nativas del 2017<\/strong>\u00a0tienen solo dos comunidades, registran pocos casos, como las comunidades Nahua en Ucayali, con 21 contagiados;\u00a0Arabela, que tiene seis contagiados;\u00a0y Ocaina, con dos casos que se encuentran en Loreto.<\/p>\n<p>&nbsp;<\/p>\n<p><strong>No solo enfrentan al COVID-19<\/strong><\/p>\n<p><a href=\"https:\/\/convoca.pe\/agenda-propia\/convoca.pe\"><strong>Convoca.pe<\/strong><\/a>\u00a0ha reportado que las comunidades amaz\u00f3nicas no s\u00f3olamente enfrentan al\u00a0<strong>COVID-19<\/strong>\u00a0sino tambi\u00e9n a otras enfermedades relacionadas con\u00a0la\u00a0<strong>actividad extractiva,<\/strong>\u00a0como\u00a0la comunidad awaj\u00fan de Nazareth,\u00a0en el distrito de Imaza, en la regi\u00f3n Amazonas, que fue uno de las decenas de poblados\u00a0afectados por el derrame de petr\u00f3leo en el r\u00edo Chiriaco.<\/p>\n<p>En enero de 2016, estas comunidades fueron afectadas por el derrame de aproximadamente 3 mil barriles de petr\u00f3leo, debido a la corrosi\u00f3n del\u00a0<strong>Oleoducto Norperuano (ONP)<\/strong>\u00a0que administra la empresas estatal\u00a0<strong>Petroper\u00fa<\/strong>, en el tramo que cruza el distrito de Imaza, en la provincia de Bagua.<\/p>\n<p>El crudo lleg\u00f3 a una quebrada que desemboca en el r\u00edo Chiriaco, donde fue contenido por el personal de la petrolera estatal. Sin embargo, las fuertes lluvias en la zona provocaron que las barreras y trampas colapsaran, por lo que, el 9 de febrero del 2016, el crudo lleg\u00f3 al r\u00edo afectando a las comunidades nativas que habitaban r\u00edo abajo, entre ellas Nazareth.<\/p>\n<p>&nbsp;<\/p>\n<p><img decoding=\"async\" src=\"https:\/\/convoca.pe\/sites\/default\/files\/inline-images\/Foto1.%20El%20COVID-19%20lleg%C3%B3%20a%20las%20comunidades%20ind%C3%ADgenas%20como%20Umukay%20y%20Nazareth.%20Foto_%20Red%20de%20Salud%20de%20Bagua_0.jpg\" alt=\"Nazareth Bagua\" data-align=\"center\" data-entity-type=\"file\" data-entity-uuid=\"4930cf64-e4de-4c6a-aea1-9596f70d2737\" \/><\/p>\n<h5 class=\"text-align-center\">La Red de Salud de Bagua aplica los test de COVID-19 en las comunidades de la regi\u00f3n Amazonas. Foto: Red de Salud de Bagua<\/h5>\n<p>Para la limpieza del derrame, la estatal ofreci\u00f3 a los pobladores de Nazareth que participaran en las labores de limpieza del crudo, a cambio del pago de propinas. A esos trabajos acudieron decenas de adultos y menores, que hicieron la limpieza con art\u00edculos rudimentarios como baldes de pl\u00e1stico y sin contar con\u00a0equipos de seguridad, para resguardarse del crudo de petr\u00f3leo que retiraban. Fueron\u00a0<strong>242 personas expuestas<\/strong>\u00a0sin protecci\u00f3n al crudo, seg\u00fan la\u00a0<strong>Direcci\u00f3n de Salud de Amazonas<\/strong>.<\/p>\n<p>Como revela la investigaci\u00f3n de\u00a0<strong>Convoca.pe<\/strong>\u00a0<a href=\"https:\/\/convoca.pe\/expedientetoxico\/nazareth\/\"><strong>&#8216;Nazareth, olvidada dos veces&#8217;<\/strong><\/a>, solo en esa comunidad awaj\u00fan los j\u00f3venes que participaron de las labores de limpieza presentan los s\u00edntomas vinculados con\u00a0la exposici\u00f3n al crudo de petr\u00f3leo, como dolor de cabeza y dermatitis. Si ellos necesitan atenci\u00f3n m\u00e9dica, deben acudir a la ciudad de Bagua, a casi dos horas en auto desde Nazareth, ya que\u00a0esa comunidad solo tiene un puesto de salud de atenci\u00f3n primaria, donde\u00a0los medicamentos son escasos.<\/p>\n<p>La especialista del\u00a0<strong>Moccic,\u00a0Romina Rivera<\/strong>, indic\u00f3 que, adem\u00e1s de las enfermedades relacionadas con derrames en zonas petroleras, las comunidades ind\u00edgenas tambi\u00e9n se enfrentan a otros males, como el dengue o chikungunya, y que, para la atenci\u00f3n m\u00e9dica,\u00a0<strong>solo el 48,5% cuenta con alg\u00fan establecimiento de salud<\/strong>, casi en su totalidad postas de salud, seg\u00fan el Censo de Comunidades Nativas del 2017.<\/p>\n<p>&nbsp;<\/p>\n<p>&nbsp;<\/p>\n<p>Tomado de: <a href=\"https:\/\/convoca.pe\/agenda-propia\/covid-19-cerca-de-25-mil-indigenas-de-la-amazonia-han-sido-contagiados-entre-marzo-y\">https:\/\/convoca.pe\/agenda-propia\/covid-19-cerca-de-25-mil-indigenas-de-la-amazonia-han-sido-contagiados-entre-marzo-y<\/a><\/p>\n","protected":false},"excerpt":{"rendered":"<p>Convoca 28 de diciembre de 2020 &nbsp; Un total de 24,911 ciudadanos ind\u00edgenas de 42 etnias amaz\u00f3nicas han sido reportados como contagiados con el\u00a0COVID-19\u00a0en diez regiones de la selva peruana y en cinco ciudades costeras, seg\u00fan datos oficiales del\u00a0Sistema Integrado del Ministerio de Salud (Minsa),\u00a0hasta el 23 de noviembre, a los que accedi\u00f3 el portal\u00a0Convoca.pe.&hellip;<\/p>\n","protected":false},"author":324,"featured_media":21042,"comment_status":"open","ping_status":"open","sticky":false,"template":"","format":"standard","meta":{"_acf_changed":false,"footnotes":""},"categories":[2],"tags":[],"class_list":["post-21041","post","type-post","status-publish","format-standard","has-post-thumbnail","hentry","category-radar","category-2","description-off"],"acf":[],"_links":{"self":[{"href":"https:\/\/www.raisg.org\/es\/wp-json\/wp\/v2\/posts\/21041","targetHints":{"allow":["GET"]}}],"collection":[{"href":"https:\/\/www.raisg.org\/es\/wp-json\/wp\/v2\/posts"}],"about":[{"href":"https:\/\/www.raisg.org\/es\/wp-json\/wp\/v2\/types\/post"}],"author":[{"embeddable":true,"href":"https:\/\/www.raisg.org\/es\/wp-json\/wp\/v2\/users\/324"}],"replies":[{"embeddable":true,"href":"https:\/\/www.raisg.org\/es\/wp-json\/wp\/v2\/comments?post=21041"}],"version-history":[{"count":1,"href":"https:\/\/www.raisg.org\/es\/wp-json\/wp\/v2\/posts\/21041\/revisions"}],"predecessor-version":[{"id":21045,"href":"https:\/\/www.raisg.org\/es\/wp-json\/wp\/v2\/posts\/21041\/revisions\/21045"}],"wp:featuredmedia":[{"embeddable":true,"href":"https:\/\/www.raisg.org\/es\/wp-json\/wp\/v2\/media\/21042"}],"wp:attachment":[{"href":"https:\/\/www.raisg.org\/es\/wp-json\/wp\/v2\/media?parent=21041"}],"wp:term":[{"taxonomy":"category","embeddable":true,"href":"https:\/\/www.raisg.org\/es\/wp-json\/wp\/v2\/categories?post=21041"},{"taxonomy":"post_tag","embeddable":true,"href":"https:\/\/www.raisg.org\/es\/wp-json\/wp\/v2\/tags?post=21041"}],"curies":[{"name":"wp","href":"https:\/\/api.w.org\/{rel}","templated":true}]}}