{"id":21910,"date":"2021-01-28T14:12:56","date_gmt":"2021-01-28T17:12:56","guid":{"rendered":"https:\/\/www.amazoniasocioambiental.org\/?p=21910"},"modified":"2021-02-08T14:33:41","modified_gmt":"2021-02-08T17:33:41","slug":"operacion-policial-contra-la-mineria-ilegal-en-tierra-yanomami-de-brasil","status":"publish","type":"post","link":"https:\/\/www.raisg.org\/es\/radar\/operacion-policial-contra-la-mineria-ilegal-en-tierra-yanomami-de-brasil\/","title":{"rendered":"Operaci\u00f3n policial contra la miner\u00eda ilegal en tierra yanomami de Brasil"},"content":{"rendered":"<p style=\"text-align: right;\">El Carabobe\u00f1o<\/p>\n<p style=\"text-align: right;\">29 de enero de 2021<\/p>\n<p>&nbsp;<\/p>\n<p>Una operaci\u00f3n contra la miner\u00eda ilegal en tierra yanomami identific\u00f3\u00a0<strong>al menos 20 pistas de aterrizaje clandestinas<\/strong>, indic\u00f3 el viernes la Polic\u00eda Federal de Brasil, se\u00f1alando que los \u2018garimpeiros\u2019 de esa regi\u00f3n amaz\u00f3nica exponen a miles de ind\u00edgenas al nuevo coronavirus.<\/p>\n<p>Los agentes cumplieron diez \u00f3rdenes de allanamientos, precis\u00f3 la PF en un comunicado, sin precisar si hubo detenidos.<\/p>\n<div class=\"td-a-rec td-a-rec-id-content_inlineleft  td_uid_72_60217104a9d50_rand td_block_template_1\"><\/div>\n<p>La operaci\u00f3n se decidi\u00f3 en base a observaciones satelitales y a material incautado por el Ej\u00e9rcito, que permiti\u00f3 identificar \u201cla acci\u00f3n de pilotos de aeronaves y helic\u00f3pteros que ser\u00edan responsables del transporte de personas y suministros para facilitar la extracci\u00f3n ilegal de minerales\u201d.<\/p>\n<p>La investigaci\u00f3n detect\u00f3 \u201cal menos 20 pistas de aterrizaje clandestinas dentro de la Tierra Ind\u00edgena Yanomami\u201d, situada entre los estados de Amazonas y Roraima (norte), en la frontera con\u00a0<strong class=\"highlight\">Venezuela<\/strong>.<\/p>\n<p>Seg\u00fan la PF, la expansi\u00f3n de la miner\u00eda ilegal \u201cpudo contribuir a la degradaci\u00f3n ambiental de casi 6.000 hect\u00e1reas entre 2018 y 2020 en la reserva\u201d, la mayor de Brasil, con 96.000 km\u00b2 y unos 27.000 habitantes ind\u00edgenas.<\/p>\n<p>La PF \u201cestima que hay cerca de 20.000 \u2018garimpeiros\u2019 activos en la zona, gracias a la log\u00edstica a\u00e9rea ilegal\u201d. Esa cifra fue evocada en junio del a\u00f1o pasado por oeneg\u00e9s ambientalistas, aunque el gobierno del presidente ultraderechista Jair Bolsonaro afirmaba que los \u2018garimpeiros\u2019 no pasaban de 3.500.<\/p>\n<p>El comunicado policial advierte que la presencia de mineros ilegales en la zona podr\u00eda provocar \u201cla infecci\u00f3n y muerte de miles de ind\u00edgenas en el actual momento, a causa del coronavirus\u201d.<\/p>\n<p>El jueves, organismos ind\u00edgenas yanomami denunciaron el fallecimiento de nueve ni\u00f1os con s\u00edntomas de coronavirus en las comunidades de Kataroa y Waphuta, donde habr\u00eda \u201cotros 25 ni\u00f1os con los mismos s\u00edntomas y en estado grave\u201d.<\/p>\n<p>El Ministerio de Salud indic\u00f3 que estaba corroborando \u201cla veracidad\u201d de esas informaciones.<\/p>\n<p>Al menos 24 yanomami fallecieron por covid, de un total de 941 ind\u00edgenas muertos por el virus en todo Brasil, seg\u00fan el m\u00e1s reciente reporte de la Articulaci\u00f3n de Pueblos Ind\u00edgenas de Brasil (Apib).<\/p>\n<p>Bolsonaro est\u00e1 sometido a una fuerte presi\u00f3n nacional e internacional a causa de su pol\u00edtica ambiental, favorable a la expansi\u00f3n de la miner\u00eda y las actividades agropecuarias en la selva tropical.<\/p>\n<p>Brasil registra m\u00e1s de 221.000 muertes por coronavirus, un balance superado solo por Estados Unidos. Entre los 27 estados del pa\u00eds, Amazonas es el m\u00e1s afectado en t\u00e9rminos relativos, con 185 decesos por 100.000 habitantes, casi el doble del promedio nacional (105\/100.00 habitantes).<\/p>\n<p>&nbsp;<\/p>\n<p>Tomado de: <a href=\"https:\/\/www.el-carabobeno.com\/operacion-policial-contra-la-mineria-ilegal-en-tierra-yanomami-de-brasil\/\">https:\/\/www.el-carabobeno.com\/operacion-policial-contra-la-mineria-ilegal-en-tierra-yanomami-de-brasil\/<\/a><\/p>\n","protected":false},"excerpt":{"rendered":"<p>El Carabobe\u00f1o 29 de enero de 2021 &nbsp; Una operaci\u00f3n contra la miner\u00eda ilegal en tierra yanomami identific\u00f3\u00a0al menos 20 pistas de aterrizaje clandestinas, indic\u00f3 el viernes la Polic\u00eda Federal de Brasil, se\u00f1alando que los \u2018garimpeiros\u2019 de esa regi\u00f3n amaz\u00f3nica exponen a miles de ind\u00edgenas al nuevo coronavirus. Los agentes cumplieron diez \u00f3rdenes de allanamientos,&hellip;<\/p>\n","protected":false},"author":324,"featured_media":21911,"comment_status":"open","ping_status":"open","sticky":false,"template":"","format":"standard","meta":{"_acf_changed":false,"footnotes":""},"categories":[1],"tags":[],"class_list":["post-21910","post","type-post","status-publish","format-standard","has-post-thumbnail","hentry","category-radar","category-1","description-off"],"acf":[],"_links":{"self":[{"href":"https:\/\/www.raisg.org\/es\/wp-json\/wp\/v2\/posts\/21910","targetHints":{"allow":["GET"]}}],"collection":[{"href":"https:\/\/www.raisg.org\/es\/wp-json\/wp\/v2\/posts"}],"about":[{"href":"https:\/\/www.raisg.org\/es\/wp-json\/wp\/v2\/types\/post"}],"author":[{"embeddable":true,"href":"https:\/\/www.raisg.org\/es\/wp-json\/wp\/v2\/users\/324"}],"replies":[{"embeddable":true,"href":"https:\/\/www.raisg.org\/es\/wp-json\/wp\/v2\/comments?post=21910"}],"version-history":[{"count":1,"href":"https:\/\/www.raisg.org\/es\/wp-json\/wp\/v2\/posts\/21910\/revisions"}],"predecessor-version":[{"id":21914,"href":"https:\/\/www.raisg.org\/es\/wp-json\/wp\/v2\/posts\/21910\/revisions\/21914"}],"wp:featuredmedia":[{"embeddable":true,"href":"https:\/\/www.raisg.org\/es\/wp-json\/wp\/v2\/media\/21911"}],"wp:attachment":[{"href":"https:\/\/www.raisg.org\/es\/wp-json\/wp\/v2\/media?parent=21910"}],"wp:term":[{"taxonomy":"category","embeddable":true,"href":"https:\/\/www.raisg.org\/es\/wp-json\/wp\/v2\/categories?post=21910"},{"taxonomy":"post_tag","embeddable":true,"href":"https:\/\/www.raisg.org\/es\/wp-json\/wp\/v2\/tags?post=21910"}],"curies":[{"name":"wp","href":"https:\/\/api.w.org\/{rel}","templated":true}]}}